{"id":655349,"date":"2024-09-15T14:34:42","date_gmt":"2024-09-15T12:34:42","guid":{"rendered":"https:\/\/dailynewshungary.com\/cn\/%e7%85%a7%e7%89%87%e5%b8%83%e8%be%be%e4%bd%a9%e6%96%af%e5%87%86%e5%a4%87%e8%bf%8e%e6%8e%a5%e5%bc%ba%e9%a3%8e%e6%9a%b4%e8%a2%ad%e5%87%bb%e8%af%a5%e5%9c%b0%e5%8c%ba%e7%9a%84%e6%b4%aa%e6%b0%b4\/"},"modified":"2024-09-15T14:34:42","modified_gmt":"2024-09-15T12:34:42","slug":"%e7%85%a7%e7%89%87%e5%b8%83%e8%be%be%e4%bd%a9%e6%96%af%e5%87%86%e5%a4%87%e8%bf%8e%e6%8e%a5%e5%bc%ba%e9%a3%8e%e6%9a%b4%e8%a2%ad%e5%87%bb%e8%af%a5%e5%9c%b0%e5%8c%ba%e7%9a%84%e6%b4%aa%e6%b0%b4","status":"publish","type":"post","link":"https:\/\/dailynewshungary.com\/cn\/%e7%85%a7%e7%89%87%e5%b8%83%e8%be%be%e4%bd%a9%e6%96%af%e5%87%86%e5%a4%87%e8%bf%8e%e6%8e%a5%e5%bc%ba%e9%a3%8e%e6%9a%b4%e8%a2%ad%e5%87%bb%e8%af%a5%e5%9c%b0%e5%8c%ba%e7%9a%84%e6%b4%aa%e6%b0%b4\/","title":{"rendered":"\u7167\u7247:\u5e03\u8fbe\u4f69\u65af\u51c6\u5907\u8fce\u63a5\u5f3a\u98ce\u66b4\u88ad\u51fb\u8be5\u5730\u533a\u7684\u6d2a\u6c34"},"content":{"rendered":"<p><strong>Budapest\u6b63\u5728\u51c6\u5907\u5927\u5e45\u6d2a\u6c34\u6fc0\u589e,\u9884\u8ba1\u591a\u7459\u6cb3\u6c34\u4f4d\u5728\u672a\u6765\u51e0\u5929\u5c06\u6025\u5267\u4e0a\u5347,\u6839\u636e\u56fd\u5bb6\u6c34\u8d44\u6e90\u9884\u62a5\u5c40(Orszagos V\u00edzjelzome Szolg\u00e1lat)\u7684\u6570\u636e,\u4ece\u5468\u4e00\u5f00\u59cb,\u6cb3\u6d41\u7684\u6c34\u4f4d\u6bcf\u5929\u5927\u7ea6\u4f1a\u589e\u52a0\u4e00\u7c73,\u5230\u5468\u4e2d\u8d85\u8fc7800\u5398\u7c73,\u76ee\u524d\u7684\u6570\u636e\u663e\u793a\u6cb3\u6d41\u7684\u6c34\u4f4d\u4e3a250\u5398\u7c73,\u9884\u8ba1\u5c06\u9ad8\u8fbe850\u5398\u7c73,\u6709\u53ef\u80fd\u5f15\u53d1\u4e09\u7ea7\u6d2a\u6c34\u8b66\u62a5,\u4f5c\u4e3a\u6bd4\u8f83,\u6709\u8bb0\u5f55\u4ee5\u6765\u7684\u6700\u9ad8\u6c34\u4f4d\u4e3a891\u5398\u7c73\u3002<\/strong><\/p>\n<h2>\u5e03\u8fbe\u4f69\u65af\u5c06\u56e0\u6d2a\u6c34\u5c40\u52bf\u800c\u53d7\u5230\u9650\u5236<\/h2>\n<p>\u9274\u4e8e\u8fd9\u4e9b\u9884\u6d4b,\u5f53\u5c40\u6b63\u5728\u8003\u8651\u5bf9\u884c\u4eba\u548c\u8f66\u8f86\u4ea4\u901a\u5173\u95ed Margitsziget(\u739b\u683c\u4e3d\u7279\u5c9b), <strong><a href=\"https:\/\/www.portfolio.hu\/gazdasag\/20240914\/igy-erkezik-meg-a-kiugro-arhullam-budapestre-709855\" target=\"_blank\" rel=\"noopener\">\u6295\u8d44\u7ec4\u5408\u62a5\u544a<\/a><\/strong>\u3002\u5bb3\u866b\u4e00\u4fa7\u7684\u4e0b\u5824\u53ef\u80fd\u4f1a\u57289\u670817\u65e5\u4e4b\u524d\u88ab\u6df9\u6ca1,\u800c\u5305\u62ec\u5e03\u8fbe\u4e00\u4fa7\u5728\u5185\u7684\u5176\u4ed6\u8def\u6bb5\u5c06\u4ece9\u670816\u65e5\u665a\u4e0a8\u70b9\u8d77\u5173\u95ed\u3002<\/p>\n<p>\u8fd9\u4e00\u6fc0\u589e\u662f\u5728\u5965\u5730\u5229\u548c\u4e2d\u6b27\u90e8\u5206\u5730\u533a\u8fde\u7eed\u6570\u5929\u7684\u6076\u52a3\u5929\u6c14\u4e4b\u540e\u51fa\u73b0\u7684\u3002\u5f3a\u964d\u96e8\u9020\u6210\u4e86\u4e25\u91cd\u7684\u6d2a\u6c34,\u7279\u522b\u662f\u5728\u4e0b\u5965\u5730\u5229\u5dde\u548c\u5e03\u5c14\u6839\u5170\u5dde\u3002\u98ce\u66b4\u73b0\u5df2\u5230\u8fbe\u5308\u7259\u5229\u897f\u90e8,\u4fc3\u4f7f\u5308\u7259\u5229\u6c14\u8c61\u5c40(HungaroMet)\u53d1\u5e03\u5468\u65e5\u6a59\u8272\u8b66\u62a5,\u8b66\u544a\u90e8\u5206\u5730\u533a\u9635\u98ce\u8fbe\u5230110\u516c\u91cc\/\u5c0f\u65f6,Portfolio\u5728\u4e2d\u5199\u9053 <strong><a href=\"https:\/\/www.portfolio.hu\/gazdasag\/20240915\/brutalis-karokat-okoz-a-magyarorszagot-is-elero-vihar-709885\" target=\"_blank\" rel=\"noopener\">\u53e6\u4e00\u7bc7\u6587\u7ae0<\/a><\/strong>.<\/p>\n<h2>\u5965\u5730\u5229\u53d1\u751f\u6d2a\u6c34<\/h2>\n<p>\u5170(Lainsitz)\u6cb3\u5728\u5965\u5730\u5229\u5883\u5185\u6cdb\u6ee5,\u6df9\u6ca1\u4e86\u963f\u59c6\u65bd\u6cf0\u6ed5\u548c\u5723\u74e6\u4f26\u4e01\u4e4b\u95f4\u7684\u9053\u8def,\u5e76\u6270\u4e71\u4e86\u706b\u8f66\u670d\u52a1,\u7ef4\u4e5f\u7eb3\u4e5f\u9762\u4e34\u6311\u6218,\u5730\u94c1\u7ebf\u8def\u56e0\u8fdb\u6c34\u96a7\u9053\u800c\u90e8\u5206\u5173\u95ed,\u7d27\u6025\u758f\u6563\u6b63\u5728\u8fdb\u884c\u4e2d,\u5965\u5730\u5229\u519b\u961f\u5df2\u90e8\u7f72\u534f\u52a9, <strong><a href=\"https:\/\/www.diepresse.com\/18860791\/unwetter-wienfluss-steigt-weiter-westautobahn-in-wien-gesperrt?ref=home_aufmacher\" target=\"_blank\" rel=\"noopener\">\u6b7b\u4ea1\u65b0\u95fb\u62a5\u9053<\/a><\/strong>.<\/p>\n<blockquote class=\"twitter-tweet\">\n<p dir=\"ltr\" lang=\"de\">Es ist soweit:Erste Fl\u00fcsse in Niederrosterreich \u00fcberschreiten nun die 30-j\u00e4hrliche Hochwassermarke up etwa die Lainsitz im Waldviertel\u3002<br \/>\nUnd die kommenden 48 Stunden bringen gerade im Osten noch einmal extreme Niederschlagsmengen\u3002<br \/>\n(\u5f7c\u5c14\u5fb7:\u9b4f\u7279\u62c9\u57ce\u5e02) <a href=\"https:\/\/t.co\/ZfekYSLqPt\" target=\"_blank\">pic.twitter.com\/zfekyslqpt<\/a><\/p>\n<p>\u2014wetterblog.at (@wetterblogAT) <a href=\"https:\/\/twitter.com\/wetterblogAT\/status\/1834944831551914375?ref_src=twsrc%5Etfw\" target=\"_blank\" rel=\"noopener\">2024 \u5e74 9 \u6708 14 \u65e5<\/a><\/p>\n<\/blockquote>\n<p><script async=\"\" src=\"https:\/\/platform.twitter.com\/widgets.js\" charset=\"utf-8\"><\/script><\/p>\n<p>\u5c3d\u7ba1\u9884\u6d4b\u672a\u6765\u51e0\u5929\u964d\u96e8\u91cf\u5c06\u51cf\u5c11,\u4f46\u5f3a\u98ce\u7ee7\u7eed\u963b\u788d\u5965\u5730\u5229\u7684\u6062\u590d\u5de5\u4f5c\u3002\u4e00\u4e9b\u5730\u533a\u7684\u98ce\u901f\u5df2\u8fbe\u5230 121 \u516c\u91cc\/\u5c0f\u65f6,\u7279\u522b\u662f\u5728\u62c9\u514b\u65af\u5c71\u7ad9\u7b49\u6d77\u62d4\u8f83\u9ad8\u7684\u5730\u533a\u3002<\/p>\n<h2>\u6377\u514b\u7684\u60c5\u51b5<\/h2>\n<div id=\"gallery-2\" class=\"gallery galleryid-610725 gallery-columns-2 gallery-size-large\">\n<figure class=\"gallery-item\">\n<div class=\"gallery-icon landscape\">\n\t\t\t\t<a href=\"https:\/\/contentf5.dailynewshungary.com\/wp-content\/uploads\/2024\/09\/flood-in-czechia.jpg\" data-pswp-width=\"1280\" data-pswp-height=\"853\" data-cropped=\"true\"><img loading=\"lazy\" decoding=\"async\" width=\"1280\" height=\"853\" src=\"https:\/\/contentf5.dailynewshungary.com\/wp-content\/uploads\/2024\/09\/flood-in-czechia.jpg\" class=\"attachment-large size-large\" alt=\"\u6377\u514b\u53d1\u751f\u6d2a\u6c34\" aria-describedby=\"gallery-2-610726\" srcset=\"https:\/\/contentf5.dailynewshungary.com\/wp-content\/uploads\/2024\/09\/flood-in-czechia.jpg 1280w, https:\/\/contentf5.dailynewshungary.com\/wp-content\/uploads\/2024\/09\/flood-in-czechia-768x512.jpg 768w, https:\/\/contentf5.dailynewshungary.com\/wp-content\/uploads\/2024\/09\/flood-in-czechia-333x222.jpg 333w, https:\/\/contentf5.dailynewshungary.com\/wp-content\/uploads\/2024\/09\/flood-in-czechia-248x165.jpg 248w, https:\/\/contentf5.dailynewshungary.com\/wp-content\/uploads\/2024\/09\/flood-in-czechia-1030x686.jpg 1030w, https:\/\/contentf5.dailynewshungary.com\/wp-content\/uploads\/2024\/09\/flood-in-czechia-113x75.jpg 113w, https:\/\/contentf5.dailynewshungary.com\/wp-content\/uploads\/2024\/09\/flood-in-czechia-480x320.jpg 480w\" sizes=\"auto, (max-width: 1280px) 100vw, 1280px\"><\/a>\n\t\t\t<\/div><figcaption class=\"wp-caption-text gallery-caption\" id=\"gallery-2-610726\">\n\t\t\t\t9 \u6708 14 \u65e5\u6377\u514b\u53d1\u751f\u6d2a\u6c34\u3002\u7167\u7247:MTI\/EPA\/Martin Divisek<br \/>\n\t\t\t\t<\/figcaption><\/figure>\n<figure class=\"gallery-item\">\n<div class=\"gallery-icon landscape\">\n\t\t\t\t<a href=\"https:\/\/contentf5.dailynewshungary.com\/wp-content\/uploads\/2024\/09\/flood-in-czechia2.jpg\" data-pswp-width=\"1280\" data-pswp-height=\"853\" data-cropped=\"true\"><img loading=\"lazy\" decoding=\"async\" width=\"1280\" height=\"853\" src=\"https:\/\/contentf5.dailynewshungary.com\/wp-content\/uploads\/2024\/09\/flood-in-czechia2.jpg\" class=\"attachment-large size-large\" alt=\"\u6377\u514b\u53d1\u751f\u6d2a\u6c34\" aria-describedby=\"gallery-2-610727\" srcset=\"https:\/\/contentf5.dailynewshungary.com\/wp-content\/uploads\/2024\/09\/flood-in-czechia2.jpg 1280w, https:\/\/contentf5.dailynewshungary.com\/wp-content\/uploads\/2024\/09\/flood-in-czechia2-768x512.jpg 768w, https:\/\/contentf5.dailynewshungary.com\/wp-content\/uploads\/2024\/09\/flood-in-czechia2-333x222.jpg 333w, https:\/\/contentf5.dailynewshungary.com\/wp-content\/uploads\/2024\/09\/flood-in-czechia2-248x165.jpg 248w, https:\/\/contentf5.dailynewshungary.com\/wp-content\/uploads\/2024\/09\/flood-in-czechia2-1030x686.jpg 1030w, https:\/\/contentf5.dailynewshungary.com\/wp-content\/uploads\/2024\/09\/flood-in-czechia2-113x75.jpg 113w, https:\/\/contentf5.dailynewshungary.com\/wp-content\/uploads\/2024\/09\/flood-in-czechia2-480x320.jpg 480w\" sizes=\"auto, (max-width: 1280px) 100vw, 1280px\"><\/a>\n\t\t\t<\/div><figcaption class=\"wp-caption-text gallery-caption\" id=\"gallery-2-610727\">\n\t\t\t\t9 \u6708 14 \u65e5\u6377\u514b\u53d1\u751f\u6d2a\u6c34 \u7167\u7247:MTI\/AP\/Petr David Josek<br \/>\n\t\t\t\t<\/figcaption><\/figure>\n<\/p><\/div>\n<p>\u6377\u514b\u6709\u6570\u4e07\u4eba\u56e0\u6d2a\u6c34\u64a4\u79bb,\u8fd13000\u4eba\u79bb\u5f00\u6469\u62c9\u7ef4\u4e9a-\u897f\u91cc\u897f\u4e9a\u5730\u533a\u7684\u5bb6\u56ed,\u53e6\u6709\u6570\u5343\u4eba\u4ece\u5965\u5e15\u74e6\u64a4\u79bb\u3002\u6469\u62c9\u7ef4\u4e9a-\u897f\u91cc\u897f\u4e9a\u548c\u5965\u6d1b\u7a46\u8328\u5730\u533a\u5747\u5df2\u5ba3\u5e03\u8fdb\u5165\u7d27\u6025\u72b6\u6001,\u56db\u4eba\u56e0\u6d2a\u6c34\u5931\u8e2a\u3002,\u636e <strong><a href=\"https:\/\/domaci.hn.cz\/c1-67372940-cesko-se-pripravuje-na-povodne-v-pohotovosti-je-100-tisic-hasicu\" target=\"_blank\" rel=\"noopener\">\u970d\u65af\u6ce2\u8fbe\u5c14\u65af\u514b\u00b7\u8bfa\u7ef4\u5c3c<\/a><\/strong>.<\/p>\n<p>(Jesen\u00edky)\u3001\u514b\u723e\u8afe\u592b(Krnov)\u548c\u5967\u5e15\u74e6(Opava)\u7b49\u5730\u5340\u7684\u5408\u4f75\u6c34\u6d41\u53ef\u80fd\u8d85\u904e\u4e00\u500b\u4e16\u7d00\u4e2d\u53ea\u898b\u904e\u4e00\u6b21\u7684\u6c34\u5e73,\u9023\u591c\u66b4\u96e8\u6301\u7e8c\u5230\u661f\u671f\u65e5,\u6ce2\u5e0c\u7c73\u4e9e\u5357\u90e8\u4e5f\u9762\u81e8\u56b4\u5cfb\u7684\u72c0\u6cc1\u3002<\/p>\n<p>\u5468\u65e5\u7684\u9884\u6d4b\u9884\u6d4b\u964d\u96e8\u91cf\u5c06\u6bd4\u4eca\u5929\u5c11,\u4f46\u5728\u8036\u585e\u5c3c\u57fa\u5c71\u8109,\u636e\u73af\u5883\u90e8\u957fPetr Hlad\u00edk\u79f0,\u4ecd\u53ef\u80fd\u964d\u4e0b\u9ad8\u8fbe80 ~ 100\u6beb\u7c73\u7684\u964d\u96e8\u91cf,\u574f\u6d88\u606f\u662f\u9884\u8ba1\u5468\u4e00\u964d\u96e8\u91cf\u4f1a\u66f4\u591a,\u4ed6\u8865\u5145\u9053\u3002<\/p>\n<p>\u5728\u5308\u7259\u5229,\u5f53\u5c40\u5efa\u8bae\u53d7\u5f71\u54cd\u5730\u533a\u7684\u5c45\u6c11\u5728\u60c5\u51b5\u6539\u5584\u4e4b\u524d\u907f\u514d\u65c5\u884c\u3002<\/p>\n<p><strong>\u53e6\u8bf7\u9605\u8bfb:<\/strong><\/p>\n<ul>\n<li><a href=\"https:\/\/dailynewshungary.com\/cn\/%e6%b3%a8%e6%84%8f%e5%9c%a8%e5%a4%9a%e7%91%99%e6%b2%b3%e6%b0%b4%e4%bd%8d%e4%b8%8a%e5%8d%87%e3%80%81%e9%81%93%e8%b7%af%e5%85%b3%e9%97%ad%e7%9a%84%e6%83%85%e5%86%b5%e4%b8%8b%e5%b8%83%e8%be%be%e4%bd%a9\/\">\u6ce8\u610f:\u5728\u591a\u7459\u6cb3\u6c34\u4f4d\u4e0a\u5347\u3001\u9053\u8def\u5173\u95ed\u7684\u60c5\u51b5\u4e0b,\u5e03\u8fbe\u4f69\u65af\u5ba3\u5e03\u4e86\u91cd\u5927\u9632\u6d2a\u8b66\u62a5<\/a><\/li>\n<li><a href=\"https:\/\/dailynewshungary.com\/cn\/%e9%a2%84%e8%ae%a1%e6%9c%aa%e6%9d%a5%e5%87%a0%e5%a4%a9%e5%a5%a5%e5%9c%b0%e5%88%a9%e5%92%8c%e5%8c%88%e7%89%99%e5%88%a9%e7%9a%84%e5%a4%9a%e7%91%99%e6%b2%b3%e5%b0%86%e5%87%ba%e7%8e%b0%e5%bc%82%e5%b8%b8\/\">\u9884\u8ba1\u672a\u6765\u51e0\u5929\u5965\u5730\u5229\u548c\u5308\u7259\u5229\u7684\u591a\u7459\u6cb3\u5c06\u51fa\u73b0\u5f02\u5e38\u964d\u96e8<\/a><\/li>\n<\/ul>\n<h2>\u66f4\u65b0<\/h2>\n<p>2024 \u5e74 9 \u6708 16 \u65e5\u3002<\/p>\n<p><a href=\"https:\/\/dailynewshungary.com\/cn\/%e5%b8%83%e8%be%be%e4%bd%a9%e6%96%af%e7%8e%b0%e8%a1%8c%e7%9a%84%e6%9c%80%e9%ab%98%e7%ba%a7%e5%88%ab%e6%b4%aa%e6%b0%b4%e8%ad%a6%e6%8a%a5-%e6%9b%b4%e6%96%b0\/\">\u5e03\u8fbe\u4f69\u65af\u73b0\u884c\u7684\u6700\u9ad8\u7ea7\u522b\u6d2a\u6c34\u8b66\u62a5<\/a><\/p>\n","protected":false},"excerpt":{"rendered":"<p>Budapest\u6b63\u5728\u51c6\u5907\u5927\u5e45\u6d2a\u6c34\u6fc0\u589e,\u9884\u8ba1\u591a\u7459\u6cb3\u6c34\u4f4d\u5728\u672a\u6765\u51e0\u5929\u5c06\u6025\u5267\u4e0a\u5347,\u6839\u636e\u56fd\u5bb6\u6c34\u8d44\u6e90\u9884\u62a5\u5c40(Orszagos V\u00edzjelzome Szolg\u00e1lat)\u7684\u6570\u636e,\u4ece\u5468\u4e00\u5f00\u59cb,\u6cb3\u6d41\u7684\u6c34\u4f4d\u6bcf\u5929\u5927\u7ea6\u4f1a\u589e\u52a0\u4e00\u7c73,\u5230\u5468\u4e2d\u8d85\u8fc7800\u5398\u7c73,\u76ee\u524d\u7684\u6570\u636e\u663e\u793a\u6cb3\u6d41\u7684\u6c34\u4f4d\u4e3a250\u5398\u7c73,\u9884\u8ba1\u5c06\u9ad8\u8fbe850\u5398\u7c73,\u6709\u53ef\u80fd\u5f15\u53d1\u4e09\u7ea7\u6d2a\u6c34\u8b66\u62a5,\u4f5c\u4e3a\u6bd4\u8f83,\u6709\u8bb0\u5f55\u4ee5\u6765\u7684\u6700\u9ad8\u6c34\u4f4d\u4e3a891\u5398\u7c73\u3002 \u5e03\u8fbe\u4f69\u65af\u5c06\u56e0\u6d2a\u6c34\u5c40\u52bf\u800c\u53d7\u5230\u9650\u5236 \u9274\u4e8e\u8fd9\u4e9b\u9884\u6d4b,\u5f53\u5c40\u6b63\u5728\u8003\u8651\u5bf9\u884c\u4eba\u548c\u8f66\u8f86\u4ea4\u901a\u5173\u95ed Margitsziget(\u739b\u683c\u4e3d\u7279\u5c9b), \u6295\u8d44\u7ec4\u5408\u62a5\u544a\u3002\u5bb3\u866b\u4e00\u4fa7\u7684\u4e0b\u5824\u53ef\u80fd\u4f1a\u57289\u670817\u65e5\u4e4b\u524d\u88ab\u6df9\u6ca1,\u800c\u5305\u62ec\u5e03\u8fbe\u4e00\u4fa7\u5728\u5185\u7684\u5176\u4ed6\u8def\u6bb5\u5c06\u4ece9\u670816\u65e5\u665a\u4e0a8\u70b9\u8d77\u5173\u95ed\u3002 \u8fd9\u4e00\u6fc0\u589e\u662f\u5728\u5965\u5730\u5229\u548c\u4e2d\u6b27\u90e8\u5206\u5730\u533a\u8fde\u7eed\u6570\u5929\u7684\u6076\u52a3\u5929\u6c14\u4e4b\u540e\u51fa\u73b0\u7684\u3002\u5f3a\u964d\u96e8\u9020\u6210\u4e86\u4e25\u91cd\u7684\u6d2a\u6c34,\u7279\u522b\u662f\u5728\u4e0b\u5965\u5730\u5229\u5dde\u548c\u5e03\u5c14\u6839\u5170\u5dde\u3002\u98ce\u66b4\u73b0\u5df2\u5230\u8fbe\u5308\u7259\u5229\u897f\u90e8,\u4fc3\u4f7f\u5308\u7259\u5229\u6c14\u8c61\u5c40(HungaroMet)\u53d1\u5e03\u5468\u65e5\u6a59\u8272\u8b66\u62a5,\u8b66\u544a\u90e8\u5206\u5730\u533a\u9635\u98ce\u8fbe\u5230110\u516c\u91cc\/\u5c0f\u65f6,Portfolio\u5728\u4e2d\u5199\u9053 \u53e6\u4e00\u7bc7\u6587\u7ae0. \u5965\u5730\u5229\u53d1\u751f\u6d2a\u6c34 \u5170(Lainsitz)\u6cb3\u5728\u5965\u5730\u5229\u5883\u5185\u6cdb\u6ee5,\u6df9\u6ca1\u4e86\u963f\u59c6\u65bd\u6cf0\u6ed5\u548c\u5723\u74e6\u4f26\u4e01\u4e4b\u95f4\u7684\u9053\u8def,\u5e76\u6270\u4e71\u4e86\u706b\u8f66\u670d\u52a1,\u7ef4\u4e5f\u7eb3\u4e5f\u9762\u4e34\u6311\u6218,\u5730\u94c1\u7ebf\u8def\u56e0\u8fdb\u6c34\u96a7\u9053\u800c\u90e8\u5206\u5173\u95ed,\u7d27\u6025\u758f\u6563\u6b63\u5728\u8fdb\u884c\u4e2d,\u5965\u5730\u5229\u519b\u961f\u5df2\u90e8\u7f72\u534f\u52a9, \u6b7b\u4ea1\u65b0\u95fb\u62a5\u9053. Es ist soweit:Erste Fl\u00fcsse in Niederrosterreich \u00fcberschreiten nun die 30-j\u00e4hrliche Hochwassermarke up etwa die Lainsitz im Waldviertel\u3002 Und die kommenden 48 Stunden bringen gerade im Osten noch einmal extreme Niederschlagsmengen\u3002 (\u5f7c\u5c14\u5fb7:\u9b4f\u7279\u62c9\u57ce\u5e02) pic.twitter.com\/zfekyslqpt \u2014wetterblog.at (@wetterblogAT) 2024 \u5e74 9 \u6708 14 \u65e5 \u5c3d\u7ba1\u9884\u6d4b\u672a\u6765\u51e0\u5929\u964d\u96e8\u91cf\u5c06\u51cf\u5c11,\u4f46\u5f3a\u98ce\u7ee7\u7eed\u963b\u788d\u5965\u5730\u5229\u7684\u6062\u590d\u5de5\u4f5c\u3002\u4e00\u4e9b\u5730\u533a\u7684\u98ce\u901f\u5df2\u8fbe\u5230 121 \u516c\u91cc\/\u5c0f\u65f6,\u7279\u522b\u662f\u5728\u62c9\u514b\u65af\u5c71\u7ad9\u7b49\u6d77\u62d4\u8f83\u9ad8\u7684\u5730\u533a\u3002 [&hellip;]<\/p>\n","protected":false},"author":62,"featured_media":655350,"comment_status":"open","ping_status":"open","sticky":false,"template":"","format":"standard","meta":{"_acf_changed":false,"_display_image":"yes","footnotes":""},"categories":[1083],"tags":[3811],"class_list":["post-655349","post","type-post","status-publish","format-standard","has-post-thumbnail","hentry","category-1083","tag-3811"],"blocksy_meta":[],"acf":[],"author_username":"hmercedesz","telegram_post":"","public_post_metadata":{"breaking_news":"","important":"","csempe":"","center_tile":"","disable_thumbnail":"","target_lang":"","_featured_image_style":"hidden","telegram_post":"","_xlat_group_id":""},"public_rank_math_data":{"title":"%title% %sep% %sitename%","description":"\u5e03\u8fbe\u4f69\u65af\u6b63\u5728\u4e3a\u4e25\u91cd\u7684\u6d2a\u6c34\u6cdb\u6ee5\u505a\u51c6\u5907,\u9884\u8ba1\u591a\u7459\u6cb3\u7684\u6c34\u4f4d\u5c06\u5728\u672a\u6765\u51e0\u5929\u6025\u5267\u4e0a\u5347\u3002","focus_keyword":"","canonical_url":"","robots":"","primary_category":"1083","breadcrumb_title":"","facebook_title":"","facebook_description":"","facebook_image":"","facebook_image_id":"","twitter_title":"","twitter_description":"","twitter_image":"","twitter_image_id":"","twitter_card_type":"","twitter_use_facebook":"","advanced_robots":"","pillar_content":"","seo_score":"81","contentai_score":"","rich_snippet":""},"_links":{"self":[{"href":"https:\/\/dailynewshungary.com\/cn\/wp-json\/wp\/v2\/posts\/655349","targetHints":{"allow":["GET"]}}],"collection":[{"href":"https:\/\/dailynewshungary.com\/cn\/wp-json\/wp\/v2\/posts"}],"about":[{"href":"https:\/\/dailynewshungary.com\/cn\/wp-json\/wp\/v2\/types\/post"}],"author":[{"embeddable":true,"href":"https:\/\/dailynewshungary.com\/cn\/wp-json\/wp\/v2\/users\/62"}],"replies":[{"embeddable":true,"href":"https:\/\/dailynewshungary.com\/cn\/wp-json\/wp\/v2\/comments?post=655349"}],"version-history":[{"count":0,"href":"https:\/\/dailynewshungary.com\/cn\/wp-json\/wp\/v2\/posts\/655349\/revisions"}],"wp:featuredmedia":[{"embeddable":true,"href":"https:\/\/dailynewshungary.com\/cn\/wp-json\/wp\/v2\/media\/655350"}],"wp:attachment":[{"href":"https:\/\/dailynewshungary.com\/cn\/wp-json\/wp\/v2\/media?parent=655349"}],"wp:term":[{"taxonomy":"category","embeddable":true,"href":"https:\/\/dailynewshungary.com\/cn\/wp-json\/wp\/v2\/categories?post=655349"},{"taxonomy":"post_tag","embeddable":true,"href":"https:\/\/dailynewshungary.com\/cn\/wp-json\/wp\/v2\/tags?post=655349"}],"curies":[{"name":"wp","href":"https:\/\/api.w.org\/{rel}","templated":true}]}}