{"id":658127,"date":"2024-06-08T19:34:42","date_gmt":"2024-06-08T17:34:42","guid":{"rendered":"https:\/\/dailynewshungary.com\/cn\/%e7%85%a7%e7%89%87%e4%bd%a9%e7%89%b9%c2%b7%e9%a9%ac%e6%89%8e%e5%b0%94%e5%9c%a8%e5%b8%83%e8%be%be%e4%bd%a9%e6%96%af%e7%9a%84%e7%a4%ba%e5%a8%81%e6%b4%bb%e5%8a%a8-%e6%95%b0%e5%8d%81%e4%b8%87%e4%ba%ba\/"},"modified":"2024-06-08T19:34:42","modified_gmt":"2024-06-08T17:34:42","slug":"%e7%85%a7%e7%89%87%e4%bd%a9%e7%89%b9%c2%b7%e9%a9%ac%e6%89%8e%e5%b0%94%e5%9c%a8%e5%b8%83%e8%be%be%e4%bd%a9%e6%96%af%e7%9a%84%e7%a4%ba%e5%a8%81%e6%b4%bb%e5%8a%a8-%e6%95%b0%e5%8d%81%e4%b8%87%e4%ba%ba","status":"publish","type":"post","link":"https:\/\/dailynewshungary.com\/cn\/%e7%85%a7%e7%89%87%e4%bd%a9%e7%89%b9%c2%b7%e9%a9%ac%e6%89%8e%e5%b0%94%e5%9c%a8%e5%b8%83%e8%be%be%e4%bd%a9%e6%96%af%e7%9a%84%e7%a4%ba%e5%a8%81%e6%b4%bb%e5%8a%a8-%e6%95%b0%e5%8d%81%e4%b8%87%e4%ba%ba\/","title":{"rendered":"\u7167\u7247:\u4f69\u7279\u00b7\u9a6c\u624e\u5c14\u5728\u5e03\u8fbe\u4f69\u65af\u7684\u793a\u5a01\u6d3b\u52a8 \u6570\u5341\u4e07\u4eba\u6297\u8bae\u5965\u672c\u5185\u9601"},"content":{"rendered":"<p><strong>\u515a(Tisztelet \u00e9s Szabads\u00e1g P\u00e1rt)\u7684\u526f\u603b\u7edf\u4f69\u7279 \u00b7 \u9a6c\u624e\u5c14(P\u00e9ter Magyar)\u5df2\u4e8e\u5468\u516d\u4e0b\u53482\u70b9\u5728\u5e03\u8fbe\u4f69\u65af\u7684\u82f1\u96c4\u5e7f\u573a\u7ec4\u7ec7\u4e86\u4e00\u573a\u7ed3\u675f\u7ade\u9009\u7684\u96c6\u4f1a,\u5728\u6b27\u6d32\u8bae\u4f1a\u9009\u4e3e\u524d\u4e00\u5929,\u9a6c\u624e\u5c14\u8bbe\u6cd5\u52a8\u5458\u4e86\u5927\u6279\u4eba\u7fa4\u3002<\/strong><\/p>\n<p>\u515a(Tisztelet \u00e9s Szabads\u00e1g P\u00e1rt,eng\u3002\u5c0a\u91cd\u4e0e\u81ea\u7531\u515a)\u6210\u4e3a\u5308\u7259\u5229\u7b2c\u4e8c\u5f3a\u515a,\u4e5f\u662f\u4e0d\u52303\u4e2a\u6708\u5185\u6700\u5f3a\u7684\u53cd\u5bf9\u515a\u3002<\/p>\n<h2 class=\"wp-block-heading\">\u201c\u6211\u4eec\u6765\u8fd9\u91cc\u662f\u56e0\u4e3a\u6211\u4eec\u65e0\u6cd5\u9002\u5e94\u5176\u4ed6\u5730\u65b9\u201d<\/h2>\n<p>Magyar\u4eca\u5929\u5f00\u59cb\u4ed6\u7684\u6f14\u8bb2\u65f6\u8bf4\u201c\u6211\u4eec\u4eca\u5929\u6765\u5230\u8fd9\u91cc[\u82f1\u96c4\u5e7f\u573a,\u7f16\u8f91\u3002]\u56e0\u4e3a\u6211\u4eec\u65e0\u6cd5\u9002\u5e94\u5176\u4ed6\u4efb\u4f55\u5730\u65b9\u201d\u3002\u201c\u8c01\u4f1a\u60f3\u5230\u5728\u4e8c\u6708,\u53ea\u8fc7\u53bb\u4e86\u56db\u4e2a\u6708,\u4ece\u90a3\u65f6\u8d77,\u6d77\u6d0b,\u56fd\u9645\u6d77\u6d0b,\u5df2\u7ecf\u4e0a\u5347,\u201d\u4ed6\u8bf4,\u5e76\u5f15\u7528\u4e86\u5308\u7259\u5229\u8bd7\u4eba\u6851\u591a\u5c14 \u00b7 \u4f69\u7279\u83f2\u7684\u4e00\u9996\u8bd7,\u9898\u4e3a <em>\u798f\u5c14\u5854\u9a6c\u591a\u7279\u00b7\u6ed5\u683c (<a href=\"https:\/\/www.babelmatrix.org\/works\/hu\/Pet%C5%91fi_S%C3%A1ndor-1823\/F%C3%B6lt%C3%A1madott_a_tenger\/en\/54487-The_whole_sea_has_revolted\" target=\"_blank\" rel=\"noopener\">\u6574\u4e2a\u5927\u6d77\u90fd\u53d1\u751f\u4e86\u53db\u4e71<\/a>)\u3002<\/em><\/p>\n<figure class=\"wp-block-image aligncenter size-full wp-image-600962\"><img loading=\"lazy\" decoding=\"async\" width=\"1280\" height=\"720\" src=\"https:\/\/contentf5.dailynewshungary.com\/wp-content\/uploads\/2024\/06\/peter-magyar-demonstration-budapest-2-1.jpg\" alt=\"\u5f7c\u5f97\u00b7\u9a6c\u624e\u5c14\u6f14\u793a\u5e03\u8fbe\u4f69\u65af (2) (1)\" class=\"wp-image-600962\" srcset=\"https:\/\/contentf5.dailynewshungary.com\/wp-content\/uploads\/2024\/06\/peter-magyar-demonstration-budapest-2-1.jpg 1280w, https:\/\/contentf5.dailynewshungary.com\/wp-content\/uploads\/2024\/06\/peter-magyar-demonstration-budapest-2-1-768x432.jpg 768w, https:\/\/contentf5.dailynewshungary.com\/wp-content\/uploads\/2024\/06\/peter-magyar-demonstration-budapest-2-1-370x208.jpg 370w, https:\/\/contentf5.dailynewshungary.com\/wp-content\/uploads\/2024\/06\/peter-magyar-demonstration-budapest-2-1-1030x579.jpg 1030w, https:\/\/contentf5.dailynewshungary.com\/wp-content\/uploads\/2024\/06\/peter-magyar-demonstration-budapest-2-1-133x75.jpg 133w, https:\/\/contentf5.dailynewshungary.com\/wp-content\/uploads\/2024\/06\/peter-magyar-demonstration-budapest-2-1-480x270.jpg 480w\" sizes=\"auto, (max-width: 1280px) 100vw, 1280px\"><figcaption class=\"wp-element-caption\">2024\u5e746\u67088\u65e5\u7531\u4f69\u7279 \u00b7 \u9a6c\u624e\u5c14\u5728\u5e03\u8fbe\u4f69\u65af\u82f1\u96c4\u5e7f\u573a\u7ec4\u7ec7\u7684\u793a\u5a01\u6d3b\u52a8 \u7167\u7247:\u6bcf\u65e5\u65b0\u95fb \u5308\u7259\u5229\/\u9ed8\u585e\u5fb7\u65af \u00b7 \u8d6b\u5179\u66fc<\/figcaption><\/figure>\n<h2 class=\"wp-block-heading\">\u201c\u6ca1\u6709\u7406\u667a\u7684\u4eba\u60f3\u8981\u5728\u5308\u7259\u5229\u53d1\u52a8\u6218\u4e89\u201d<\/h2>\n<p>\u6b63\u5982\u5965\u672c\u5185\u9601\u559c\u6b22\u8bf4\u7684\u90a3\u6837,\u4efb\u4f55\u4e0d\u6295\u7968\u7ed9\u9752\u6c11\u76df\u7684\u4eba\u90fd\u662f\u652f\u6301\u6218\u4e89\u7684\u3002\u8fd9\u5c31\u662f\u5f7c\u5f97\u00b7\u9a6c\u624e\u5c14\u60f3\u8981\u53cd\u9a73\u7684\u8bf4\u6cd5,\u65e0\u6570\u6b21\u8bf4&#8221;\u201c\u6ca1\u6709\u7406\u667a\u7684\u4eba\u60f3\u8981\u5308\u7259\u5229\u7684\u6218\u4e89\u3002&#8221;\u201c\u6bcf\u4e2a\u4eba\u90fd\u60f3\u8981\u5308\u7259\u5229\u7684\u548c\u5e73,\u201d\u4ed6\u8bf4\u3002<\/p>\n<p>\u4ed6\u300c\u300d\u7684\u8bf4\u6cd5,\u8482\u8428\u662f\u771f\u6b63\u548c\u5e73\u7684\u653f\u515a,\u4e0d\u50cf\u9752\u6c11\u76df\u4e0d\u5efa\u5766\u514b\u3001\u519b\u706b\u548c\u5f39\u836f\u5de5\u5382,\u8482\u8428\u4e0d\u652f\u6301\u91cd\u65b0\u5f15\u5165\u5f81\u5175\u5236,\u9a6c\u624e\u5c14\u8bf4,\u751a\u81f3\u4f1a\u963b\u6b62\u9752\u6c11\u76df\u91cd\u65b0\u5f15\u5165\u201c\u90a3\u4e9b\u6295\u7968\u652f\u6301\u8482\u8428\u7684\u4eba\u6295\u7968\u652f\u6301\u548c\u5e73\u201d<\/p>\n<h2 class=\"wp-block-heading\">\u201c\u5982\u679c\u4f60\u613f\u610f,\u6211\u4eec\u5c31\u4f1a\u5e9f\u9664\u7279\u6743\u201d\u7684\u6743\u529b<\/h2>\n<p>\u201c\u5982\u679c\u4f60\u613f\u610f,\u5308\u7259\u5229\u5c06\u518d\u6b21\u6210\u4e3a\u4e00\u4e2a\u6b63\u4e49\u3001\u8363\u8a89\u548c\u6cd5\u5f8b\u7684\u56fd\u5bb6\u3002\u5982\u679c\u4f60\u613f\u610f,\u6211\u4eec\u5c06\u5e9f\u9664\u7279\u6743\u9636\u5c42\u7684\u6743\u529b\u201d\u4ed6\u8bf4\u3002<\/p>\n<blockquote class=\"wp-block-quote is-layout-flow wp-block-quote-is-layout-flow\">\n<p>\u968f\u540e\u4eba\u7fa4\u9ad8\u547c:\u201c\u6211\u4eec\u4e0d\u5bb3\u6015!\u201d<\/p>\n<\/blockquote>\n<figure class=\"wp-block-image aligncenter size-full wp-image-600963\"><img loading=\"lazy\" decoding=\"async\" width=\"1280\" height=\"720\" src=\"https:\/\/contentf5.dailynewshungary.com\/wp-content\/uploads\/2024\/06\/peter-magyar-demonstration-budapest2-2-1.jpg\" alt=\"\u5f7c\u5f97\u00b7\u9a6c\u624e\u5c14\u6f14\u793a\u5e03\u8fbe\u4f69\u65af2 (2) (1)\" class=\"wp-image-600963\" srcset=\"https:\/\/contentf5.dailynewshungary.com\/wp-content\/uploads\/2024\/06\/peter-magyar-demonstration-budapest2-2-1.jpg 1280w, https:\/\/contentf5.dailynewshungary.com\/wp-content\/uploads\/2024\/06\/peter-magyar-demonstration-budapest2-2-1-768x432.jpg 768w, https:\/\/contentf5.dailynewshungary.com\/wp-content\/uploads\/2024\/06\/peter-magyar-demonstration-budapest2-2-1-370x208.jpg 370w, https:\/\/contentf5.dailynewshungary.com\/wp-content\/uploads\/2024\/06\/peter-magyar-demonstration-budapest2-2-1-1030x579.jpg 1030w, https:\/\/contentf5.dailynewshungary.com\/wp-content\/uploads\/2024\/06\/peter-magyar-demonstration-budapest2-2-1-133x75.jpg 133w, https:\/\/contentf5.dailynewshungary.com\/wp-content\/uploads\/2024\/06\/peter-magyar-demonstration-budapest2-2-1-480x270.jpg 480w\" sizes=\"auto, (max-width: 1280px) 100vw, 1280px\"><figcaption class=\"wp-element-caption\">\u5c14(P\u00e9ter Magyar)\u5728\u6b27\u6d32\u8bae\u4f1a\u9009\u4e3e\u524d\u4e00\u5929\u52a8\u5458\u4e86\u5e9e\u5927\u7684\u4eba\u7fa4,\u7167\u7247:\u6bcf\u65e5\u65b0\u95fb\u5308\u7259\u5229\/\u9ed8\u585e\u5fb7\u65af \u00b7 \u8d6b\u5179\u66fc<\/figcaption><\/figure>\n<h2 class=\"wp-block-heading\">\u5f7c\u5f97\u00b7\u9a6c\u624e\u5c14\u611f\u8c22\u5308\u7259\u5229\u653f\u5e9c<\/h2>\n<p>25\u4ebf\u798f\u6797\u7684\u516c\u5171\u8d44\u91d1\u6765\u62b9\u9ed1\u6211\u4eec,\u9a6c\u624e\u5c14\u8bf4,\u4ed6\u4e3a\u6b64\u611f\u8c22\u653f\u5e9c,\u56e0\u4e3a\u4ed6\u8bf4\u5728\u573a\u7684\u4eba\u6bd4\u4ee5\u5f80\u4efb\u4f55\u65f6\u5019\u90fd\u591a\u3002<\/p>\n<blockquote class=\"wp-block-quote is-layout-flow wp-block-quote-is-layout-flow\">\n<p>\u201c\u611f\u8c22\u653f\u5e9c\u6570\u5343\u4e2a\u53ef\u6076\u548c\u6492\u8c0e\u7684\u5e7f\u544a\u724c\u548c\u89c6\u9891\u201d\u8c22\u8c22\u4f60,\u4f60\u5e2e\u52a9\u4e86\u5f88\u591a!\u201d<\/p>\n<\/blockquote>\n<p>\u201c\u6211\u4eca\u5929\u7ad9\u5728\u8fd9\u91cc,\u8fd9\u8981\u611f\u8c22\u4f60\u201d\u9a6c\u624e\u5c14\u544a\u8bc9\u4eba\u7fa4\u201c\u6211\u5728\u65c5\u7a0b\u7684\u6700\u540e\u662f\u4e00\u4e2a\u4e0d\u540c\u7684\u4eba,\u4e09\u4e2a\u6708\u524d\u6211\u4e0d\u77e5\u9053\u81ea\u5df1\u5230\u5e95\u5728\u4ec0\u4e48\u8def\u4e0a\u201d\u201c\u4f60\u7ed9\u6211\u5e0c\u671b,\u6211\u4eec\u7ed9\u5f7c\u6b64\u5e0c\u671b\u201d<\/p>\n<figure class=\"wp-block-image aligncenter size-full wp-image-600964\"><img loading=\"lazy\" decoding=\"async\" width=\"1280\" height=\"720\" src=\"https:\/\/contentf5.dailynewshungary.com\/wp-content\/uploads\/2024\/06\/peter-magyar-demonstration-budapest3-2-1.jpg\" alt=\"\u5f7c\u5f97\u00b7\u9a6c\u624e\u5c14\u6f14\u793a\u5e03\u8fbe\u4f69\u65af\" class=\"wp-image-600964\" srcset=\"https:\/\/contentf5.dailynewshungary.com\/wp-content\/uploads\/2024\/06\/peter-magyar-demonstration-budapest3-2-1.jpg 1280w, https:\/\/contentf5.dailynewshungary.com\/wp-content\/uploads\/2024\/06\/peter-magyar-demonstration-budapest3-2-1-768x432.jpg 768w, https:\/\/contentf5.dailynewshungary.com\/wp-content\/uploads\/2024\/06\/peter-magyar-demonstration-budapest3-2-1-370x208.jpg 370w, https:\/\/contentf5.dailynewshungary.com\/wp-content\/uploads\/2024\/06\/peter-magyar-demonstration-budapest3-2-1-1030x579.jpg 1030w, https:\/\/contentf5.dailynewshungary.com\/wp-content\/uploads\/2024\/06\/peter-magyar-demonstration-budapest3-2-1-133x75.jpg 133w, https:\/\/contentf5.dailynewshungary.com\/wp-content\/uploads\/2024\/06\/peter-magyar-demonstration-budapest3-2-1-480x270.jpg 480w\" sizes=\"auto, (max-width: 1280px) 100vw, 1280px\"><figcaption class=\"wp-element-caption\">\u636e\u521d\u6b65\u4f30\u8ba1,\u6709\u6570\u5341\u4e07\u4eba\u53c2\u52a0 \u56fe\u7247:\u6bcf\u65e5\u65b0\u95fb \u5308\u7259\u5229\/\u9ed8\u585e\u5fb7\u65af \u00b7 \u8d6b\u5179\u66fc<\/figcaption><\/figure>\n<h2 class=\"wp-block-heading\">\u201c\u65e0\u8bba\u6295\u7968\u7ed3\u679c\u5982\u4f55,\u6211\u4eec\u90fd\u514b\u670d\u4e86\u51b7\u6f20\u201d<\/h2>\n<p>\u65e0\u8bba\u6295\u7968\u7ed3\u679c\u5982\u4f55,\u6211\u4eec\u90fd\u514b\u670d\u4e86\u51b7\u6f20,\u5e76\u5728\u5308\u7259\u5229\u4eba\u548c\u5308\u7259\u5229\u4eba\u4e4b\u95f4\u7ed3\u6210\u8054\u76df\u3002<\/p>\n<h2 class=\"wp-block-heading\">\u653f\u6cbb\u53ef\u4ee5\u662f\u7f8e\u4e3d\u7684\u3001\u6709\u7528\u7684\u548c\u516c\u6b63\u7684<\/h2>\n<p>\u5efa&#8221;\u4e0d\u8bba\u4f60\u662f\u51fa\u751f\u5728\u5e03\u8fbe\u8fd8\u662f\u5728\u9a6c\u624e\u5c14(Magyar)\u7684\u535a\u5c14\u7d22\u5fb7(Borsod)\u7684\u68da\u6237\u533a\u90fd\u65e0\u6240\u8c13\u7684\u56fd\u5bb6,\u8482\u8428\u515a\u8981\u7684\u662f\u4e00\u4e2a\u8c26\u865a\u3001\u6b63\u4e49\u548c\u7231\u5360\u4e3b\u5bfc\u5730\u4f4d\u7684\u56fd\u5bb6,\u4ed6\u4eec\u4f1a\u4e3a\u4e00\u4e2a&#8221;\u201c\u91cd\u8981\u7684\u4e0d\u662f\u5173\u7cfb,\u800c\u662f\u52e4\u594b\u548c\u52aa\u529b\u201d\u7684\u56fd\u5bb6\u5de5\u4f5c\u3002<\/p>\n<figure class=\"wp-block-image aligncenter size-full wp-image-600965\"><img loading=\"lazy\" decoding=\"async\" width=\"1280\" height=\"720\" src=\"https:\/\/contentf5.dailynewshungary.com\/wp-content\/uploads\/2024\/06\/peter-magyar-demonstration-budapest4-2-1.jpg\" alt=\"\u5f7c\u5f97\u00b7\u9a6c\u624e\u5c14\u6f14\u793a\u5e03\u8fbe\u4f69\u65af\" class=\"wp-image-600965\" srcset=\"https:\/\/contentf5.dailynewshungary.com\/wp-content\/uploads\/2024\/06\/peter-magyar-demonstration-budapest4-2-1.jpg 1280w, https:\/\/contentf5.dailynewshungary.com\/wp-content\/uploads\/2024\/06\/peter-magyar-demonstration-budapest4-2-1-768x432.jpg 768w, https:\/\/contentf5.dailynewshungary.com\/wp-content\/uploads\/2024\/06\/peter-magyar-demonstration-budapest4-2-1-370x208.jpg 370w, https:\/\/contentf5.dailynewshungary.com\/wp-content\/uploads\/2024\/06\/peter-magyar-demonstration-budapest4-2-1-1030x579.jpg 1030w, https:\/\/contentf5.dailynewshungary.com\/wp-content\/uploads\/2024\/06\/peter-magyar-demonstration-budapest4-2-1-133x75.jpg 133w, https:\/\/contentf5.dailynewshungary.com\/wp-content\/uploads\/2024\/06\/peter-magyar-demonstration-budapest4-2-1-480x270.jpg 480w\" sizes=\"auto, (max-width: 1280px) 100vw, 1280px\"><figcaption class=\"wp-element-caption\">\u7167\u7247:\u5308\u7259\u5229\u6bcf\u65e5\u65b0\u95fb\/Merc\u00e9desz Hetzmann<\/figcaption><\/figure>\n<figure class=\"wp-block-gallery has-nested-images columns-3 is-cropped wp-block-gallery-1 is-layout-flex wp-block-gallery-is-layout-flex\">\n<figure class=\"wp-block-image size-large\"><img loading=\"lazy\" decoding=\"async\" width=\"1200\" height=\"800\" data-id=\"601055\" src=\"https:\/\/contentf5.dailynewshungary.com\/wp-content\/uploads\/2024\/06\/PHOTOS-Peter-Magyars-demonstration-in-Budapest-\u2013-Hundreds-of-thousands-protest-against-Orban-regime-2.jpg\" alt=\"\u7167\u7247:\u8482\u8428\u6d3e\u5bf9\u548c\u4f69\u7279\u00b7\u9a6c\u624e\u5c14\u5728\u5e03\u8fbe\u4f69\u65af\u7684\u793a\u5a01\u6d3b\u52a8\u3002\u7c73\u5a05\u00b7\u8d6b\u7279\u5c3c (Mia Hetenyi) \u6444\" class=\"wp-image-601055\" srcset=\"https:\/\/contentf5.dailynewshungary.com\/wp-content\/uploads\/2024\/06\/PHOTOS-Peter-Magyars-demonstration-in-Budapest-\u2013-Hundreds-of-thousands-protest-against-Orban-regime-2.jpg 1200w, https:\/\/contentf5.dailynewshungary.com\/wp-content\/uploads\/2024\/06\/PHOTOS-Peter-Magyars-demonstration-in-Budapest-\u2013-Hundreds-of-thousands-protest-against-Orban-regime-2-768x512.jpg 768w, https:\/\/contentf5.dailynewshungary.com\/wp-content\/uploads\/2024\/06\/PHOTOS-Peter-Magyars-demonstration-in-Budapest-\u2013-Hundreds-of-thousands-protest-against-Orban-regime-2-333x222.jpg 333w, https:\/\/contentf5.dailynewshungary.com\/wp-content\/uploads\/2024\/06\/PHOTOS-Peter-Magyars-demonstration-in-Budapest-\u2013-Hundreds-of-thousands-protest-against-Orban-regime-2-248x165.jpg 248w, https:\/\/contentf5.dailynewshungary.com\/wp-content\/uploads\/2024\/06\/PHOTOS-Peter-Magyars-demonstration-in-Budapest-\u2013-Hundreds-of-thousands-protest-against-Orban-regime-2-1030x687.jpg 1030w, https:\/\/contentf5.dailynewshungary.com\/wp-content\/uploads\/2024\/06\/PHOTOS-Peter-Magyars-demonstration-in-Budapest-\u2013-Hundreds-of-thousands-protest-against-Orban-regime-2-113x75.jpg 113w, https:\/\/contentf5.dailynewshungary.com\/wp-content\/uploads\/2024\/06\/PHOTOS-Peter-Magyars-demonstration-in-Budapest-\u2013-Hundreds-of-thousands-protest-against-Orban-regime-2-480x320.jpg 480w\" sizes=\"auto, (max-width: 1200px) 100vw, 1200px\"><\/figure>\n<figure class=\"wp-block-image size-large\"><img loading=\"lazy\" decoding=\"async\" width=\"1200\" height=\"854\" data-id=\"601059\" src=\"https:\/\/contentf5.dailynewshungary.com\/wp-content\/uploads\/2024\/06\/PHOTOS-Peter-Magyars-demonstration-in-Budapest-\u2013-Hundreds-of-thousands-protest-against-Orban-regime-6.jpg\" alt=\"\u8482\u8428\u6d3e\u5bf9\u739b\u5409\u4e9a\u5c14\u5f7c\u5f97\" class=\"wp-image-601059\" srcset=\"https:\/\/contentf5.dailynewshungary.com\/wp-content\/uploads\/2024\/06\/PHOTOS-Peter-Magyars-demonstration-in-Budapest-\u2013-Hundreds-of-thousands-protest-against-Orban-regime-6.jpg 1200w, https:\/\/contentf5.dailynewshungary.com\/wp-content\/uploads\/2024\/06\/PHOTOS-Peter-Magyars-demonstration-in-Budapest-\u2013-Hundreds-of-thousands-protest-against-Orban-regime-6-768x547.jpg 768w, https:\/\/contentf5.dailynewshungary.com\/wp-content\/uploads\/2024\/06\/PHOTOS-Peter-Magyars-demonstration-in-Budapest-\u2013-Hundreds-of-thousands-protest-against-Orban-regime-6-312x222.jpg 312w, https:\/\/contentf5.dailynewshungary.com\/wp-content\/uploads\/2024\/06\/PHOTOS-Peter-Magyars-demonstration-in-Budapest-\u2013-Hundreds-of-thousands-protest-against-Orban-regime-6-1030x733.jpg 1030w, https:\/\/contentf5.dailynewshungary.com\/wp-content\/uploads\/2024\/06\/PHOTOS-Peter-Magyars-demonstration-in-Budapest-\u2013-Hundreds-of-thousands-protest-against-Orban-regime-6-105x75.jpg 105w, https:\/\/contentf5.dailynewshungary.com\/wp-content\/uploads\/2024\/06\/PHOTOS-Peter-Magyars-demonstration-in-Budapest-\u2013-Hundreds-of-thousands-protest-against-Orban-regime-6-480x342.jpg 480w\" sizes=\"auto, (max-width: 1200px) 100vw, 1200px\"><\/figure>\n<figure class=\"wp-block-image size-large\"><img loading=\"lazy\" decoding=\"async\" width=\"1200\" height=\"805\" data-id=\"601062\" src=\"https:\/\/contentf5.dailynewshungary.com\/wp-content\/uploads\/2024\/06\/PHOTOS-Peter-Magyars-demonstration-in-Budapest-\u2013-Hundreds-of-thousands-protest-against-Orban-regime.jpg\" alt=\"\u8482\u8428\" class=\"wp-image-601062\" srcset=\"https:\/\/contentf5.dailynewshungary.com\/wp-content\/uploads\/2024\/06\/PHOTOS-Peter-Magyars-demonstration-in-Budapest-\u2013-Hundreds-of-thousands-protest-against-Orban-regime.jpg 1200w, https:\/\/contentf5.dailynewshungary.com\/wp-content\/uploads\/2024\/06\/PHOTOS-Peter-Magyars-demonstration-in-Budapest-\u2013-Hundreds-of-thousands-protest-against-Orban-regime-768x515.jpg 768w, https:\/\/contentf5.dailynewshungary.com\/wp-content\/uploads\/2024\/06\/PHOTOS-Peter-Magyars-demonstration-in-Budapest-\u2013-Hundreds-of-thousands-protest-against-Orban-regime-331x222.jpg 331w, https:\/\/contentf5.dailynewshungary.com\/wp-content\/uploads\/2024\/06\/PHOTOS-Peter-Magyars-demonstration-in-Budapest-\u2013-Hundreds-of-thousands-protest-against-Orban-regime-248x165.jpg 248w, https:\/\/contentf5.dailynewshungary.com\/wp-content\/uploads\/2024\/06\/PHOTOS-Peter-Magyars-demonstration-in-Budapest-\u2013-Hundreds-of-thousands-protest-against-Orban-regime-1030x691.jpg 1030w, https:\/\/contentf5.dailynewshungary.com\/wp-content\/uploads\/2024\/06\/PHOTOS-Peter-Magyars-demonstration-in-Budapest-\u2013-Hundreds-of-thousands-protest-against-Orban-regime-112x75.jpg 112w, https:\/\/contentf5.dailynewshungary.com\/wp-content\/uploads\/2024\/06\/PHOTOS-Peter-Magyars-demonstration-in-Budapest-\u2013-Hundreds-of-thousands-protest-against-Orban-regime-480x322.jpg 480w\" sizes=\"auto, (max-width: 1200px) 100vw, 1200px\"><\/figure>\n<figure class=\"wp-block-image size-large\"><img loading=\"lazy\" decoding=\"async\" width=\"800\" height=\"1200\" data-id=\"601061\" src=\"https:\/\/contentf5.dailynewshungary.com\/wp-content\/uploads\/2024\/06\/PHOTOS-Peter-Magyars-demonstration-in-Budapest-\u2013-Hundreds-of-thousands-protest-against-Orban-regime-8.jpg\" alt=\"\u7167\u7247:\u8482\u8428\u6d3e\u5bf9\u548c\u4f69\u7279\u00b7\u9a6c\u624e\u5c14\u5728\u5e03\u8fbe\u4f69\u65af\u7684\u793a\u5a01\u6d3b\u52a8\u3002\u7c73\u5a05\u00b7\u8d6b\u7279\u5c3c (Mia Hetenyi) \u6444\" class=\"wp-image-601061\" srcset=\"https:\/\/contentf5.dailynewshungary.com\/wp-content\/uploads\/2024\/06\/PHOTOS-Peter-Magyars-demonstration-in-Budapest-\u2013-Hundreds-of-thousands-protest-against-Orban-regime-8.jpg 800w, https:\/\/contentf5.dailynewshungary.com\/wp-content\/uploads\/2024\/06\/PHOTOS-Peter-Magyars-demonstration-in-Budapest-\u2013-Hundreds-of-thousands-protest-against-Orban-regime-8-768x1152.jpg 768w, https:\/\/contentf5.dailynewshungary.com\/wp-content\/uploads\/2024\/06\/PHOTOS-Peter-Magyars-demonstration-in-Budapest-\u2013-Hundreds-of-thousands-protest-against-Orban-regime-8-148x222.jpg 148w, https:\/\/contentf5.dailynewshungary.com\/wp-content\/uploads\/2024\/06\/PHOTOS-Peter-Magyars-demonstration-in-Budapest-\u2013-Hundreds-of-thousands-protest-against-Orban-regime-8-50x75.jpg 50w, https:\/\/contentf5.dailynewshungary.com\/wp-content\/uploads\/2024\/06\/PHOTOS-Peter-Magyars-demonstration-in-Budapest-\u2013-Hundreds-of-thousands-protest-against-Orban-regime-8-480x720.jpg 480w\" sizes=\"auto, (max-width: 800px) 100vw, 800px\"><\/figure>\n<figure class=\"wp-block-image size-large\"><img loading=\"lazy\" decoding=\"async\" width=\"1200\" height=\"800\" data-id=\"601060\" src=\"https:\/\/contentf5.dailynewshungary.com\/wp-content\/uploads\/2024\/06\/PHOTOS-Peter-Magyars-demonstration-in-Budapest-\u2013-Hundreds-of-thousands-protest-against-Orban-regime-7.jpg\" alt=\"\u7167\u7247:\u8482\u8428\u6d3e\u5bf9\u548c\u4f69\u7279\u00b7\u9a6c\u624e\u5c14\u5728\u5e03\u8fbe\u4f69\u65af\u7684\u793a\u5a01\u6d3b\u52a8\u3002\u7c73\u5a05\u00b7\u8d6b\u7279\u5c3c (Mia Hetenyi) \u6444\" class=\"wp-image-601060\" srcset=\"https:\/\/contentf5.dailynewshungary.com\/wp-content\/uploads\/2024\/06\/PHOTOS-Peter-Magyars-demonstration-in-Budapest-\u2013-Hundreds-of-thousands-protest-against-Orban-regime-7.jpg 1200w, https:\/\/contentf5.dailynewshungary.com\/wp-content\/uploads\/2024\/06\/PHOTOS-Peter-Magyars-demonstration-in-Budapest-\u2013-Hundreds-of-thousands-protest-against-Orban-regime-7-768x512.jpg 768w, https:\/\/contentf5.dailynewshungary.com\/wp-content\/uploads\/2024\/06\/PHOTOS-Peter-Magyars-demonstration-in-Budapest-\u2013-Hundreds-of-thousands-protest-against-Orban-regime-7-333x222.jpg 333w, https:\/\/contentf5.dailynewshungary.com\/wp-content\/uploads\/2024\/06\/PHOTOS-Peter-Magyars-demonstration-in-Budapest-\u2013-Hundreds-of-thousands-protest-against-Orban-regime-7-248x165.jpg 248w, https:\/\/contentf5.dailynewshungary.com\/wp-content\/uploads\/2024\/06\/PHOTOS-Peter-Magyars-demonstration-in-Budapest-\u2013-Hundreds-of-thousands-protest-against-Orban-regime-7-1030x687.jpg 1030w, https:\/\/contentf5.dailynewshungary.com\/wp-content\/uploads\/2024\/06\/PHOTOS-Peter-Magyars-demonstration-in-Budapest-\u2013-Hundreds-of-thousands-protest-against-Orban-regime-7-113x75.jpg 113w, https:\/\/contentf5.dailynewshungary.com\/wp-content\/uploads\/2024\/06\/PHOTOS-Peter-Magyars-demonstration-in-Budapest-\u2013-Hundreds-of-thousands-protest-against-Orban-regime-7-480x320.jpg 480w\" sizes=\"auto, (max-width: 1200px) 100vw, 1200px\"><\/figure>\n<figure class=\"wp-block-image size-large\"><img loading=\"lazy\" decoding=\"async\" width=\"894\" height=\"1200\" data-id=\"601058\" src=\"https:\/\/contentf5.dailynewshungary.com\/wp-content\/uploads\/2024\/06\/PHOTOS-Peter-Magyars-demonstration-in-Budapest-\u2013-Hundreds-of-thousands-protest-against-Orban-regime-5.jpg\" alt=\"\u7167\u7247:\u8482\u8428\u6d3e\u5bf9\u548c\u4f69\u7279\u00b7\u9a6c\u624e\u5c14\u5728\u5e03\u8fbe\u4f69\u65af\u7684\u793a\u5a01\u6d3b\u52a8\u3002\u7c73\u5a05\u00b7\u8d6b\u7279\u5c3c (Mia Hetenyi) \u6444\" class=\"wp-image-601058\" srcset=\"https:\/\/contentf5.dailynewshungary.com\/wp-content\/uploads\/2024\/06\/PHOTOS-Peter-Magyars-demonstration-in-Budapest-\u2013-Hundreds-of-thousands-protest-against-Orban-regime-5.jpg 894w, https:\/\/contentf5.dailynewshungary.com\/wp-content\/uploads\/2024\/06\/PHOTOS-Peter-Magyars-demonstration-in-Budapest-\u2013-Hundreds-of-thousands-protest-against-Orban-regime-5-768x1031.jpg 768w, https:\/\/contentf5.dailynewshungary.com\/wp-content\/uploads\/2024\/06\/PHOTOS-Peter-Magyars-demonstration-in-Budapest-\u2013-Hundreds-of-thousands-protest-against-Orban-regime-5-165x222.jpg 165w, https:\/\/contentf5.dailynewshungary.com\/wp-content\/uploads\/2024\/06\/PHOTOS-Peter-Magyars-demonstration-in-Budapest-\u2013-Hundreds-of-thousands-protest-against-Orban-regime-5-56x75.jpg 56w, https:\/\/contentf5.dailynewshungary.com\/wp-content\/uploads\/2024\/06\/PHOTOS-Peter-Magyars-demonstration-in-Budapest-\u2013-Hundreds-of-thousands-protest-against-Orban-regime-5-480x644.jpg 480w\" sizes=\"auto, (max-width: 894px) 100vw, 894px\"><\/figure>\n<figure class=\"wp-block-image size-large\"><img loading=\"lazy\" decoding=\"async\" width=\"1200\" height=\"800\" data-id=\"601057\" src=\"https:\/\/contentf5.dailynewshungary.com\/wp-content\/uploads\/2024\/06\/PHOTOS-Peter-Magyars-demonstration-in-Budapest-\u2013-Hundreds-of-thousands-protest-against-Orban-regime-4.jpg\" alt=\"\u7167\u7247:\u8482\u8428\u6d3e\u5bf9\u548c\u4f69\u7279\u00b7\u9a6c\u624e\u5c14\u5728\u5e03\u8fbe\u4f69\u65af\u7684\u793a\u5a01\u6d3b\u52a8\u3002\u7c73\u5a05\u00b7\u8d6b\u7279\u5c3c (Mia Hetenyi) \u6444\" class=\"wp-image-601057\" srcset=\"https:\/\/contentf5.dailynewshungary.com\/wp-content\/uploads\/2024\/06\/PHOTOS-Peter-Magyars-demonstration-in-Budapest-\u2013-Hundreds-of-thousands-protest-against-Orban-regime-4.jpg 1200w, https:\/\/contentf5.dailynewshungary.com\/wp-content\/uploads\/2024\/06\/PHOTOS-Peter-Magyars-demonstration-in-Budapest-\u2013-Hundreds-of-thousands-protest-against-Orban-regime-4-768x512.jpg 768w, https:\/\/contentf5.dailynewshungary.com\/wp-content\/uploads\/2024\/06\/PHOTOS-Peter-Magyars-demonstration-in-Budapest-\u2013-Hundreds-of-thousands-protest-against-Orban-regime-4-333x222.jpg 333w, https:\/\/contentf5.dailynewshungary.com\/wp-content\/uploads\/2024\/06\/PHOTOS-Peter-Magyars-demonstration-in-Budapest-\u2013-Hundreds-of-thousands-protest-against-Orban-regime-4-248x165.jpg 248w, https:\/\/contentf5.dailynewshungary.com\/wp-content\/uploads\/2024\/06\/PHOTOS-Peter-Magyars-demonstration-in-Budapest-\u2013-Hundreds-of-thousands-protest-against-Orban-regime-4-1030x687.jpg 1030w, https:\/\/contentf5.dailynewshungary.com\/wp-content\/uploads\/2024\/06\/PHOTOS-Peter-Magyars-demonstration-in-Budapest-\u2013-Hundreds-of-thousands-protest-against-Orban-regime-4-113x75.jpg 113w, https:\/\/contentf5.dailynewshungary.com\/wp-content\/uploads\/2024\/06\/PHOTOS-Peter-Magyars-demonstration-in-Budapest-\u2013-Hundreds-of-thousands-protest-against-Orban-regime-4-480x320.jpg 480w\" sizes=\"auto, (max-width: 1200px) 100vw, 1200px\"><\/figure>\n<figure class=\"wp-block-image size-large\"><img loading=\"lazy\" decoding=\"async\" width=\"1200\" height=\"740\" data-id=\"601056\" src=\"https:\/\/contentf5.dailynewshungary.com\/wp-content\/uploads\/2024\/06\/PHOTOS-Peter-Magyars-demonstration-in-Budapest-\u2013-Hundreds-of-thousands-protest-against-Orban-regime-3.jpg\" alt=\"\u7167\u7247:\u8482\u8428\u6d3e\u5bf9\u548c\u4f69\u7279\u00b7\u9a6c\u624e\u5c14\u5728\u5e03\u8fbe\u4f69\u65af\u7684\u793a\u5a01\u6d3b\u52a8\u3002\u7c73\u5a05\u00b7\u8d6b\u7279\u5c3c (Mia Hetenyi) \u6444\" class=\"wp-image-601056\" srcset=\"https:\/\/contentf5.dailynewshungary.com\/wp-content\/uploads\/2024\/06\/PHOTOS-Peter-Magyars-demonstration-in-Budapest-\u2013-Hundreds-of-thousands-protest-against-Orban-regime-3.jpg 1200w, https:\/\/contentf5.dailynewshungary.com\/wp-content\/uploads\/2024\/06\/PHOTOS-Peter-Magyars-demonstration-in-Budapest-\u2013-Hundreds-of-thousands-protest-against-Orban-regime-3-768x474.jpg 768w, https:\/\/contentf5.dailynewshungary.com\/wp-content\/uploads\/2024\/06\/PHOTOS-Peter-Magyars-demonstration-in-Budapest-\u2013-Hundreds-of-thousands-protest-against-Orban-regime-3-360x222.jpg 360w, https:\/\/contentf5.dailynewshungary.com\/wp-content\/uploads\/2024\/06\/PHOTOS-Peter-Magyars-demonstration-in-Budapest-\u2013-Hundreds-of-thousands-protest-against-Orban-regime-3-1030x635.jpg 1030w, https:\/\/contentf5.dailynewshungary.com\/wp-content\/uploads\/2024\/06\/PHOTOS-Peter-Magyars-demonstration-in-Budapest-\u2013-Hundreds-of-thousands-protest-against-Orban-regime-3-122x75.jpg 122w, https:\/\/contentf5.dailynewshungary.com\/wp-content\/uploads\/2024\/06\/PHOTOS-Peter-Magyars-demonstration-in-Budapest-\u2013-Hundreds-of-thousands-protest-against-Orban-regime-3-480x296.jpg 480w\" sizes=\"auto, (max-width: 1200px) 100vw, 1200px\"><\/figure>\n<\/figure>\n<p><strong>\u53e6\u8bf7\u9605\u8bfb:<\/strong><\/p>\n<ul class=\"wp-block-list\">\n<li><a href=\"https:\/\/dailynewshungary.com\/cn\/%e9%87%8d%e8%a6%81%e6%8f%90%e7%a4%ba%e5%b8%83%e8%be%be%e4%bd%a9%e6%96%af%e4%ba%a4%e9%80%9a%e5%92%8c%e5%85%ac%e5%85%b1%e4%ba%a4%e9%80%9a%e5%9b%a0%e6%94%bf%e6%b2%bb%e7%a4%ba%e5%a8%81%e8%80%8c%e5%8f%91\/\">\u91cd\u8981\u63d0\u793a:\u5e03\u8fbe\u4f69\u65af\u4ea4\u901a\u548c\u516c\u5171\u4ea4\u901a\u56e0\u653f\u6cbb\u793a\u5a01\u800c\u53d1\u751f\u53d8\u5316<\/a><\/li>\n<\/ul>\n","protected":false},"excerpt":{"rendered":"<p>\u515a(Tisztelet \u00e9s Szabads\u00e1g P\u00e1rt)\u7684\u526f\u603b\u7edf\u4f69\u7279 \u00b7 \u9a6c\u624e\u5c14(P\u00e9ter Magyar)\u5df2\u4e8e\u5468\u516d\u4e0b\u53482\u70b9\u5728\u5e03\u8fbe\u4f69\u65af\u7684\u82f1\u96c4\u5e7f\u573a\u7ec4\u7ec7\u4e86\u4e00\u573a\u7ed3\u675f\u7ade\u9009\u7684\u96c6\u4f1a,\u5728\u6b27\u6d32\u8bae\u4f1a\u9009\u4e3e\u524d\u4e00\u5929,\u9a6c\u624e\u5c14\u8bbe\u6cd5\u52a8\u5458\u4e86\u5927\u6279\u4eba\u7fa4\u3002 \u515a(Tisztelet \u00e9s Szabads\u00e1g P\u00e1rt,eng\u3002\u5c0a\u91cd\u4e0e\u81ea\u7531\u515a)\u6210\u4e3a\u5308\u7259\u5229\u7b2c\u4e8c\u5f3a\u515a,\u4e5f\u662f\u4e0d\u52303\u4e2a\u6708\u5185\u6700\u5f3a\u7684\u53cd\u5bf9\u515a\u3002 \u201c\u6211\u4eec\u6765\u8fd9\u91cc\u662f\u56e0\u4e3a\u6211\u4eec\u65e0\u6cd5\u9002\u5e94\u5176\u4ed6\u5730\u65b9\u201d Magyar\u4eca\u5929\u5f00\u59cb\u4ed6\u7684\u6f14\u8bb2\u65f6\u8bf4\u201c\u6211\u4eec\u4eca\u5929\u6765\u5230\u8fd9\u91cc[\u82f1\u96c4\u5e7f\u573a,\u7f16\u8f91\u3002]\u56e0\u4e3a\u6211\u4eec\u65e0\u6cd5\u9002\u5e94\u5176\u4ed6\u4efb\u4f55\u5730\u65b9\u201d\u3002\u201c\u8c01\u4f1a\u60f3\u5230\u5728\u4e8c\u6708,\u53ea\u8fc7\u53bb\u4e86\u56db\u4e2a\u6708,\u4ece\u90a3\u65f6\u8d77,\u6d77\u6d0b,\u56fd\u9645\u6d77\u6d0b,\u5df2\u7ecf\u4e0a\u5347,\u201d\u4ed6\u8bf4,\u5e76\u5f15\u7528\u4e86\u5308\u7259\u5229\u8bd7\u4eba\u6851\u591a\u5c14 \u00b7 \u4f69\u7279\u83f2\u7684\u4e00\u9996\u8bd7,\u9898\u4e3a \u798f\u5c14\u5854\u9a6c\u591a\u7279\u00b7\u6ed5\u683c (\u6574\u4e2a\u5927\u6d77\u90fd\u53d1\u751f\u4e86\u53db\u4e71)\u3002 2024\u5e746\u67088\u65e5\u7531\u4f69\u7279 \u00b7 \u9a6c\u624e\u5c14\u5728\u5e03\u8fbe\u4f69\u65af\u82f1\u96c4\u5e7f\u573a\u7ec4\u7ec7\u7684\u793a\u5a01\u6d3b\u52a8 \u7167\u7247:\u6bcf\u65e5\u65b0\u95fb \u5308\u7259\u5229\/\u9ed8\u585e\u5fb7\u65af \u00b7 \u8d6b\u5179\u66fc \u201c\u6ca1\u6709\u7406\u667a\u7684\u4eba\u60f3\u8981\u5728\u5308\u7259\u5229\u53d1\u52a8\u6218\u4e89\u201d \u6b63\u5982\u5965\u672c\u5185\u9601\u559c\u6b22\u8bf4\u7684\u90a3\u6837,\u4efb\u4f55\u4e0d\u6295\u7968\u7ed9\u9752\u6c11\u76df\u7684\u4eba\u90fd\u662f\u652f\u6301\u6218\u4e89\u7684\u3002\u8fd9\u5c31\u662f\u5f7c\u5f97\u00b7\u9a6c\u624e\u5c14\u60f3\u8981\u53cd\u9a73\u7684\u8bf4\u6cd5,\u65e0\u6570\u6b21\u8bf4&#8221;\u201c\u6ca1\u6709\u7406\u667a\u7684\u4eba\u60f3\u8981\u5308\u7259\u5229\u7684\u6218\u4e89\u3002&#8221;\u201c\u6bcf\u4e2a\u4eba\u90fd\u60f3\u8981\u5308\u7259\u5229\u7684\u548c\u5e73,\u201d\u4ed6\u8bf4\u3002 \u4ed6\u300c\u300d\u7684\u8bf4\u6cd5,\u8482\u8428\u662f\u771f\u6b63\u548c\u5e73\u7684\u653f\u515a,\u4e0d\u50cf\u9752\u6c11\u76df\u4e0d\u5efa\u5766\u514b\u3001\u519b\u706b\u548c\u5f39\u836f\u5de5\u5382,\u8482\u8428\u4e0d\u652f\u6301\u91cd\u65b0\u5f15\u5165\u5f81\u5175\u5236,\u9a6c\u624e\u5c14\u8bf4,\u751a\u81f3\u4f1a\u963b\u6b62\u9752\u6c11\u76df\u91cd\u65b0\u5f15\u5165\u201c\u90a3\u4e9b\u6295\u7968\u652f\u6301\u8482\u8428\u7684\u4eba\u6295\u7968\u652f\u6301\u548c\u5e73\u201d \u201c\u5982\u679c\u4f60\u613f\u610f,\u6211\u4eec\u5c31\u4f1a\u5e9f\u9664\u7279\u6743\u201d\u7684\u6743\u529b \u201c\u5982\u679c\u4f60\u613f\u610f,\u5308\u7259\u5229\u5c06\u518d\u6b21\u6210\u4e3a\u4e00\u4e2a\u6b63\u4e49\u3001\u8363\u8a89\u548c\u6cd5\u5f8b\u7684\u56fd\u5bb6\u3002\u5982\u679c\u4f60\u613f\u610f,\u6211\u4eec\u5c06\u5e9f\u9664\u7279\u6743\u9636\u5c42\u7684\u6743\u529b\u201d\u4ed6\u8bf4\u3002 \u968f\u540e\u4eba\u7fa4\u9ad8\u547c:\u201c\u6211\u4eec\u4e0d\u5bb3\u6015!\u201d \u5c14(P\u00e9ter Magyar)\u5728\u6b27\u6d32\u8bae\u4f1a\u9009\u4e3e\u524d\u4e00\u5929\u52a8\u5458\u4e86\u5e9e\u5927\u7684\u4eba\u7fa4,\u7167\u7247:\u6bcf\u65e5\u65b0\u95fb\u5308\u7259\u5229\/\u9ed8\u585e\u5fb7\u65af \u00b7 \u8d6b\u5179\u66fc \u5f7c\u5f97\u00b7\u9a6c\u624e\u5c14\u611f\u8c22\u5308\u7259\u5229\u653f\u5e9c 25\u4ebf\u798f\u6797\u7684\u516c\u5171\u8d44\u91d1\u6765\u62b9\u9ed1\u6211\u4eec,\u9a6c\u624e\u5c14\u8bf4,\u4ed6\u4e3a\u6b64\u611f\u8c22\u653f\u5e9c,\u56e0\u4e3a\u4ed6\u8bf4\u5728\u573a\u7684\u4eba\u6bd4\u4ee5\u5f80\u4efb\u4f55\u65f6\u5019\u90fd\u591a\u3002 \u201c\u611f\u8c22\u653f\u5e9c\u6570\u5343\u4e2a\u53ef\u6076\u548c\u6492\u8c0e\u7684\u5e7f\u544a\u724c\u548c\u89c6\u9891\u201d\u8c22\u8c22\u4f60,\u4f60\u5e2e\u52a9\u4e86\u5f88\u591a!\u201d \u201c\u6211\u4eca\u5929\u7ad9\u5728\u8fd9\u91cc,\u8fd9\u8981\u611f\u8c22\u4f60\u201d\u9a6c\u624e\u5c14\u544a\u8bc9\u4eba\u7fa4\u201c\u6211\u5728\u65c5\u7a0b\u7684\u6700\u540e\u662f\u4e00\u4e2a\u4e0d\u540c\u7684\u4eba,\u4e09\u4e2a\u6708\u524d\u6211\u4e0d\u77e5\u9053\u81ea\u5df1\u5230\u5e95\u5728\u4ec0\u4e48\u8def\u4e0a\u201d\u201c\u4f60\u7ed9\u6211\u5e0c\u671b,\u6211\u4eec\u7ed9\u5f7c\u6b64\u5e0c\u671b\u201d \u636e\u521d\u6b65\u4f30\u8ba1,\u6709\u6570\u5341\u4e07\u4eba\u53c2\u52a0 \u56fe\u7247:\u6bcf\u65e5\u65b0\u95fb \u5308\u7259\u5229\/\u9ed8\u585e\u5fb7\u65af \u00b7 \u8d6b\u5179\u66fc \u201c\u65e0\u8bba\u6295\u7968\u7ed3\u679c\u5982\u4f55,\u6211\u4eec\u90fd\u514b\u670d\u4e86\u51b7\u6f20\u201d \u65e0\u8bba\u6295\u7968\u7ed3\u679c\u5982\u4f55,\u6211\u4eec\u90fd\u514b\u670d\u4e86\u51b7\u6f20,\u5e76\u5728\u5308\u7259\u5229\u4eba\u548c\u5308\u7259\u5229\u4eba\u4e4b\u95f4\u7ed3\u6210\u8054\u76df\u3002 \u653f\u6cbb\u53ef\u4ee5\u662f\u7f8e\u4e3d\u7684\u3001\u6709\u7528\u7684\u548c\u516c\u6b63\u7684 \u5efa&#8221;\u4e0d\u8bba\u4f60\u662f\u51fa\u751f\u5728\u5e03\u8fbe\u8fd8\u662f\u5728\u9a6c\u624e\u5c14(Magyar)\u7684\u535a\u5c14\u7d22\u5fb7(Borsod)\u7684\u68da\u6237\u533a\u90fd\u65e0\u6240\u8c13\u7684\u56fd\u5bb6,\u8482\u8428\u515a\u8981\u7684\u662f\u4e00\u4e2a\u8c26\u865a\u3001\u6b63\u4e49\u548c\u7231\u5360\u4e3b\u5bfc\u5730\u4f4d\u7684\u56fd\u5bb6,\u4ed6\u4eec\u4f1a\u4e3a\u4e00\u4e2a&#8221;\u201c\u91cd\u8981\u7684\u4e0d\u662f\u5173\u7cfb,\u800c\u662f\u52e4\u594b\u548c\u52aa\u529b\u201d\u7684\u56fd\u5bb6\u5de5\u4f5c\u3002 \u7167\u7247:\u5308\u7259\u5229\u6bcf\u65e5\u65b0\u95fb\/Merc\u00e9desz Hetzmann \u53e6\u8bf7\u9605\u8bfb: \u91cd\u8981\u63d0\u793a:\u5e03\u8fbe\u4f69\u65af\u4ea4\u901a\u548c\u516c\u5171\u4ea4\u901a\u56e0\u653f\u6cbb\u793a\u5a01\u800c\u53d1\u751f\u53d8\u5316<\/p>\n","protected":false},"author":62,"featured_media":658128,"comment_status":"open","ping_status":"open","sticky":false,"template":"","format":"standard","meta":{"_acf_changed":false,"_display_image":"yes","footnotes":""},"categories":[1069],"tags":[3432],"class_list":["post-658127","post","type-post","status-publish","format-standard","has-post-thumbnail","hentry","category-1069","tag-3432"],"blocksy_meta":[],"acf":[],"author_username":"hmercedesz","telegram_post":"","public_post_metadata":{"breaking_news":"yes","important":"no","csempe":"no","center_tile":"no","disable_thumbnail":"no","target_lang":"","_featured_image_style":"hidden","telegram_post":"","_xlat_group_id":""},"public_rank_math_data":{"title":"%title% %sep% %sitename%","description":"","focus_keyword":"\u5f7c\u5f97\u00b7\u9a6c\u624e\u5c14","canonical_url":"","robots":"","primary_category":"1069","breadcrumb_title":"","facebook_title":"","facebook_description":"","facebook_image":"","facebook_image_id":"","twitter_title":"","twitter_description":"","twitter_image":"","twitter_image_id":"","twitter_card_type":"","twitter_use_facebook":"","advanced_robots":"","pillar_content":"","seo_score":"84","contentai_score":"","rich_snippet":""},"_links":{"self":[{"href":"https:\/\/dailynewshungary.com\/cn\/wp-json\/wp\/v2\/posts\/658127","targetHints":{"allow":["GET"]}}],"collection":[{"href":"https:\/\/dailynewshungary.com\/cn\/wp-json\/wp\/v2\/posts"}],"about":[{"href":"https:\/\/dailynewshungary.com\/cn\/wp-json\/wp\/v2\/types\/post"}],"author":[{"embeddable":true,"href":"https:\/\/dailynewshungary.com\/cn\/wp-json\/wp\/v2\/users\/62"}],"replies":[{"embeddable":true,"href":"https:\/\/dailynewshungary.com\/cn\/wp-json\/wp\/v2\/comments?post=658127"}],"version-history":[{"count":0,"href":"https:\/\/dailynewshungary.com\/cn\/wp-json\/wp\/v2\/posts\/658127\/revisions"}],"wp:featuredmedia":[{"embeddable":true,"href":"https:\/\/dailynewshungary.com\/cn\/wp-json\/wp\/v2\/media\/658128"}],"wp:attachment":[{"href":"https:\/\/dailynewshungary.com\/cn\/wp-json\/wp\/v2\/media?parent=658127"}],"wp:term":[{"taxonomy":"category","embeddable":true,"href":"https:\/\/dailynewshungary.com\/cn\/wp-json\/wp\/v2\/categories?post=658127"},{"taxonomy":"post_tag","embeddable":true,"href":"https:\/\/dailynewshungary.com\/cn\/wp-json\/wp\/v2\/tags?post=658127"}],"curies":[{"name":"wp","href":"https:\/\/api.w.org\/{rel}","templated":true}]}}