{"id":651476,"date":"2025-04-03T13:34:00","date_gmt":"2025-04-03T11:34:00","guid":{"rendered":"https:\/\/dailynewshungary.com\/de\/fm-szijjarto-chinesische-investitionen-werden-ungarn-im-jahr-2025-uberschwemmen\/"},"modified":"2025-04-03T13:34:00","modified_gmt":"2025-04-03T11:34:00","slug":"fm-szijjarto-chinesische-investitionen-werden-ungarn-im-jahr-2025-uberschwemmen","status":"publish","type":"post","link":"https:\/\/dailynewshungary.com\/de\/fm-szijjarto-chinesische-investitionen-werden-ungarn-im-jahr-2025-uberschwemmen\/","title":{"rendered":"FM Szijj\u00e1rt\u00f3: Chinesische Investitionen werden Ungarn im Jahr 2025 \u00fcberschwemmen"},"content":{"rendered":"<p><strong>Eine Reihe gro\u00dfer chinesischer Unternehmen werden 2025 oder Anfang 2026 Produktionskapazit\u00e4ten in Ungarn einf\u00fchren und damit einen gro\u00dfen Beitrag dazu leisten, dass 2025 ein \u201cDurchbruchsjahr\u201d f\u00fcr die lokale Wirtschaft ist, sagte Minister f\u00fcr ausw\u00e4rtige Angelegenheiten und Handel, P\u00e9ter Szijj\u00e1rt\u00f3, am Donnerstag in Budapest, im Vorfeld einer Sitzung des Ungarisch-Chinesischen Gemischten Wirtschaftsausschusses.<\/strong><\/p>\n<p>In einer Erkl\u00e4rung seines Ministeriums gab Szijj\u00e1rt\u00f3 <strong><a href=\"https:\/\/www.facebook.com\/szijjarto.peter.official\/videos\/646822901438982\/?__cft__[0]=AZWWwtAIsxUFXQEs7JghCLwrVxi-sUsoFrf13ZlS4cB3yN_lDMesB2F8ms9r6YOQ2e5MfCagyg2rJpSfLtBcekh1h461QBS9ZwR7LJxZooUoJ97ymjpztyawdxLhTkwbOqlwQZ8yace60ga8dGJb8gKJTB74cOFCFwPJqS5UJthSbNHt65AMXtQCKXFSAfP4S3LzozznkBrsHVSHwlTO7ja1&amp;__tn__=%2CO%2CP-R\" target=\"_blank\" rel=\"noopener\">Sagte <\/a><\/strong>Dass beide L\u00e4nder von ihrer Zusammenarbeit profitiert h\u00e4tten und diese im Rahmen eines strategischen Partnerschaftsabkommens, das sich auf alle Bereiche erstreckt, das 2024 unterzeichnet wurde, weiter vorantreiben wollten Er stellte fest, dass chinesische Unternehmen in den Jahren 2020, 2023 und 2024 die meisten ausl\u00e4ndischen Direktinvestitionen nach Ungarn gebracht h\u00e4tten.<\/p>\n<p>In den vergangenen zehn Jahren, so sagte er, h\u00e4tten chinesische Unternehmen 54 gro\u00dfe Investitionen mit einem Gesamtwert von 7.000 Mrd. HUF get\u00e4tigt und damit mehr als 30.000 Arbeitspl\u00e4tze geschaffenEr f\u00fcgte hinzu, dass diese Unternehmen Ungarn an die \u201cVorderfront\u201d der Revolution der Elektromobilit\u00e4t gestellt h\u00e4tten.<\/p>\n<figure class=\"wp-block-image aligncenter size-large\"><img loading=\"lazy\" decoding=\"async\" width=\"1280\" height=\"854\" src=\"https:\/\/content.dailynewshungary.com\/wp-content\/uploads\/2025\/04\/Foreign-Minister-Peter-Szijjarto-China-1280x854.jpg\" alt=\"Au\u00dfenminister P\u00e9ter Szijj\u00e1rt\u00f3 China\" class=\"wp-image-650001\" srcset=\"https:\/\/contentf5.dailynewshungary.com\/wp-content\/uploads\/2025\/04\/Foreign-Minister-Peter-Szijjarto-China-1280x854.jpg 1280w, https:\/\/contentf5.dailynewshungary.com\/wp-content\/uploads\/2025\/04\/Foreign-Minister-Peter-Szijjarto-China-768x512.jpg 768w, https:\/\/contentf5.dailynewshungary.com\/wp-content\/uploads\/2025\/04\/Foreign-Minister-Peter-Szijjarto-China-282x188.jpg 282w, https:\/\/contentf5.dailynewshungary.com\/wp-content\/uploads\/2025\/04\/Foreign-Minister-Peter-Szijjarto-China-1536x1025.jpg 1536w, https:\/\/contentf5.dailynewshungary.com\/wp-content\/uploads\/2025\/04\/Foreign-Minister-Peter-Szijjarto-China.jpg 2048w\" sizes=\"auto, (max-width: 1280px) 100vw, 1280px\"><figcaption class=\"wp-element-caption\">Foto: FB\/Szijj\u00e1rt\u00f3<\/figcaption><\/figure>\n<p>Er sagte, der chinesische Elektrofahrzeughersteller BYD werde Anfang 2026 in seinem Werk in Ungarn mit der Produktion beginnen, dem ersten des Unternehmens in Europa, w\u00e4hrend die Produktion im \u00f6rtlichen Werk des chinesischen Batterieherstellers CATL im Jahr 2025 beginnen werde. Huayou Cobalt werde die Produktion in seiner \u00f6rtlichen Einheit aufnehmen im Sommer, und Semcorp werde das Gleiche im Herbst tun, f\u00fcgte er hinzu.<\/p>\n<h2 class=\"wp-block-heading\">2025 wird das Jahr des Durchbruchs<\/h2>\n<p>Diese Investitionen w\u00fcrden der ungarischen Wirtschaft einen gro\u00dfen Aufschwung verleihen und 2025 zu einem \u201eDurchbruchsjahr\u201d machen, sagte er. Szijj\u00e1rt\u00f3 sagte, die Seiten h\u00e4tten ihre Absicht bekr\u00e4ftigt, auch F+E- und Dienstleistungsinvestitionen aus China nach Ungarn zu bringen. Er f\u00fcgte hinzu, dass Ungarn das Ziel Nummer eins f\u00fcr chinesische Investitionen in Europa sei.<\/p>\n<p>Er sagte, dass Ungarn auch ein Luftfrachtdrehkreuz f\u00fcr chinesische Waren in Mitteleuropa seiEr f\u00fcgte hinzu, dass gro\u00dfe chinesische Elektronikunternehmen 2024 bei Budapest Liszt Ferenc International \u00fcber die H\u00e4lfte des Frachtvolumens ausgemacht h\u00e4ttenWochenweise verbinden 37 Frachtfl\u00fcge und 21 Passagierfl\u00fcge Ungarn und China, sagte er.<\/p>\n<p>Er sagte die <a href=\"https:\/\/commission.europa.eu\/index_en\" target=\"_blank\" rel=\"noopener\"><strong>Europ\u00e4ische Kommission<\/strong><\/a> \u201cRiesenfehler\u201d begangen hatte, als sie beschloss, Z\u00f6lle auf chinesische Elektrofahrzeuge zu erheben, au\u00dferdem rief er die EG dazu auf, vor der Einf\u00fchrung der Z\u00f6lle nicht mit den Vereinigten Staaten verhandelt zu haben.<\/p>\n<p><strong>Lesen Sie auch:<\/strong><\/p>\n<ul class=\"wp-block-list\">\n<li>Mehrere chinesische Restaurants haben in Budapest wegen Hygienekonflikten geschlossen \u2013 weiterlesen <strong><a href=\"https:\/\/dailynewshungary.com\/de\/mehrere-chinesische-restaurants-wurden-in-budapest-wegen-verstosen-gegen-die-hygiene-geschlossen\/\">HIER<\/a><\/strong><\/li>\n<li>Fl\u00fcge, visumfreies Reisen: Budapest <strong><a href=\"https:\/\/dailynewshungary.com\/de\/fluge-visumfreies-reisen-budapest-ist-gastgeber-der-kultur-und-tourismusforderungsveranstaltung-hallo-peking\/\">Gastgeber<\/a><\/strong> \u201cHallo, Peking!\u201d Kultur &#8211; und Tourismusf\u00f6rderveranstaltung<\/li>\n<\/ul>\n","protected":false},"excerpt":{"rendered":"<p>Eine Reihe gro\u00dfer chinesischer Unternehmen werden 2025 oder Anfang 2026 Produktionskapazit\u00e4ten in Ungarn einf\u00fchren und damit einen gro\u00dfen Beitrag dazu leisten, dass 2025 ein \u201cDurchbruchsjahr\u201d f\u00fcr die lokale Wirtschaft ist, sagte Minister f\u00fcr ausw\u00e4rtige Angelegenheiten und Handel, P\u00e9ter Szijj\u00e1rt\u00f3, am Donnerstag in Budapest, im Vorfeld einer Sitzung des Ungarisch-Chinesischen Gemischten Wirtschaftsausschusses. In einer Erkl\u00e4rung seines [&hellip;]<\/p>\n","protected":false},"author":33,"featured_media":651477,"comment_status":"open","ping_status":"open","sticky":false,"template":"","format":"standard","meta":{"_acf_changed":false,"_display_image":"yes","footnotes":""},"categories":[1081],"tags":[1169,1162,1343,1102,1076],"class_list":["post-651476","post","type-post","status-publish","format-standard","has-post-thumbnail","hentry","category-politik","tag-aussenministerium-von-ungarn","tag-china","tag-investitionen","tag-ungarische-regierung","tag-ungarn"],"blocksy_meta":[],"acf":[],"author_username":"ugyelet","telegram_post":"","public_post_metadata":{"breaking_news":"yes","important":"no","csempe":"no","center_tile":"no","disable_thumbnail":"no","target_lang":"","_featured_image_style":"hidden","telegram_post":"","_xlat_group_id":""},"public_rank_math_data":{"title":"%title% %sep% %sitename%","description":"Eine Reihe gro\u00dfer chinesischer Unternehmen werden 2025 oder Anfang 2026 Produktionskapazit\u00e4ten in Ungarn einf\u00fchren, sagte FM-P\u00e9ter Szijj\u00e1rt\u00f3.","focus_keyword":"Chinesische","canonical_url":"","robots":"","primary_category":"1081","breadcrumb_title":"","facebook_title":"","facebook_description":"","facebook_image":"","facebook_image_id":"","twitter_title":"","twitter_description":"","twitter_image":"","twitter_image_id":"","twitter_card_type":"","twitter_use_facebook":"","advanced_robots":"","pillar_content":"","seo_score":"70","contentai_score":"","rich_snippet":""},"_links":{"self":[{"href":"https:\/\/dailynewshungary.com\/de\/wp-json\/wp\/v2\/posts\/651476","targetHints":{"allow":["GET"]}}],"collection":[{"href":"https:\/\/dailynewshungary.com\/de\/wp-json\/wp\/v2\/posts"}],"about":[{"href":"https:\/\/dailynewshungary.com\/de\/wp-json\/wp\/v2\/types\/post"}],"author":[{"embeddable":true,"href":"https:\/\/dailynewshungary.com\/de\/wp-json\/wp\/v2\/users\/33"}],"replies":[{"embeddable":true,"href":"https:\/\/dailynewshungary.com\/de\/wp-json\/wp\/v2\/comments?post=651476"}],"version-history":[{"count":0,"href":"https:\/\/dailynewshungary.com\/de\/wp-json\/wp\/v2\/posts\/651476\/revisions"}],"wp:featuredmedia":[{"embeddable":true,"href":"https:\/\/dailynewshungary.com\/de\/wp-json\/wp\/v2\/media\/651477"}],"wp:attachment":[{"href":"https:\/\/dailynewshungary.com\/de\/wp-json\/wp\/v2\/media?parent=651476"}],"wp:term":[{"taxonomy":"category","embeddable":true,"href":"https:\/\/dailynewshungary.com\/de\/wp-json\/wp\/v2\/categories?post=651476"},{"taxonomy":"post_tag","embeddable":true,"href":"https:\/\/dailynewshungary.com\/de\/wp-json\/wp\/v2\/tags?post=651476"}],"curies":[{"name":"wp","href":"https:\/\/api.w.org\/{rel}","templated":true}]}}