{"id":652523,"date":"2025-03-04T06:34:00","date_gmt":"2025-03-04T05:34:00","guid":{"rendered":"https:\/\/dailynewshungary.com\/de\/mihaly-varga-wurde-zum-gouverneur-von-nbh-ernannt-updated\/"},"modified":"2025-03-04T06:34:00","modified_gmt":"2025-03-04T05:34:00","slug":"mihaly-varga-wurde-zum-gouverneur-von-nbh-ernannt-updated","status":"publish","type":"post","link":"https:\/\/dailynewshungary.com\/de\/mihaly-varga-wurde-zum-gouverneur-von-nbh-ernannt-updated\/","title":{"rendered":"Mih\u00e1ly Varga wurde zum Gouverneur von NBH ernannt, UPDATED"},"content":{"rendered":"<p><strong>Der ungarische Pr\u00e4sident Tam\u00e1s Sulyok hat Mih\u00e1ly Varga am Montag f\u00fcr eine sechsj\u00e4hrige Amtszeit zum Gouverneur der Ungarischen Nationalbank (NBH) im S\u00e1ndor-Palast ernannt.<\/strong><\/p>\n<p>Der NBH-Gouverneur wird vom ungarischen Pr\u00e4sidenten auf Vorschlag des Premierministers nach einer Anh\u00f6rung vor einem parlamentarischen Ausschuss ernannt.<\/p>\n<p>Vor Erhalt seines Ernennungsschreibens leistete der ehemalige Finanzminister einen Eid auf das Grundgesetz und die Aus\u00fcbung seines Amtes zugunsten der ungarischen Nation.<\/p>\n<p>An der Veranstaltung nahmen Premierminister Viktor Orb\u00e1n, der Sprecher des Repr\u00e4sentantenhauses L\u00e1szl\u00f3 K\u00f6v\u00e9r, Gergely Guly\u00e1s, der Leiter des B\u00fcros des Premierministers, und M\u00e1tee Kocsis teil, der die Fraktion von Fidesz leitet.<\/p>\n<h2 class=\"wp-block-heading\">Neuer NBH-Gouverneur markiert &#8216;konsistente&#8217;, &#8216;disziplinierte&#8217; Geldpolitik<\/h2>\n<p>Mih\u00e1ly Varga, der neue Gouverneur der Ungarischen Nationalbank (NBH), sagte in einer am Dienstag ver\u00f6ffentlichten Erkl\u00e4rung, die Zentralbank werde eine \u201ckonsistente\u201d und \u201cdisziplinierte\u201d Geldpolitik fortsetzen, die \u201cdie Glaubw\u00fcrdigkeit und das Vertrauen st\u00e4rkt\u201d.<\/p>\n<p>Der am Montag vereidigte Varga sagte, dass \u201cStabilit\u00e4t, Unabh\u00e4ngigkeit und Transparenz\u201d die Grundprinzipien f\u00fcr die T\u00e4tigkeit der Zentralbank unter seiner Aufsicht sein w\u00fcrden.<\/p>\n<p>Varga signalisierte \u201cfeste\u201d Reaktionen auf jedes Risiko f\u00fcr das Inflationsziel, die Finanzstabilit\u00e4t oder die nachhaltige Entwicklung der Wirtschaft, im Einklang mit den Hauptzielen der NBH.<\/p>\n<p>Er betonte, dass seine Arbeit \u201cklare Kommunikation und konsequentes Handeln\u201d miteinander verbinden, das Vertrauen in das lokale Finanzsystem st\u00e4rken und die Sicherheit der Wirtschaftsakteure gew\u00e4hrleisten w\u00fcrde.<\/p>\n<p>Die NBH werde nach den Grunds\u00e4tzen der Transparenz, Professionalit\u00e4t und verantwortungsvollen F\u00fchrung agieren und dabei Aktivit\u00e4ten reduzieren, die au\u00dferhalb des Rahmens \u201cklassischer Zentralbankaufgaben\u201d liegen, sagte er.<\/p>\n<p>Varga sagte, die ungarische Wirtschaft st\u00fctze sich auf ein stabiles Fundament und verwies auf g\u00fcnstige Wachstumsaussichten sowie eine starke Liquidit\u00e4t von Haushalten, Unternehmen und dem Bankensystem.<\/p>\n<p>\u201cIndem die Inflation dauerhaft niedrig gehalten und die Finanzstabilit\u00e4t gewahrt wird, kann die Zentralbank ein nachhaltiges Wirtschaftswachstum unterst\u00fctzen\u201d, f\u00fcgte er hinzu.<\/p>\n<p>Er wies darauf hin, dass das Gesetz die Unabh\u00e4ngigkeit der Zentralbank gew\u00e4hrleiste und sagte, die NBH werde mit der Regierung sowie lokalen und internationalen Organisationen im Einklang mit bew\u00e4hrten Verfahren und der gegenseitigen Achtung der jeweiligen Verantwortlichkeiten zusammenarbeiten.<\/p>\n<p><strong>Lesen Sie auch:<\/strong><\/p>\n<ul class=\"wp-block-list\">\n<li><a href=\"https:\/\/dailynewshungary.com\/de\/watchdog-nbh-verhangt-geldbusen-gegen-die-beiden-grosten-banken-ungarns-wegen-unzureichender-abhilfemasnahmen\/\">Watchdog NBH verh\u00e4ngt Geldbu\u00dfen gegen die beiden gr\u00f6\u00dften Banken Ungarns wegen unzureichender Abhilfema\u00dfnahmen<\/a><\/li>\n<li><a href=\"https:\/\/dailynewshungary.com\/de\/nbh-begrust-stellungnahme-der-ezb-zur-anderung-des-zentralbankrechts\/\">NBH begr\u00fc\u00dft Stellungnahme der EZB zur \u00c4nderung des Zentralbankrechts<\/a><\/li>\n<\/ul>\n","protected":false},"excerpt":{"rendered":"<p>Der ungarische Pr\u00e4sident Tam\u00e1s Sulyok hat Mih\u00e1ly Varga am Montag f\u00fcr eine sechsj\u00e4hrige Amtszeit zum Gouverneur der Ungarischen Nationalbank (NBH) im S\u00e1ndor-Palast ernannt. Der NBH-Gouverneur wird vom ungarischen Pr\u00e4sidenten auf Vorschlag des Premierministers nach einer Anh\u00f6rung vor einem parlamentarischen Ausschuss ernannt. Vor Erhalt seines Ernennungsschreibens leistete der ehemalige Finanzminister einen Eid auf das Grundgesetz und [&hellip;]<\/p>\n","protected":false},"author":33,"featured_media":652524,"comment_status":"open","ping_status":"open","sticky":false,"template":"","format":"standard","meta":{"_acf_changed":false,"_display_image":"yes","footnotes":""},"categories":[1101],"tags":[1091,1256,1102,1103,1076],"class_list":["post-652523","post","type-post","status-publish","format-standard","has-post-thumbnail","hentry","category-flashnews","tag-fidesz","tag-nationalbank-von-ungarn","tag-ungarische-regierung","tag-ungarisches-parlament","tag-ungarn"],"blocksy_meta":[],"acf":[],"author_username":"ugyelet","telegram_post":"","public_post_metadata":{"breaking_news":"yes","important":"no","csempe":"no","center_tile":"no","disable_thumbnail":"no","target_lang":"","_featured_image_style":"hidden","telegram_post":"","_xlat_group_id":""},"public_rank_math_data":{"title":"%title% %sep% %sitename%","description":"Der ungarische Pr\u00e4sident Tam\u00e1s Sulyok hat Mih\u00e1ly Varga am Montag f\u00fcr eine sechsj\u00e4hrige Amtszeit zum Gouverneur der Ungarischen Nationalbank (NBH) im S\u00e1ndor-Palast ernannt.","focus_keyword":"Mih\u00e1ly Varga","canonical_url":"","robots":"","primary_category":"1101","breadcrumb_title":"","facebook_title":"","facebook_description":"","facebook_image":"","facebook_image_id":"","twitter_title":"","twitter_description":"","twitter_image":"","twitter_image_id":"","twitter_card_type":"","twitter_use_facebook":"","advanced_robots":"","pillar_content":"","seo_score":"66","contentai_score":"","rich_snippet":""},"_links":{"self":[{"href":"https:\/\/dailynewshungary.com\/de\/wp-json\/wp\/v2\/posts\/652523","targetHints":{"allow":["GET"]}}],"collection":[{"href":"https:\/\/dailynewshungary.com\/de\/wp-json\/wp\/v2\/posts"}],"about":[{"href":"https:\/\/dailynewshungary.com\/de\/wp-json\/wp\/v2\/types\/post"}],"author":[{"embeddable":true,"href":"https:\/\/dailynewshungary.com\/de\/wp-json\/wp\/v2\/users\/33"}],"replies":[{"embeddable":true,"href":"https:\/\/dailynewshungary.com\/de\/wp-json\/wp\/v2\/comments?post=652523"}],"version-history":[{"count":0,"href":"https:\/\/dailynewshungary.com\/de\/wp-json\/wp\/v2\/posts\/652523\/revisions"}],"wp:featuredmedia":[{"embeddable":true,"href":"https:\/\/dailynewshungary.com\/de\/wp-json\/wp\/v2\/media\/652524"}],"wp:attachment":[{"href":"https:\/\/dailynewshungary.com\/de\/wp-json\/wp\/v2\/media?parent=652523"}],"wp:term":[{"taxonomy":"category","embeddable":true,"href":"https:\/\/dailynewshungary.com\/de\/wp-json\/wp\/v2\/categories?post=652523"},{"taxonomy":"post_tag","embeddable":true,"href":"https:\/\/dailynewshungary.com\/de\/wp-json\/wp\/v2\/tags?post=652523"}],"curies":[{"name":"wp","href":"https:\/\/api.w.org\/{rel}","templated":true}]}}