{"id":653869,"date":"2025-04-21T07:34:00","date_gmt":"2025-04-21T05:34:00","guid":{"rendered":"https:\/\/dailynewshungary.com\/de\/ungarischer-kardinal-erdo-die-welt-braucht-dringend-hoffnung\/"},"modified":"2025-04-21T07:34:00","modified_gmt":"2025-04-21T05:34:00","slug":"ungarischer-kardinal-erdo-die-welt-braucht-dringend-hoffnung","status":"publish","type":"post","link":"https:\/\/dailynewshungary.com\/de\/ungarischer-kardinal-erdo-die-welt-braucht-dringend-hoffnung\/","title":{"rendered":"Ungarischer Kardinal Erd\u0151: Die Welt \u201cbraucht dringend Hoffnung\u201d"},"content":{"rendered":"<p><strong>Ostern, das Fest der Hoffnung, bietet der Welt und ihren V\u00f6lkern etwas, das sie dringend brauchen, sagte der Erzbischof von Esztergom-Budapest bei der Er\u00f6ffnung der Ostermesse in der Basilika von Esztergom am Sonntag.<\/strong><\/p>\n\n\n\n<p>Kardinal <a href=\"https:\/\/en.m.wikipedia.org\/wiki\/P\u00e9ter_Erd\u0151\" target=\"_blank\" rel=\"noopener\">P\u00e9ter Erd\u0151<\/a> sagte in seiner Predigt, dass die Auferstehung Christi, die von Gott angenommen wurde, die Schaffung von Frieden zwischen Himmel und Erde verk\u00f6rpert.<\/p>\n\n\n\n<p>Er sagte, die Menschen br\u00e4uchten in der orientierungslosen Welt von heute dringend eine \u00f6sterliche Hoffnung. Die Hoffnung k\u00f6nne den Menschen helfen, &#8220;zerst\u00f6rerische Kriege zu vermeiden und gemeinsam nach L\u00f6sungen f\u00fcr die Probleme der Menschheit zu suchen&#8221;, indem sie auf den Sch\u00f6pfer vertrauten, sagte er.<\/p>\n\n\n\n<p>&#8220;Auch unser Volk braucht diese Hoffnung, um sich nicht in den Irrg\u00e4rten des internationalen Lebens zu verlieren und in Hoffnungslosigkeit zu versinken&#8221;, sagte er und forderte die Menschen auf, &#8220;den Wert und die Aufgabe ihres Gemeinschaftslebens zu erkennen&#8221;.<\/p>\n\n\n\n<p>Das Neue Testament und die Lehren der Kirche bewahrten und erl\u00e4uterten authentisch das Verm\u00e4chtnis Jesu, sagte Erd\u0151. Durch eine pers\u00f6nliche, spirituelle Beziehung zu Jesus und durch die Verbindung mit ihm durch historische und pers\u00f6nliche spirituelle Erfahrungen &#8220;ver\u00e4ndert sich unser Leben&#8221;. Das sei es, was das christliche Zeugnis bedeute, und auch die heutige Welt brauche ein solches Zeugnis.<\/p>\n\n\n\n<p>&#8220;Unsere Gemeinschaften sollen nicht von Hass oder gegenseitiger Verleumdung durchdrungen sein, nicht von Angst vor der Zukunft, sondern von Liebe, die mit offenem Herzen auf den anderen zugeht&#8221;, so der Kardinal.<\/p>\n\n\n\n<p><strong>Lesen Sie auch:<\/strong><\/p>\n\n\n\n<ul class=\"wp-block-list\">\n<li><a href=\"https:\/\/dailynewshungary.com\/de\/achtung-budapest-offentlicher-verkehr-zeitplan-fur-das-osterwochenende-und-die-fruhlingsferien-zu-andern\/\">Achtung! Ge\u00e4nderter Fahrplan der \u00f6ffentlichen Verkehrsmittel in Budapest f\u00fcr das Osterwochenende und die Fr\u00fchlingsferien<\/a><\/li>\n\n\n\n<li><a href=\"https:\/\/dailynewshungary.com\/de\/planen-sie-voraus-einkaufsfuhrer-zum-osterwochenende-in-ungarn\/\">Vorausplanen: Einkaufsf\u00fchrer f\u00fcr das Osterwochenende in Ungarn!<\/a><\/li>\n<\/ul>\n","protected":false},"excerpt":{"rendered":"<p>Ostern, das Fest der Hoffnung, bietet der Welt und ihren V\u00f6lkern etwas, das sie dringend brauchen, sagte der Erzbischof von Esztergom-Budapest bei der Er\u00f6ffnung der Ostermesse in der Basilika von Esztergom am Sonntag. Kardinal P\u00e9ter Erd\u0151 sagte in seiner Predigt, dass die Auferstehung Christi, die von Gott angenommen wurde, die Schaffung von Frieden zwischen Himmel [&hellip;]<\/p>\n","protected":false},"author":33,"featured_media":653870,"comment_status":"open","ping_status":"open","sticky":false,"template":"","format":"standard","meta":{"_acf_changed":false,"_display_image":"yes","footnotes":""},"categories":[1098],"tags":[1184,1324,1134,1076],"class_list":["post-653869","post","type-post","status-publish","format-standard","has-post-thumbnail","hentry","category-gesellschaft","tag-krieg","tag-ostern","tag-religion","tag-ungarn"],"blocksy_meta":[],"acf":[],"author_username":"ugyelet","telegram_post":"","public_post_metadata":{"breaking_news":"yes","important":"no","csempe":"no","center_tile":"no","disable_thumbnail":"no","target_lang":"","_featured_image_style":"default","telegram_post":"","_xlat_group_id":""},"public_rank_math_data":{"title":"%title% %sep% %sitename%","description":"Ostern, das Fest der Hoffnung, bietet der Welt und ihren V\u00f6lkern etwas, das sie dringend brauchen, sagte der Erzbischof von Esztergom-Budapest zu Beginn der Ostermesse am Sonntag in der Basilika von Esztergom.","focus_keyword":"Erd\u0151","canonical_url":"","robots":"","primary_category":"1098","breadcrumb_title":"","facebook_title":"","facebook_description":"","facebook_image":"","facebook_image_id":"","twitter_title":"","twitter_description":"","twitter_image":"","twitter_image_id":"","twitter_card_type":"","twitter_use_facebook":"","advanced_robots":"","pillar_content":"","seo_score":"72","contentai_score":"","rich_snippet":""},"_links":{"self":[{"href":"https:\/\/dailynewshungary.com\/de\/wp-json\/wp\/v2\/posts\/653869","targetHints":{"allow":["GET"]}}],"collection":[{"href":"https:\/\/dailynewshungary.com\/de\/wp-json\/wp\/v2\/posts"}],"about":[{"href":"https:\/\/dailynewshungary.com\/de\/wp-json\/wp\/v2\/types\/post"}],"author":[{"embeddable":true,"href":"https:\/\/dailynewshungary.com\/de\/wp-json\/wp\/v2\/users\/33"}],"replies":[{"embeddable":true,"href":"https:\/\/dailynewshungary.com\/de\/wp-json\/wp\/v2\/comments?post=653869"}],"version-history":[{"count":0,"href":"https:\/\/dailynewshungary.com\/de\/wp-json\/wp\/v2\/posts\/653869\/revisions"}],"wp:featuredmedia":[{"embeddable":true,"href":"https:\/\/dailynewshungary.com\/de\/wp-json\/wp\/v2\/media\/653870"}],"wp:attachment":[{"href":"https:\/\/dailynewshungary.com\/de\/wp-json\/wp\/v2\/media?parent=653869"}],"wp:term":[{"taxonomy":"category","embeddable":true,"href":"https:\/\/dailynewshungary.com\/de\/wp-json\/wp\/v2\/categories?post=653869"},{"taxonomy":"post_tag","embeddable":true,"href":"https:\/\/dailynewshungary.com\/de\/wp-json\/wp\/v2\/tags?post=653869"}],"curies":[{"name":"wp","href":"https:\/\/api.w.org\/{rel}","templated":true}]}}