{"id":654549,"date":"2025-02-07T09:04:00","date_gmt":"2025-02-07T08:04:00","guid":{"rendered":"https:\/\/dailynewshungary.com\/de\/ungarischer-ausenminister-erstaunt-uber-trumps-verhandlungsgeschick\/"},"modified":"2025-02-07T09:04:00","modified_gmt":"2025-02-07T08:04:00","slug":"ungarischer-ausenminister-erstaunt-uber-trumps-verhandlungsgeschick","status":"publish","type":"post","link":"https:\/\/dailynewshungary.com\/de\/ungarischer-ausenminister-erstaunt-uber-trumps-verhandlungsgeschick\/","title":{"rendered":"Ungarischer Au\u00dfenminister erstaunt \u00fcber Trumps Verhandlungsgeschick"},"content":{"rendered":"<p><strong>Au\u00dfenminister P\u00e9ter Szijj\u00e1rt\u00f3 sagte in New York, als Pr\u00e4sident Trump seinen Plan bez\u00fcglich des Abraham-Abkommens angek\u00fcndigt hatte, \u201egab es kaum jemanden auf der Welt, der an den Erfolg dieser Abkommen geglaubt h\u00e4tte. Und am Ende des Tages hat er es geschafft.\u201cUnd das Abraham-Abkommen hat dem Leben im Nahen Osten eine v\u00f6llig neue Dimension verliehen\u201d.<\/strong><\/p>\n<p>Die <strong><a href=\"https:\/\/www.whitehouse.gov\/\" target=\"_blank\" rel=\"noopener\">Wei\u00dfes Haus<\/a><\/strong>Das berichtete der Rapid Response 47-Account auf X am Donnerstag <strong><a href=\"https:\/\/www.facebook.com\/szijjarto.peter.official\" target=\"_blank\" rel=\"noopener\">Szijj\u00e1rt\u00f3 <\/a><\/strong>Fox News gesagt hatte, Pr\u00e4sident Trump habe ein fantastisches Verhandlungsgeschick, er sei ein Dealmaker, und wenn es um Pr\u00e4sident Trump gehe \u201cw\u00fcrde ich nichts als hoffnungslos bezeichnen\u201d.<\/p>\n<p>Nach Pr\u00e4sident gefragt <strong><a href=\"https:\/\/x.com\/realdonaldtrump?mx=2\" target=\"_blank\">Trumps<\/a><\/strong> Ank\u00fcndigung, dass die USA Gaza von Israel \u201c\u00fcbernehmen\u201d w\u00fcrden, sagte Szijj\u00e1rt\u00f3: \u201cUngarn ist absolut an L\u00f6sungen interessiert, die Frieden und Stabilit\u00e4t in den Nahen Osten bringen\u201d<\/p>\n<h2 class=\"wp-block-heading\">Szijj\u00e1rt\u00f3 lobt Trump<\/h2>\n<p>\u201cIch wei\u00df nicht, ob das umsetzbar ist und ob die L\u00e4nder in der Region diesen Plan akzeptieren werden Aber wir alle wissen, dass Pr\u00e4sident Trump ein Dealmaker ist Wir alle wissen, dass Pr\u00e4sident Trump \u00fcber fantastisches Verhandlungsgeschick verf\u00fcgtWir verstehen, dass er mit seinen jordanischen und \u00e4gyptischen Kollegen in Kontakt stand, also mal sehen\u201d, sagte er.<\/p>\n<p>\u201cDas ist heutzutage vielleicht das komplizierteste Thema der Welt: Wie kann man langfristigen Frieden im Nahen Osten schaffen Ich verstehe, dass alle Arten von Vorschl\u00e4gen sehr heikel sind, alle Arten von Vorschl\u00e4gen k\u00f6nnen Emotionen erzeugen\u201d, f\u00fcgte er hinzu \u201cWas ich sage ist, dass ich, wenn es um Pr\u00e4sident Trump geht, nichts ausschlie\u00dfen w\u00fcrde\u201d, sagte Szijj\u00e1rt\u00f3.<\/p>\n<p><strong>Lesen Sie auch:<\/strong><\/p>\n<ul class=\"wp-block-list\">\n<li>Rassistische Rhetorik: Rum\u00e4nischer Pr\u00e4sidentschaftskandidat Georgescu <strong><a href=\"https:\/\/dailynewshungary.com\/de\/rassistische-rhetorik-der-rumanische-prasidentschaftskandidat-georgescu-fordert-die-einschrankung-der-ungarischen-rechte\/\">Anrufe <\/a><\/strong>F\u00fcr die Einschr\u00e4nkung der ungarischen Rechte!<\/li>\n<li>Kabinettserkl\u00e4rungen Orb\u00e1ns <strong><a href=\"https:\/\/dailynewshungary.com\/de\/orbans-kabinettserklarungen-vertiefen-die-krise-zwischen-ungarn-und-polen\/\">Vertiefen<\/a><\/strong> Die Krise zwischen Ungarn und Polen<\/li>\n<\/ul>\n","protected":false},"excerpt":{"rendered":"<p>Au\u00dfenminister P\u00e9ter Szijj\u00e1rt\u00f3 sagte in New York, als Pr\u00e4sident Trump seinen Plan bez\u00fcglich des Abraham-Abkommens angek\u00fcndigt hatte, \u201egab es kaum jemanden auf der Welt, der an den Erfolg dieser Abkommen geglaubt h\u00e4tte. Und am Ende des Tages hat er es geschafft.\u201cUnd das Abraham-Abkommen hat dem Leben im Nahen Osten eine v\u00f6llig neue Dimension verliehen\u201d. Die [&hellip;]<\/p>\n","protected":false},"author":33,"featured_media":654550,"comment_status":"open","ping_status":"open","sticky":false,"template":"","format":"standard","meta":{"_acf_changed":false,"_display_image":"yes","footnotes":""},"categories":[1081],"tags":[1169,1102,1076],"class_list":["post-654549","post","type-post","status-publish","format-standard","has-post-thumbnail","hentry","category-politik","tag-aussenministerium-von-ungarn","tag-ungarische-regierung","tag-ungarn"],"blocksy_meta":[],"acf":[],"author_username":"ugyelet","telegram_post":"","public_post_metadata":{"breaking_news":"no","important":"no","csempe":"no","center_tile":"no","disable_thumbnail":"no","target_lang":"","_featured_image_style":"hidden","telegram_post":"","_xlat_group_id":""},"public_rank_math_data":{"title":"%title% %sep% %sitename%","description":"Szijj\u00e1rt\u00f3 sagte gegen\u00fcber Fox News, dass Pr\u00e4sident Trump \u00fcber fantastische Verhandlungsf\u00e4higkeiten verf\u00fcge, er ein Dealmaker sei und dass ich, wenn es um Pr\u00e4sident Trump gehe, \"nichts als hoffnungslos bezeichnen w\u00fcrde\".","focus_keyword":"Trumpf","canonical_url":"","robots":"","primary_category":"1081","breadcrumb_title":"","facebook_title":"","facebook_description":"","facebook_image":"","facebook_image_id":"","twitter_title":"","twitter_description":"","twitter_image":"","twitter_image_id":"","twitter_card_type":"","twitter_use_facebook":"","advanced_robots":"","pillar_content":"","seo_score":"73","contentai_score":"","rich_snippet":""},"_links":{"self":[{"href":"https:\/\/dailynewshungary.com\/de\/wp-json\/wp\/v2\/posts\/654549","targetHints":{"allow":["GET"]}}],"collection":[{"href":"https:\/\/dailynewshungary.com\/de\/wp-json\/wp\/v2\/posts"}],"about":[{"href":"https:\/\/dailynewshungary.com\/de\/wp-json\/wp\/v2\/types\/post"}],"author":[{"embeddable":true,"href":"https:\/\/dailynewshungary.com\/de\/wp-json\/wp\/v2\/users\/33"}],"replies":[{"embeddable":true,"href":"https:\/\/dailynewshungary.com\/de\/wp-json\/wp\/v2\/comments?post=654549"}],"version-history":[{"count":0,"href":"https:\/\/dailynewshungary.com\/de\/wp-json\/wp\/v2\/posts\/654549\/revisions"}],"wp:featuredmedia":[{"embeddable":true,"href":"https:\/\/dailynewshungary.com\/de\/wp-json\/wp\/v2\/media\/654550"}],"wp:attachment":[{"href":"https:\/\/dailynewshungary.com\/de\/wp-json\/wp\/v2\/media?parent=654549"}],"wp:term":[{"taxonomy":"category","embeddable":true,"href":"https:\/\/dailynewshungary.com\/de\/wp-json\/wp\/v2\/categories?post=654549"},{"taxonomy":"post_tag","embeddable":true,"href":"https:\/\/dailynewshungary.com\/de\/wp-json\/wp\/v2\/tags?post=654549"}],"curies":[{"name":"wp","href":"https:\/\/api.w.org\/{rel}","templated":true}]}}