{"id":656055,"date":"2024-12-13T20:04:29","date_gmt":"2024-12-13T19:04:29","guid":{"rendered":"https:\/\/dailynewshungary.com\/de\/weltbekanntes-italienisches-pop-opern-trio-il-volo-kehrt-nach-budapest-zuruck\/"},"modified":"2024-12-13T20:04:29","modified_gmt":"2024-12-13T19:04:29","slug":"weltbekanntes-italienisches-pop-opern-trio-il-volo-kehrt-nach-budapest-zuruck","status":"publish","type":"post","link":"https:\/\/dailynewshungary.com\/de\/weltbekanntes-italienisches-pop-opern-trio-il-volo-kehrt-nach-budapest-zuruck\/","title":{"rendered":"Weltbekanntes italienisches Pop-Opern-Trio IL VOLO kehrt nach Budapest zur\u00fcck"},"content":{"rendered":"<p><strong>Das weltber\u00fchmte italienische Pop-Opern-Trio IL VOLO kehrt 2025 nach Budapest zur\u00fcck! erst vor einem Monat beendete das weltweit bekannteste italienische Trio IL VOLO seine gro\u00dfe Tour durch fast alle Kontinente, und heute haben sie nach ihrem herausragenden internationalen Erfolg eine weitere Tour f\u00fcr 2025 angek\u00fcndigt.<\/strong><\/p>\n<p><a href=\"https:\/\/www.instagram.com\/ilvolomusic\/\" target=\"_blank\" rel=\"noopener\"><strong>IL VOLO<\/strong><\/a>, gegr\u00fcndet von Piero Barone <a href=\"https:\/\/www.instagram.com\/ignazioboschetto\/\" target=\"_blank\" rel=\"noopener\"><strong>Ignazio Boschetto<\/strong><\/a> und Gianluca Ginoble wird am 14. November 2025 mit einem unvergesslichen Konzert nach Budapest zur\u00fcckkehren, um das ungarische Publikum im MVM Dome zu verzaubern.<\/p>\n<figure id=\"attachment_620965\" aria-describedby=\"caption-attachment-620965\" style=\"width: 1440px\" class=\"wp-caption aligncenter\"><img loading=\"lazy\" decoding=\"async\" class=\"size-full wp-image-620965\" src=\"https:\/\/contentf5.dailynewshungary.com\/wp-content\/uploads\/2024\/12\/World-famous-Italian-pop-opera-trio-IL-VOLO-returns-to-Budapest-1.jpg\" alt=\"Weltbekanntes italienisches Pop-Opern-Trio IL VOLO kehrt nach Budapest zur\u00fcck\" width=\"1440\" height=\"961\" srcset=\"https:\/\/contentf5.dailynewshungary.com\/wp-content\/uploads\/2024\/12\/World-famous-Italian-pop-opera-trio-IL-VOLO-returns-to-Budapest-1.jpg 1440w, https:\/\/contentf5.dailynewshungary.com\/wp-content\/uploads\/2024\/12\/World-famous-Italian-pop-opera-trio-IL-VOLO-returns-to-Budapest-1-768x513.jpg 768w, https:\/\/contentf5.dailynewshungary.com\/wp-content\/uploads\/2024\/12\/World-famous-Italian-pop-opera-trio-IL-VOLO-returns-to-Budapest-1-333x222.jpg 333w, https:\/\/contentf5.dailynewshungary.com\/wp-content\/uploads\/2024\/12\/World-famous-Italian-pop-opera-trio-IL-VOLO-returns-to-Budapest-1-248x165.jpg 248w, https:\/\/contentf5.dailynewshungary.com\/wp-content\/uploads\/2024\/12\/World-famous-Italian-pop-opera-trio-IL-VOLO-returns-to-Budapest-1-1030x687.jpg 1030w, https:\/\/contentf5.dailynewshungary.com\/wp-content\/uploads\/2024\/12\/World-famous-Italian-pop-opera-trio-IL-VOLO-returns-to-Budapest-1-112x75.jpg 112w, https:\/\/contentf5.dailynewshungary.com\/wp-content\/uploads\/2024\/12\/World-famous-Italian-pop-opera-trio-IL-VOLO-returns-to-Budapest-1-480x320.jpg 480w\" sizes=\"auto, (max-width: 1440px) 100vw, 1440px\"><figcaption id=\"caption-attachment-620965\" class=\"wp-caption-text\">Foto: Pressemitteilung\/koncertpromoticket.jegy.hu<\/figcaption><\/figure>\n<p>Auf musikalischer Front l\u00e4uft IL VOLO noch kr\u00e4ftig, so dass die Tour 2025 f\u00fcr Fans einiges Neues bereithalten wird, Die internationale Version ihres neuesten Albums, Ad Astra (International Edition), wurde um f\u00fcnf neue Songs, darunter Capolavoro (englische Version), erweitert und erschien am 6. Dezember Ebenfalls am selben Tag ist ihre neue Single Tra le onde erh\u00e4ltlich, die perfekt zum einzigartigen Sound des Trios passt Die neuen Songs und frischen Auftritte garantieren dem Publikum ein unvergessliches Erlebnis w\u00e4hrend der Tour.<\/p>\n<figure id=\"attachment_620966\" aria-describedby=\"caption-attachment-620966\" style=\"width: 1440px\" class=\"wp-caption aligncenter\"><img loading=\"lazy\" decoding=\"async\" class=\"size-full wp-image-620966\" src=\"https:\/\/contentf5.dailynewshungary.com\/wp-content\/uploads\/2024\/12\/World-famous-Italian-pop-opera-trio-IL-VOLO-returns-to-Budapest-2.jpg\" alt=\"Weltbekanntes italienisches Pop-Opern-Trio IL VOLO kehrt nach Budapest zur\u00fcck\" width=\"1440\" height=\"961\" srcset=\"https:\/\/contentf5.dailynewshungary.com\/wp-content\/uploads\/2024\/12\/World-famous-Italian-pop-opera-trio-IL-VOLO-returns-to-Budapest-2.jpg 1440w, https:\/\/contentf5.dailynewshungary.com\/wp-content\/uploads\/2024\/12\/World-famous-Italian-pop-opera-trio-IL-VOLO-returns-to-Budapest-2-768x513.jpg 768w, https:\/\/contentf5.dailynewshungary.com\/wp-content\/uploads\/2024\/12\/World-famous-Italian-pop-opera-trio-IL-VOLO-returns-to-Budapest-2-333x222.jpg 333w, https:\/\/contentf5.dailynewshungary.com\/wp-content\/uploads\/2024\/12\/World-famous-Italian-pop-opera-trio-IL-VOLO-returns-to-Budapest-2-248x165.jpg 248w, https:\/\/contentf5.dailynewshungary.com\/wp-content\/uploads\/2024\/12\/World-famous-Italian-pop-opera-trio-IL-VOLO-returns-to-Budapest-2-1030x687.jpg 1030w, https:\/\/contentf5.dailynewshungary.com\/wp-content\/uploads\/2024\/12\/World-famous-Italian-pop-opera-trio-IL-VOLO-returns-to-Budapest-2-112x75.jpg 112w, https:\/\/contentf5.dailynewshungary.com\/wp-content\/uploads\/2024\/12\/World-famous-Italian-pop-opera-trio-IL-VOLO-returns-to-Budapest-2-480x320.jpg 480w\" sizes=\"auto, (max-width: 1440px) 100vw, 1440px\"><figcaption id=\"caption-attachment-620966\" class=\"wp-caption-text\">Foto: Pressemitteilung\/koncertpromoticket.jegy.hu<\/figcaption><\/figure>\n<p><strong>Roland Horv\u00e1th, Besitzer von <a href=\"https:\/\/koncertpromoticket.jegy.hu\/program\/il-volo-170274\" target=\"_blank\" rel=\"noopener\">Koncertprom\u00f3<\/a> und <a href=\"https:\/\/www.instagram.com\/bricsentertainment\/\" target=\"_blank\" rel=\"noopener\">BRICS-Unterhaltung<\/a>Ank\u00fcndigung kommentiert:<\/strong><\/p>\n<p>\u201cWir freuen uns, IL VOLO noch einmal nach Ungarn zu holen Die neuen Songs werden garantieren, dass das Konzert f\u00fcr das ungarische Publikum ein unvergessliches Erlebnis wird Mit seiner beeindruckenden Ausstattung und modernen Infrastruktur ist der MVM Dome ein w\u00fcrdiger Veranstaltungsort f\u00fcr eine solche Weltklasse-Performance\u201d<br \/>\nDas Konzert wird das Publikum auf eine einzigartige musikalische Reise von italienischen Klassikern bis hin zur modernen Pop-Oper mitnehmen Dieses Konzert wird garantiert zu einem unvergesslichen Erlebnis f\u00fcr alle Altersgruppen.<\/p>\n<p><iframe loading=\"lazy\" title=\"IL VOLO - 2025.11.14. - MVM DOME\" width=\"1480\" height=\"833\" src=\"https:\/\/www.youtube.com\/embed\/oxCHo99Y_rY?feature=oembed\" frameborder=\"0\" allow=\"accelerometer; autoplay; clipboard-write; encrypted-media; gyroscope; picture-in-picture; web-share\" referrerpolicy=\"strict-origin-when-cross-origin\" allowfullscreen=\"\"><\/iframe><\/p>\n<p><strong>Lesen Sie auch:<\/strong><\/p>\n<ul>\n<li>Guns N&#8217; Roses mit einem Sommerkonzert 2025 nach Budapest zur\u00fcckkehren \u2013 Weiterlesen <a href=\"https:\/\/dailynewshungary.com\/de\/guns-n-roses-kehren-2025-mit-einem-sommerkonzert-nach-budapest-zuruck\/\"><strong>HIER<\/strong><\/a><\/li>\n<li>Katy Perry <a href=\"https:\/\/dailynewshungary.com\/de\/katy-perry-kehrt-nach-15-jahren-mit-einem-karriereubergreifenden-konzert-nach-budapest-zuruck\/\"><strong>Retouren<\/strong> <\/a>nach 15 Jahren nach Budapest mit einem karriereumspannenden Konzert<\/li>\n<\/ul>\n","protected":false},"excerpt":{"rendered":"<p>Das weltber\u00fchmte italienische Pop-Opern-Trio IL VOLO kehrt 2025 nach Budapest zur\u00fcck! erst vor einem Monat beendete das weltweit bekannteste italienische Trio IL VOLO seine gro\u00dfe Tour durch fast alle Kontinente, und heute haben sie nach ihrem herausragenden internationalen Erfolg eine weitere Tour f\u00fcr 2025 angek\u00fcndigt. IL VOLO, gegr\u00fcndet von Piero Barone Ignazio Boschetto und Gianluca [&hellip;]<\/p>\n","protected":false},"author":50,"featured_media":0,"comment_status":"open","ping_status":"open","sticky":false,"template":"","format":"standard","meta":{"_acf_changed":false,"_display_image":"yes","footnotes":""},"categories":[1151],"tags":[1334,1464,1263,1076,1469],"class_list":["post-656055","post","type-post","status-publish","format-standard","hentry","category-kulturen","tag-knospenapst","tag-konzert","tag-musik","tag-ungarn","tag-veranstaltung"],"blocksy_meta":[],"acf":[],"author_username":"dnh","telegram_post":"","public_post_metadata":{"breaking_news":"no","important":"no","csempe":"no","center_tile":"no","disable_thumbnail":"no","target_lang":"","_featured_image_style":"hidden","telegram_post":"","_xlat_group_id":""},"public_rank_math_data":{"title":"%title% %sep% %sitename%","description":"","focus_keyword":"IL VOLO","canonical_url":"","robots":"","primary_category":"1151","breadcrumb_title":"","facebook_title":"","facebook_description":"","facebook_image":"","facebook_image_id":"","twitter_title":"","twitter_description":"","twitter_image":"","twitter_image_id":"","twitter_card_type":"","twitter_use_facebook":"","advanced_robots":"","pillar_content":"","seo_score":"80","contentai_score":"","rich_snippet":""},"_links":{"self":[{"href":"https:\/\/dailynewshungary.com\/de\/wp-json\/wp\/v2\/posts\/656055","targetHints":{"allow":["GET"]}}],"collection":[{"href":"https:\/\/dailynewshungary.com\/de\/wp-json\/wp\/v2\/posts"}],"about":[{"href":"https:\/\/dailynewshungary.com\/de\/wp-json\/wp\/v2\/types\/post"}],"author":[{"embeddable":true,"href":"https:\/\/dailynewshungary.com\/de\/wp-json\/wp\/v2\/users\/50"}],"replies":[{"embeddable":true,"href":"https:\/\/dailynewshungary.com\/de\/wp-json\/wp\/v2\/comments?post=656055"}],"version-history":[{"count":0,"href":"https:\/\/dailynewshungary.com\/de\/wp-json\/wp\/v2\/posts\/656055\/revisions"}],"wp:attachment":[{"href":"https:\/\/dailynewshungary.com\/de\/wp-json\/wp\/v2\/media?parent=656055"}],"wp:term":[{"taxonomy":"category","embeddable":true,"href":"https:\/\/dailynewshungary.com\/de\/wp-json\/wp\/v2\/categories?post=656055"},{"taxonomy":"post_tag","embeddable":true,"href":"https:\/\/dailynewshungary.com\/de\/wp-json\/wp\/v2\/tags?post=656055"}],"curies":[{"name":"wp","href":"https:\/\/api.w.org\/{rel}","templated":true}]}}