{"id":656088,"date":"2024-12-12T12:04:04","date_gmt":"2024-12-12T11:04:04","guid":{"rendered":"https:\/\/dailynewshungary.com\/de\/kabinett-orban-fake-news-zur-ankunft-des-syrischen-prasidenten-in-budapest-konnten-koordinierte-geheimdienstoperationen-sein\/"},"modified":"2024-12-12T12:04:04","modified_gmt":"2024-12-12T11:04:04","slug":"kabinett-orban-fake-news-zur-ankunft-des-syrischen-prasidenten-in-budapest-konnten-koordinierte-geheimdienstoperationen-sein","status":"publish","type":"post","link":"https:\/\/dailynewshungary.com\/de\/kabinett-orban-fake-news-zur-ankunft-des-syrischen-prasidenten-in-budapest-konnten-koordinierte-geheimdienstoperationen-sein\/","title":{"rendered":"Kabinett Orb\u00e1n: Fake News zur Ankunft des syrischen Pr\u00e4sidenten in Budapest k\u00f6nnten koordinierte Geheimdienstoperationen sein"},"content":{"rendered":"<p><strong>Falschnachrichten, denen jegliche sachliche Grundlage \u00fcber die Landung des gest\u00fcrzten syrischen Pr\u00e4sidenten in Budapest fehlte, h\u00e4tten zu einer gef\u00e4hrlichen Situation gef\u00fchrt, sagte der Leiter des B\u00fcros des Premierministers am Donnerstag und f\u00fcgte hinzu, es sei m\u00f6glich, dass hinter den Berichten eine \u201ckoordinierte Geheimdienstoperation\u201d stecke.<\/strong><\/p>\n<h2>Was steckt hinter den Fake News zur Ankunft des syrischen Pr\u00e4sidenten in Budapest?<\/h2>\n<p><a href=\"https:\/\/www.facebook.com\/gergely.gulyas.585\" target=\"_blank\" rel=\"noopener\">Gergely Guly\u00e1s<\/a> Regelm\u00e4\u00dfigen Pressekonferenz sagte, es sei nicht auszuschlie\u00dfen, dass die Meldungen nicht nur aus menschlichem Versagen, sondern aus einer \u201ckoordinierten Geheimdienstoperation\u201d resultierten.<\/p>\n<p>Derzeit l\u00e4uft eine Untersuchung der nationalen Sicherheit, die voraussichtlich Aufschluss dar\u00fcber geben wird, ob diejenigen, die die Fake News verbreiten, auch Teil der Geheimdienstoperation waren oder \u201enur n\u00fctzliche Idioten waren, die von anderen Staaten f\u00fcr ihre eigenen Zwecke missbraucht werden k\u00f6nnten\u201csagte Guly\u00e1s.<\/p>\n<p>Er f\u00fcgte hinzu, dass die ungarischen Dienste bereits am Sonntag gro\u00dfe Anstrengungen unternehmen m\u00fcssten, um die Fake News zu widerlegen.<\/p>\n<p>Guly\u00e1s sagte, dass durch die Fake News Mitarbeiter der ungarischen Auslandsvertretung und im Land lebende Ungarn bedroht seien, Schutz f\u00fcr die syrische Botschaft in Budapest gew\u00e4hrleistet werden m\u00fcsse und ein erh\u00f6htes Risiko terroristischer Aktivit\u00e4ten bestehe damit berechnet werden.<\/p>\n<p><strong>Lesen Sie auch:<\/strong><\/p>\n<ul>\n<li><a href=\"https:\/\/dailynewshungary.com\/de\/fm-szijjarto-ruft-journalisten-politiker-die-fake-news-verbreiten-in-ungarn-an\/\">FM Szijj\u00e1rt\u00f3 ruft Journalisten, Politiker, \u201edie Fake News verbreiten&#8217;, in Ungarn an<\/a><\/li>\n<li><a href=\"https:\/\/dailynewshungary.com\/de\/bruch-mysterioses-syrisches-flugzeug-landete-auf-dem-flughafen-budapest-assad-suchte-trumps-hilfe-aus-budapest\/\">BRUCH: Mysteri\u00f6ses syrisches Flugzeug landete auf dem Flughafen Budapest, Assad suchte Trumps Hilfe aus Budapest?<\/a><\/li>\n<\/ul>\n","protected":false},"excerpt":{"rendered":"<p>Falschnachrichten, denen jegliche sachliche Grundlage \u00fcber die Landung des gest\u00fcrzten syrischen Pr\u00e4sidenten in Budapest fehlte, h\u00e4tten zu einer gef\u00e4hrlichen Situation gef\u00fchrt, sagte der Leiter des B\u00fcros des Premierministers am Donnerstag und f\u00fcgte hinzu, es sei m\u00f6glich, dass hinter den Berichten eine \u201ckoordinierte Geheimdienstoperation\u201d stecke. Was steckt hinter den Fake News zur Ankunft des syrischen Pr\u00e4sidenten [&hellip;]<\/p>\n","protected":false},"author":33,"featured_media":0,"comment_status":"open","ping_status":"open","sticky":false,"template":"","format":"standard","meta":{"_acf_changed":false,"_display_image":"yes","footnotes":""},"categories":[1081],"tags":[1580,1543,1102,1076],"class_list":["post-656088","post","type-post","status-publish","format-standard","hentry","category-politik","tag-naher-osten","tag-terrorismus","tag-ungarische-regierung","tag-ungarn"],"blocksy_meta":[],"acf":[],"author_username":"ugyelet","telegram_post":"","public_post_metadata":{"breaking_news":"no","important":"no","csempe":"no","center_tile":"no","disable_thumbnail":"no","target_lang":"","_featured_image_style":"hidden","telegram_post":"","_xlat_group_id":""},"public_rank_math_data":{"title":"%title% %sep% %sitename%","description":"Gergely Guly\u00e1s sagte in einer regelm\u00e4\u00dfigen Pressekonferenz, dass nicht ausgeschlossen werden k\u00f6nne, dass die Berichte nicht nur aus menschlichem Versagen, sondern aus einer \"koordinierten Geheimdienstoperation\" resultierten.","focus_keyword":"Syrien","canonical_url":"","robots":"","primary_category":"1081","breadcrumb_title":"","facebook_title":"","facebook_description":"","facebook_image":"","facebook_image_id":"","twitter_title":"","twitter_description":"","twitter_image":"","twitter_image_id":"","twitter_card_type":"","twitter_use_facebook":"","advanced_robots":"","pillar_content":"","seo_score":"76","contentai_score":"","rich_snippet":""},"_links":{"self":[{"href":"https:\/\/dailynewshungary.com\/de\/wp-json\/wp\/v2\/posts\/656088","targetHints":{"allow":["GET"]}}],"collection":[{"href":"https:\/\/dailynewshungary.com\/de\/wp-json\/wp\/v2\/posts"}],"about":[{"href":"https:\/\/dailynewshungary.com\/de\/wp-json\/wp\/v2\/types\/post"}],"author":[{"embeddable":true,"href":"https:\/\/dailynewshungary.com\/de\/wp-json\/wp\/v2\/users\/33"}],"replies":[{"embeddable":true,"href":"https:\/\/dailynewshungary.com\/de\/wp-json\/wp\/v2\/comments?post=656088"}],"version-history":[{"count":0,"href":"https:\/\/dailynewshungary.com\/de\/wp-json\/wp\/v2\/posts\/656088\/revisions"}],"wp:attachment":[{"href":"https:\/\/dailynewshungary.com\/de\/wp-json\/wp\/v2\/media?parent=656088"}],"wp:term":[{"taxonomy":"category","embeddable":true,"href":"https:\/\/dailynewshungary.com\/de\/wp-json\/wp\/v2\/categories?post=656088"},{"taxonomy":"post_tag","embeddable":true,"href":"https:\/\/dailynewshungary.com\/de\/wp-json\/wp\/v2\/tags?post=656088"}],"curies":[{"name":"wp","href":"https:\/\/api.w.org\/{rel}","templated":true}]}}