{"id":656364,"date":"2024-11-30T19:34:41","date_gmt":"2024-11-30T18:34:41","guid":{"rendered":"https:\/\/dailynewshungary.com\/de\/slowakischer-innenminister-moglicher-ungarischer-terroranschlag-gegen-die-roholpipeline-friendship\/"},"modified":"2024-11-30T19:34:41","modified_gmt":"2024-11-30T18:34:41","slug":"slowakischer-innenminister-moglicher-ungarischer-terroranschlag-gegen-die-roholpipeline-friendship","status":"publish","type":"post","link":"https:\/\/dailynewshungary.com\/de\/slowakischer-innenminister-moglicher-ungarischer-terroranschlag-gegen-die-roholpipeline-friendship\/","title":{"rendered":"Slowakischer Innenminister: M\u00f6glicher ungarischer Terroranschlag gegen die Roh\u00f6lpipeline Friendship"},"content":{"rendered":"<p><strong>Der slowakische Innenminister, \u0160utaj Esschtok, sprach \u00fcber einen m\u00f6glichen Terroranschlag gegen die Roh\u00f6lpipeline FreundschaftDie Pipeline liefert russisches Roh\u00f6l \u00fcber die Ukraine nach Mitteleuropa, zu den Zielen geh\u00f6ren die Slowakei und UngarnDer Minister sprach in einer von den slowakischen \u00f6ffentlich-rechtlichen Medien ausgestrahlten Debatte \u00fcber die m\u00f6gliche Bedrohung.<\/strong><\/p>\n<p>Laut der ungarischen Lokalzeitung <a href=\"https:\/\/ujszo.com\/kozelet\/sutaj-estok-terrortamadasra-utalo-tevekenysegeket-regisztraltak-kelet-szlovakiaban\" target=\"_blank\" rel=\"noopener\"><strong>\u201eSz\u00f3<\/strong><\/a>, <a href=\"https:\/\/www.facebook.com\/SutajEstokM\" target=\"_blank\" rel=\"noopener\"><strong>B\u00f6hmersee-Schachtel<\/strong> <\/a>(Hlas-Partei) sagte, dass die slowakischen Beh\u00f6rden Spuren gefunden h\u00e4tten, die auf Vorbereitungen f\u00fcr einen m\u00f6glichen Terroranschlag auf die kritische Infrastruktur des Landes hindeuteten. Nach Angaben slowakischer Geheimdienste seien sogar organisierte Gruppen beteiligt, die in Ungarn aktiv seien. Sein Debattenpartner,<a href=\"https:\/\/www.facebook.com\/JurajKrupaNRSR\" target=\"_blank\" rel=\"noopener\"><strong> Juraj Kr\u00fapa<\/strong><\/a> (SaS) \u00e4u\u00dferte seine Skepsis gegen\u00fcber dem Thema und sagte, dass Esschtok versuche, die \u00d6ffentlichkeit zu beruhigen, und zeige, dass sie alles in ihrer Macht Stehende tue, um die kritische Infrastruktur zu sch\u00fctzen.<\/p>\n<figure id=\"attachment_619535\" aria-describedby=\"caption-attachment-619535\" style=\"width: 1058px\" class=\"wp-caption aligncenter\"><img loading=\"lazy\" decoding=\"async\" class=\"size-full wp-image-619535\" src=\"https:\/\/contentf5.dailynewshungary.com\/wp-content\/uploads\/2024\/11\/Slovak-Interior-Minister-possible-Hungarian-terror-attack-against-the-Friendship-crude-oil-pipeline-Copy.jpg\" alt=\"Slowakischer Innenminister m\u00f6glicher ungarischer Terroranschlag gegen die Roh\u00f6lpipeline Friendship\" width=\"1058\" height=\"720\" srcset=\"https:\/\/contentf5.dailynewshungary.com\/wp-content\/uploads\/2024\/11\/Slovak-Interior-Minister-possible-Hungarian-terror-attack-against-the-Friendship-crude-oil-pipeline-Copy.jpg 1058w, https:\/\/contentf5.dailynewshungary.com\/wp-content\/uploads\/2024\/11\/Slovak-Interior-Minister-possible-Hungarian-terror-attack-against-the-Friendship-crude-oil-pipeline-Copy-768x523.jpg 768w, https:\/\/contentf5.dailynewshungary.com\/wp-content\/uploads\/2024\/11\/Slovak-Interior-Minister-possible-Hungarian-terror-attack-against-the-Friendship-crude-oil-pipeline-Copy-326x222.jpg 326w, https:\/\/contentf5.dailynewshungary.com\/wp-content\/uploads\/2024\/11\/Slovak-Interior-Minister-possible-Hungarian-terror-attack-against-the-Friendship-crude-oil-pipeline-Copy-1030x701.jpg 1030w, https:\/\/contentf5.dailynewshungary.com\/wp-content\/uploads\/2024\/11\/Slovak-Interior-Minister-possible-Hungarian-terror-attack-against-the-Friendship-crude-oil-pipeline-Copy-110x75.jpg 110w, https:\/\/contentf5.dailynewshungary.com\/wp-content\/uploads\/2024\/11\/Slovak-Interior-Minister-possible-Hungarian-terror-attack-against-the-Friendship-crude-oil-pipeline-Copy-480x327.jpg 480w\" sizes=\"auto, (max-width: 1058px) 100vw, 1058px\"><figcaption id=\"caption-attachment-619535\" class=\"wp-caption-text\">Esschtok Einweisung von Polizisten Foto: FB\/Mat\u00fascha \u0160utaj Esschtok<\/figcaption><\/figure>\n<p>Die Roh\u00f6lpipeline Friendship war <a href=\"https:\/\/telex.hu\/gazdasag\/2024\/11\/30\/szlovakia-belugyminiszter-baratsag-koolajvezetek-magyarorszag-terrortamadas\" target=\"_blank\" rel=\"noopener\"><strong>Gebaut<\/strong> <\/a>Zwischen 1959 und 1964 verbindet sie Russland mit Ungarn, der Slowakei und Tschechien, sie geht durch die Ukraine, und haupts\u00e4chlich die ungarische MOL (und ihre Tochtergesellschaft in der Slowakei) verarbeiten das durch sie kommende Roh\u00f6l.<\/p>\n<p>Hlas ist eine sozialdemokratische Partei, die vom ehemaligen Premierminister Peter Pellegrini und Dissidenten der Smer (Direktion &amp; Sozialdemokratie) gegr\u00fcndet wurde.Sie einigten sich im Oktober 2023 auf die Bildung einer Koalitionsregierung mit Robert Ficos Smer und der Slowakischen Nationalpartei. Fico scheint ein gro\u00dfer Freund von Premierminister zu sein <a href=\"https:\/\/www.facebook.com\/orbanviktor\" target=\"_blank\" rel=\"noopener\"><strong>Orb\u00e1n<\/strong><\/a>, ihn in mehreren europ\u00e4ischen und globalen Fragen zu unterst\u00fctzen, einschlie\u00dflich des Drangs, den Krieg in der Ukraine zu beenden.<\/p>\n<figure id=\"attachment_583405\" aria-describedby=\"caption-attachment-583405\" style=\"width: 2048px\" class=\"wp-caption aligncenter\"><img loading=\"lazy\" decoding=\"async\" class=\"size-full wp-image-583405\" src=\"https:\/\/contentf5.dailynewshungary.com\/wp-content\/uploads\/2024\/01\/Robert-Fico-Viktor-Orban-new-ally.webp\" alt=\"Robert Fico Viktor Orb\u00e1n, neuer Verb\u00fcndeter, Staatsb\u00fcrgerschaftsabkommen f\u00fcr den \u00d6ltransit\" width=\"2048\" height=\"1450\" srcset=\"https:\/\/contentf5.dailynewshungary.com\/wp-content\/uploads\/2024\/01\/Robert-Fico-Viktor-Orban-new-ally.webp 2048w, https:\/\/contentf5.dailynewshungary.com\/wp-content\/uploads\/2024\/01\/Robert-Fico-Viktor-Orban-new-ally-768x544.webp 768w, https:\/\/contentf5.dailynewshungary.com\/wp-content\/uploads\/2024\/01\/Robert-Fico-Viktor-Orban-new-ally-1536x1088.webp 1536w, https:\/\/contentf5.dailynewshungary.com\/wp-content\/uploads\/2024\/01\/Robert-Fico-Viktor-Orban-new-ally-314x222.webp 314w, https:\/\/contentf5.dailynewshungary.com\/wp-content\/uploads\/2024\/01\/Robert-Fico-Viktor-Orban-new-ally-1030x729.webp 1030w, https:\/\/contentf5.dailynewshungary.com\/wp-content\/uploads\/2024\/01\/Robert-Fico-Viktor-Orban-new-ally-106x75.webp 106w, https:\/\/contentf5.dailynewshungary.com\/wp-content\/uploads\/2024\/01\/Robert-Fico-Viktor-Orban-new-ally-480x340.webp 480w\" sizes=\"auto, (max-width: 2048px) 100vw, 2048px\"><figcaption id=\"caption-attachment-583405\" class=\"wp-caption-text\">Fico und Orb\u00e1n in Budapest Foto: FB\/Viktor Orb\u00e1n<\/figcaption><\/figure>\n<h2>Ungarische Schulen k\u00f6nnen schlie\u00dfen oder zusammengelegt werden<\/h2>\n<p>Nach <a href=\"https:\/\/telex.hu\/kulfold\/2024\/11\/29\/szlovakia-diaszpora-magyar-nyelv-oktatas-nyelvtorveny-iskola-oktatas\" target=\"_blank\" rel=\"noopener\"><strong>Telex<\/strong><\/a>Ein Vorschlag w\u00fcrde aufgrund von Optimierungen 16 ungarische Schulen in der Slowakei schlie\u00dfen oder zusammenlegen. Beteiligt sind nicht nur ungarische Schulen, da Telex berichtete, dass der Vorschlag slowakische Schulen betrifft, in denen die Zahl der Kinder gering ist.<\/p>\n<p>Basierend auf Napunk, einem lokalen ungarischen Medienunternehmen, hat das Kabinett Fico den Vorschlag bereits mit Experten, nicht jedoch mit den Institutionen, diskutiert.<\/p>\n<p>Zuvor hatten wir \u00fcber einen Gesetzentwurf des Kulturministeriums geschrieben, der den Gebrauch der ungarischen Sprache in Z\u00fcgen, Bussen, Stra\u00dfenbahnen und Post\u00e4mtern verbieten w\u00fcrde. Premierminister Fico sagte, dass seine Regierung keine R\u00fcckschl\u00e4ge in Bezug auf die Rechte der indigenen nationalen Minderheiten in der Slowakei unterst\u00fctzen werde.<\/p>\n<p><strong>Lesen Sie auch:<\/strong><\/p>\n<ul>\n<li>Slowakischer Premierminister Fico kann <a href=\"https:\/\/dailynewshungary.com\/de\/der-slowakische-premierminister-fico-konnte-seine-guten-beziehungen-zu-premierminister-orban-opfern-um-seine-regierungskoalition-aufrechtzuerhalten\/\"><strong>Opfer<\/strong> <\/a>Seine guten Beziehungen zu Premierminister Orb\u00e1n, um seine Regierungskoalition aufrechtzuerhalten<\/li>\n<li>Laut FM Szijj\u00e1rt\u00f3 <a href=\"https:\/\/dailynewshungary.com\/de\/laut-fm-szijjarto-besteht-in-der-slowakei-keine-gefahr-fur-die-rechte-der-ungarischen-minderheitensprache\/\"><strong>Es besteht keine Gefahr f\u00fcr die Rechte der ungarischen Minderheitensprache<\/strong> <\/a>in der Slowakei<\/li>\n<\/ul>\n","protected":false},"excerpt":{"rendered":"<p>Der slowakische Innenminister, \u0160utaj Esschtok, sprach \u00fcber einen m\u00f6glichen Terroranschlag gegen die Roh\u00f6lpipeline FreundschaftDie Pipeline liefert russisches Roh\u00f6l \u00fcber die Ukraine nach Mitteleuropa, zu den Zielen geh\u00f6ren die Slowakei und UngarnDer Minister sprach in einer von den slowakischen \u00f6ffentlich-rechtlichen Medien ausgestrahlten Debatte \u00fcber die m\u00f6gliche Bedrohung. Laut der ungarischen Lokalzeitung \u201eSz\u00f3, B\u00f6hmersee-Schachtel (Hlas-Partei) sagte, dass [&hellip;]<\/p>\n","protected":false},"author":18,"featured_media":656365,"comment_status":"open","ping_status":"open","sticky":false,"template":"","format":"standard","meta":{"_acf_changed":false,"_display_image":"yes","footnotes":""},"categories":[1081],"tags":[1312,1209,1173,1543,1076],"class_list":["post-656364","post","type-post","status-publish","format-standard","has-post-thumbnail","hentry","category-politik","tag-energie","tag-russland","tag-slowakei","tag-terrorismus","tag-ungarn"],"blocksy_meta":[],"acf":[],"author_username":"johnwoods","telegram_post":"","public_post_metadata":{"breaking_news":"yes","important":"no","csempe":"no","center_tile":"no","disable_thumbnail":"no","target_lang":"","_featured_image_style":"hidden","telegram_post":"","_xlat_group_id":""},"public_rank_math_data":{"title":"%title% %sep% %sitename%","description":"Der slowakische Innenminister, \u0160utaj Esschtok, sprach \u00fcber einen m\u00f6glichen Terroranschlag gegen die Roh\u00f6lpipeline FriendshipEr f\u00fcgte hinzu, dass m\u00f6glicherweise ungarische Terroristen beteiligt seien.","focus_keyword":"Freundschaft Roh\u00f6lpipeline","canonical_url":"","robots":"","primary_category":"1081","breadcrumb_title":"","facebook_title":"","facebook_description":"","facebook_image":"","facebook_image_id":"","twitter_title":"","twitter_description":"","twitter_image":"","twitter_image_id":"","twitter_card_type":"","twitter_use_facebook":"","advanced_robots":"","pillar_content":"","seo_score":"71","contentai_score":"","rich_snippet":""},"_links":{"self":[{"href":"https:\/\/dailynewshungary.com\/de\/wp-json\/wp\/v2\/posts\/656364","targetHints":{"allow":["GET"]}}],"collection":[{"href":"https:\/\/dailynewshungary.com\/de\/wp-json\/wp\/v2\/posts"}],"about":[{"href":"https:\/\/dailynewshungary.com\/de\/wp-json\/wp\/v2\/types\/post"}],"author":[{"embeddable":true,"href":"https:\/\/dailynewshungary.com\/de\/wp-json\/wp\/v2\/users\/18"}],"replies":[{"embeddable":true,"href":"https:\/\/dailynewshungary.com\/de\/wp-json\/wp\/v2\/comments?post=656364"}],"version-history":[{"count":0,"href":"https:\/\/dailynewshungary.com\/de\/wp-json\/wp\/v2\/posts\/656364\/revisions"}],"wp:featuredmedia":[{"embeddable":true,"href":"https:\/\/dailynewshungary.com\/de\/wp-json\/wp\/v2\/media\/656365"}],"wp:attachment":[{"href":"https:\/\/dailynewshungary.com\/de\/wp-json\/wp\/v2\/media?parent=656364"}],"wp:term":[{"taxonomy":"category","embeddable":true,"href":"https:\/\/dailynewshungary.com\/de\/wp-json\/wp\/v2\/categories?post=656364"},{"taxonomy":"post_tag","embeddable":true,"href":"https:\/\/dailynewshungary.com\/de\/wp-json\/wp\/v2\/tags?post=656364"}],"curies":[{"name":"wp","href":"https:\/\/api.w.org\/{rel}","templated":true}]}}