{"id":656533,"date":"2024-11-24T17:34:11","date_gmt":"2024-11-24T16:34:11","guid":{"rendered":"https:\/\/dailynewshungary.com\/de\/ungarn-ist-stolz-auf-wissenschaftler-und-hat-die-mittel-fur-den-fe-sektor-deutlich-erhoht\/"},"modified":"2024-11-24T17:34:11","modified_gmt":"2024-11-24T16:34:11","slug":"ungarn-ist-stolz-auf-wissenschaftler-und-hat-die-mittel-fur-den-fe-sektor-deutlich-erhoht","status":"publish","type":"post","link":"https:\/\/dailynewshungary.com\/de\/ungarn-ist-stolz-auf-wissenschaftler-und-hat-die-mittel-fur-den-fe-sektor-deutlich-erhoht\/","title":{"rendered":"Ungarn ist stolz auf Wissenschaftler und hat die Mittel f\u00fcr den F+E-Sektor deutlich erh\u00f6ht"},"content":{"rendered":"<p><strong>Ungarn habe ein Modell geschaffen, das sein Engagement f\u00fcr Forschung und Entwicklung zeige, und im letzten Jahrzehnt drei Mittel f\u00fcr den F+E-Sektor aufgebracht, sagte der Minister f\u00fcr Kultur und Innovation am Samstag bei der Abschlussveranstaltung des Weltwissenschaftsforums.<\/strong><\/p>\n<p>\u201eDie Zahl der Forschungs- und Entwicklungsexperten in Ungarn hat sich seit 2010 verdoppelt, die Zahl der Studierenden im Graduiertenstudium hat sich innerhalb von f\u00fcnf Jahren verdoppelt, und etwa 30 Prozent von ihnen sind internationale Studierende,\u201csagte Bal\u00e1zs Hank\u00e1 auf der Veranstaltung im Parlament.<\/p>\n<p>Die Regierung unterst\u00fctze den Sektor, indem sie ein unternehmensfreundliches Umfeld mit der niedrigsten K\u00f6rperschaftssteuer von 9 Prozent in der EU und Steuersenkungen f\u00fcr Forschung und Entwicklung, Investitionen und Besch\u00e4ftigung schaffe, sagte er. Dar\u00fcber hinaus wurde ein nationaler Forschungs-, Entwicklungs- und Innovationsfonds eingerichtet und unterst\u00fctzt gemeinsame Forschungs- und Entwicklungsprogramme. \u201eWir unterst\u00fctzen das Wachstum von Wissenschaftscampussen und Technologietransferunternehmen, um Innovationen zu st\u00e4rken.\u201c\u201d<\/p>\n<figure id=\"attachment_618814\" aria-describedby=\"caption-attachment-618814\" style=\"width: 1082px\" class=\"wp-caption aligncenter\"><img loading=\"lazy\" decoding=\"async\" class=\"wp-image-618814 size-full\" src=\"https:\/\/contentf5.dailynewshungary.com\/wp-content\/uploads\/2024\/11\/Balazs-Hanko.jpg\" alt=\"Bal\u00e1z Hank\u00f3 hungrige Forschung + Entwicklung\" width=\"1082\" height=\"720\" srcset=\"https:\/\/contentf5.dailynewshungary.com\/wp-content\/uploads\/2024\/11\/Balazs-Hanko.jpg 1082w, https:\/\/contentf5.dailynewshungary.com\/wp-content\/uploads\/2024\/11\/Balazs-Hanko-768x511.jpg 768w, https:\/\/contentf5.dailynewshungary.com\/wp-content\/uploads\/2024\/11\/Balazs-Hanko-334x222.jpg 334w, https:\/\/contentf5.dailynewshungary.com\/wp-content\/uploads\/2024\/11\/Balazs-Hanko-248x165.jpg 248w, https:\/\/contentf5.dailynewshungary.com\/wp-content\/uploads\/2024\/11\/Balazs-Hanko-1030x685.jpg 1030w, https:\/\/contentf5.dailynewshungary.com\/wp-content\/uploads\/2024\/11\/Balazs-Hanko-113x75.jpg 113w, https:\/\/contentf5.dailynewshungary.com\/wp-content\/uploads\/2024\/11\/Balazs-Hanko-480x319.jpg 480w\" sizes=\"auto, (max-width: 1082px) 100vw, 1082px\"><figcaption id=\"caption-attachment-618814\" class=\"wp-caption-text\">Bal\u00e1zs Hank\u00f3. Foto: MTI<\/figcaption><\/figure>\n<p>Die Regierung konzentriere sich auf Spitzensektoren wie Digitalisierung, den gr\u00fcnen Wandel, einen gesunden Lebensstil und Sicherheit, sagte er. \u201eHank\u00f3 verwies auf die Nobelpreise, die der Biochemikerin Katalin Kariko und dem Physiker Ferenc Krausz verliehen wurden, und sagte, Ungarn sei stolz auf seine Wissenschaftler.\u201c\u201eIch bin \u00fcberzeugt, dass Ungarn einer der besten Orte der Welt ist, um wissenschaftliche Konferenzen zu organisieren und wissenschaftliche Forschung durchzuf\u00fchren\u201d<\/p>\n<p>An der Konferenz nahmen Azzedine El Midaoui, Marokkos Ministerin f\u00fcr Hochschulbildung, Forschung und Innovation, Patricia Gruber, Wissenschafts- und Technologieberaterin des US-Au\u00dfenministers, Lidia Brito, die stellvertretende Generaldirektorin der UNESCO f\u00fcr Naturwissenschaften, und Sudip Parikh teil. unter anderem der CEO der American Association for the Advancement of Science (AAAS).<\/p>\n<p>Sp\u00e4ter am Samstag gab Tam\u00e1s Freund, der Leiter des Veranstalters Ungarische Akademie der Wissenschaften, bekannt, dass Indonesien im Jahr 2026 das n\u00e4chste Weltwissenschaftsforum organisieren wird.<\/p>\n<p><strong>Lesen Sie auch:<\/strong><\/p>\n<ul>\n<li>Dutzende BME-Forscher der Budapester Technologieuniversit\u00e4t auf der Stanford-Liste \u2013 Lesen Sie mehr <a href=\"https:\/\/dailynewshungary.com\/de\/dutzende-bme-forscher-der-budapester-technologieuniversitat-auf-der-stanford-liste\/\"><strong>HIER<\/strong><\/a><\/li>\n<li>Ungarn <a href=\"https:\/\/dailynewshungary.com\/de\/neue-studie-ergab-dass-ungarn-weltweit-auf-platz-1-der-hochsten-krebstodesraten-liegt\/\"><strong>Dienstgrade<\/strong> <\/a>Neue Studie kommt zu dem Schluss, dass die Krebssterblichkeitsrate weltweit an 1. Stelle steht<\/li>\n<\/ul>\n","protected":false},"excerpt":{"rendered":"<p>Ungarn habe ein Modell geschaffen, das sein Engagement f\u00fcr Forschung und Entwicklung zeige, und im letzten Jahrzehnt drei Mittel f\u00fcr den F+E-Sektor aufgebracht, sagte der Minister f\u00fcr Kultur und Innovation am Samstag bei der Abschlussveranstaltung des Weltwissenschaftsforums. \u201eDie Zahl der Forschungs- und Entwicklungsexperten in Ungarn hat sich seit 2010 verdoppelt, die Zahl der Studierenden im [&hellip;]<\/p>\n","protected":false},"author":50,"featured_media":0,"comment_status":"open","ping_status":"open","sticky":false,"template":"","format":"standard","meta":{"_acf_changed":false,"_display_image":"yes","footnotes":""},"categories":[1081],"tags":[1147,1385,1066,2476],"class_list":["post-656533","post","type-post","status-publish","format-standard","hentry","category-politik","tag-entwicklung","tag-forschung","tag-hungary","tag-ungarisch-regierung"],"blocksy_meta":[],"acf":[],"author_username":"dnh","telegram_post":"","public_post_metadata":{"breaking_news":"yes","important":"no","csempe":"no","center_tile":"no","disable_thumbnail":"no","target_lang":"","_featured_image_style":"hidden","telegram_post":"","_xlat_group_id":""},"public_rank_math_data":{"title":"%title% %sep% %sitename%","description":"","focus_keyword":"","canonical_url":"","robots":"","primary_category":"1081","breadcrumb_title":"","facebook_title":"","facebook_description":"","facebook_image":"","facebook_image_id":"","twitter_title":"","twitter_description":"","twitter_image":"","twitter_image_id":"","twitter_card_type":"","twitter_use_facebook":"","advanced_robots":"","pillar_content":"","seo_score":"","contentai_score":"","rich_snippet":""},"_links":{"self":[{"href":"https:\/\/dailynewshungary.com\/de\/wp-json\/wp\/v2\/posts\/656533","targetHints":{"allow":["GET"]}}],"collection":[{"href":"https:\/\/dailynewshungary.com\/de\/wp-json\/wp\/v2\/posts"}],"about":[{"href":"https:\/\/dailynewshungary.com\/de\/wp-json\/wp\/v2\/types\/post"}],"author":[{"embeddable":true,"href":"https:\/\/dailynewshungary.com\/de\/wp-json\/wp\/v2\/users\/50"}],"replies":[{"embeddable":true,"href":"https:\/\/dailynewshungary.com\/de\/wp-json\/wp\/v2\/comments?post=656533"}],"version-history":[{"count":0,"href":"https:\/\/dailynewshungary.com\/de\/wp-json\/wp\/v2\/posts\/656533\/revisions"}],"wp:attachment":[{"href":"https:\/\/dailynewshungary.com\/de\/wp-json\/wp\/v2\/media?parent=656533"}],"wp:term":[{"taxonomy":"category","embeddable":true,"href":"https:\/\/dailynewshungary.com\/de\/wp-json\/wp\/v2\/categories?post=656533"},{"taxonomy":"post_tag","embeddable":true,"href":"https:\/\/dailynewshungary.com\/de\/wp-json\/wp\/v2\/tags?post=656533"}],"curies":[{"name":"wp","href":"https:\/\/api.w.org\/{rel}","templated":true}]}}