{"id":656946,"date":"2024-11-08T09:04:03","date_gmt":"2024-11-08T08:04:03","guid":{"rendered":"https:\/\/dailynewshungary.com\/de\/vorsicht-in-mehreren-teilen-ungarns-ist-die-luft-ungesund\/"},"modified":"2024-11-08T09:04:03","modified_gmt":"2024-11-08T08:04:03","slug":"vorsicht-in-mehreren-teilen-ungarns-ist-die-luft-ungesund","status":"publish","type":"post","link":"https:\/\/dailynewshungary.com\/de\/vorsicht-in-mehreren-teilen-ungarns-ist-die-luft-ungesund\/","title":{"rendered":"Vorsicht! in mehreren Teilen Ungarns ist die Luft ungesund"},"content":{"rendered":"<p><strong>Die Luftqualit\u00e4t sei in Ny\u00edregyh\u00e1za und Debrecen im Osten Ungarns sowie in B\u00e9k\u00e9scsaba im S\u00fcdwesten des Landes und in T\u00f6k\u00f6l bei Budapest aufgrund einer hohen Konzentration an luftgetragenen Partikeln mittlerweile \u201egef\u00e4hrlich\u201csagte das nationale \u00f6ffentliche Gesundheitszentrum (NNGYK) am Donnerstag.<\/strong><\/p>\n<p>In V\u00e1rpalota, Szekesfeh\u00e9rv\u00e1r, Kecskemete sowie in Kazincbarcika, Saj\u00f3szentp\u00e9ter und Miskolc im Saj\u00f3-Tal wird die Luft als \u201cungesund\u201d eingestuft.<\/p>\n<p>Prognosen zufolge wird sich die Luftqualit\u00e4t in den n\u00e4chsten zwei Tagen voraussichtlich nicht verbessern und k\u00f6nnte sich am Wochenende aufgrund eines ruhigen Wetters verschlechtern.<\/p>\n<p><strong>Lesen Sie auch:<\/strong><\/p>\n<ul>\n<li>Schlechte Nachrichten: Budapest und ungarische St\u00e4dte <a href=\"https:\/\/dailynewshungary.com\/de\/schlechte-nachrichten-budapest-und-ungarische-stadte-kampfen-mit-alarmierenden-luftverschmutzungsgraden\/\"><strong>Sich gek\u00e4mpft<\/strong> <\/a>Mit alarmierenden Luftverschmutzungsgraden im September<\/li>\n<\/ul>\n<p><em>Ausgew\u00e4hltes Bild: Illustration, <a href=\"https:\/\/depositphotos.com\/photo\/saint-petersburg-city-ringway-with-cars-and-air-pollution-from-heat-electric-generation-plant-in-21257501.html\" target=\"_blank\" rel=\"noopener\"><strong>depositphotos.com<\/strong><\/a><\/em><\/p>\n","protected":false},"excerpt":{"rendered":"<p>Die Luftqualit\u00e4t sei in Ny\u00edregyh\u00e1za und Debrecen im Osten Ungarns sowie in B\u00e9k\u00e9scsaba im S\u00fcdwesten des Landes und in T\u00f6k\u00f6l bei Budapest aufgrund einer hohen Konzentration an luftgetragenen Partikeln mittlerweile \u201egef\u00e4hrlich\u201csagte das nationale \u00f6ffentliche Gesundheitszentrum (NNGYK) am Donnerstag. In V\u00e1rpalota, Szekesfeh\u00e9rv\u00e1r, Kecskemete sowie in Kazincbarcika, Saj\u00f3szentp\u00e9ter und Miskolc im Saj\u00f3-Tal wird die Luft als \u201cungesund\u201d [&hellip;]<\/p>\n","protected":false},"author":50,"featured_media":0,"comment_status":"open","ping_status":"open","sticky":false,"template":"","format":"standard","meta":{"_acf_changed":false,"_display_image":"yes","footnotes":""},"categories":[1101],"tags":[3245,1116,1717,1114,1138,1113,1076],"class_list":["post-656946","post","type-post","status-publish","format-standard","hentry","category-flashnews","tag-bauapest","tag-debrecen","tag-luft","tag-natur","tag-statistik","tag-umwelt","tag-ungarn"],"blocksy_meta":[],"acf":[],"author_username":"dnh","telegram_post":"","public_post_metadata":{"breaking_news":"yes","important":"no","csempe":"no","center_tile":"no","disable_thumbnail":"no","target_lang":"","_featured_image_style":"hidden","telegram_post":"","_xlat_group_id":""},"public_rank_math_data":{"title":"%title% %sep% %sitename%","description":"","focus_keyword":"","canonical_url":"","robots":"","primary_category":"1101","breadcrumb_title":"","facebook_title":"","facebook_description":"","facebook_image":"","facebook_image_id":"","twitter_title":"","twitter_description":"","twitter_image":"","twitter_image_id":"","twitter_card_type":"","twitter_use_facebook":"","advanced_robots":"","pillar_content":"","seo_score":"","contentai_score":"","rich_snippet":""},"_links":{"self":[{"href":"https:\/\/dailynewshungary.com\/de\/wp-json\/wp\/v2\/posts\/656946","targetHints":{"allow":["GET"]}}],"collection":[{"href":"https:\/\/dailynewshungary.com\/de\/wp-json\/wp\/v2\/posts"}],"about":[{"href":"https:\/\/dailynewshungary.com\/de\/wp-json\/wp\/v2\/types\/post"}],"author":[{"embeddable":true,"href":"https:\/\/dailynewshungary.com\/de\/wp-json\/wp\/v2\/users\/50"}],"replies":[{"embeddable":true,"href":"https:\/\/dailynewshungary.com\/de\/wp-json\/wp\/v2\/comments?post=656946"}],"version-history":[{"count":0,"href":"https:\/\/dailynewshungary.com\/de\/wp-json\/wp\/v2\/posts\/656946\/revisions"}],"wp:attachment":[{"href":"https:\/\/dailynewshungary.com\/de\/wp-json\/wp\/v2\/media?parent=656946"}],"wp:term":[{"taxonomy":"category","embeddable":true,"href":"https:\/\/dailynewshungary.com\/de\/wp-json\/wp\/v2\/categories?post=656946"},{"taxonomy":"post_tag","embeddable":true,"href":"https:\/\/dailynewshungary.com\/de\/wp-json\/wp\/v2\/tags?post=656946"}],"curies":[{"name":"wp","href":"https:\/\/api.w.org\/{rel}","templated":true}]}}