{"id":656957,"date":"2024-11-07T17:34:05","date_gmt":"2024-11-07T16:34:05","guid":{"rendered":"https:\/\/dailynewshungary.com\/de\/der-von-skandalen-geplagte-fidesz-politiker-szajer-taucht-mit-eu-kritik-und-neuer-fuhrung-in-der-denkfabrik-wieder-auf\/"},"modified":"2024-11-07T17:34:05","modified_gmt":"2024-11-07T16:34:05","slug":"der-von-skandalen-geplagte-fidesz-politiker-szajer-taucht-mit-eu-kritik-und-neuer-fuhrung-in-der-denkfabrik-wieder-auf","status":"publish","type":"post","link":"https:\/\/dailynewshungary.com\/de\/der-von-skandalen-geplagte-fidesz-politiker-szajer-taucht-mit-eu-kritik-und-neuer-fuhrung-in-der-denkfabrik-wieder-auf\/","title":{"rendered":"Der von Skandalen geplagte Fidesz-Politiker Sz\u00e1jer taucht mit EU-Kritik und neuer F\u00fchrung in der Denkfabrik wieder auf"},"content":{"rendered":"<p><strong>Nach Jahren des Schweigens nach seinem Skandal 2020 in Br\u00fcssel ist der ehemalige Fidesz-Europaabgeordnete Sz\u00e1jer J\u00f3zsef mit einer mutigen Haltung zur Reform der Europ\u00e4ischen Union und einer neuen Rolle als Leiter des k\u00fcrzlich gegr\u00fcndeten Instituts f\u00fcr das Freie Europa in die \u00d6ffentlichkeit zur\u00fcckgekehrt. Das unter der Leitung der Historikerin M\u00e1ria Schmidt gegr\u00fcndete Institut versucht laut Sz\u00e1jer, sich f\u00fcr eine Vision der europ\u00e4ischen Integration einzusetzen, die auf nationaler Souver\u00e4nit\u00e4t und nicht auf F\u00f6deralismus basiert.<\/strong><\/p>\n<h2>J\u00f3zsef Sz\u00e1jer ist zur\u00fcck und hat einen Plan<\/h2>\n<p>In seiner offiziellen Erkl\u00e4rung betont Sz\u00e1jer die Mission des Instituts, dem Konzept der \u201eVereinigten Staaten von Europa\u201czu begegnen und sich stattdessen f\u00fcr ein Modell einzusetzen, bei dem die Mitgliedstaaten Autonomie behalten. Dieser Ansatz steht im Einklang mit der Verfassung Ungarns, n\u00e4mlich \u201eVereinigte Staaten von Europa\u201d <strong><a href=\"https:\/\/latoszogblog.hu\/aktualis\/nemzetek-europajanak-feltamasztasa\/\" target=\"_blank\" rel=\"noopener\">Er notiert<\/a><\/strong>, der besagt, dass die EU-Zusammenarbeit die Staaten in die Lage versetzen sollte, gemeinsam Souver\u00e4nit\u00e4t auszu\u00fcben, anstatt die Kontrolle an zentrale EU-Gremien abzutreten Sz\u00e1jer besteht darauf, sein Wissen \u00fcber Verfassungs- und EU-Recht zu nutzen, um diese Mission durch Forschungs-, Analyse- und Beratungsbem\u00fchungen zu unterst\u00fctzen.<\/p>\n<figure id=\"attachment_365493\" aria-describedby=\"caption-attachment-365493\" style=\"width: 994px\" class=\"wp-caption aligncenter\"><img loading=\"lazy\" decoding=\"async\" class=\"size-full wp-image-365493\" src=\"https:\/\/contentf5.dailynewshungary.com\/wp-content\/uploads\/2020\/12\/szajer.jpg\" alt=\"sz\u00e1jer j\u00f3zsef\" width=\"994\" height=\"570\"><figcaption id=\"caption-attachment-365493\" class=\"wp-caption-text\">Foto: https:\/\/szajer.fidesz-eu.hu\/hu\/bemutatkozas\/<\/figcaption><\/figure>\n<p>Die neu eingerichtete Denkfabrik mit einem kleinen, aber ehrgeizigen Team plant die Einf\u00fchrung mehrerer Schl\u00fcsselprojekte. Darunter sind ein detaillierter Entwurf f\u00fcr ein \u201csouver\u00e4nes Europa\u201d, inspiriert vom Fouchet-Plan der 1960 er Jahre, und ein Souver\u00e4nit\u00e4tsindex zur Messung der Unabh\u00e4ngigkeit der EU-L\u00e4nder. Dar\u00fcber hinaus m\u00f6chte Sz\u00e1jer eine \u201cCharta der Rechte der Nationen\u201d entwerfen, um die aktuelle Charta der EU auszugleichen, die vor allem die Rechte des Einzelnen sch\u00fctzt.<\/p>\n<p>In einer l\u00e4ngeren Analyse <strong><a href=\"https:\/\/latoszogblog.hu\/aktualis\/nemzetek-europajanak-feltamasztasa\/\" target=\"_blank\" rel=\"noopener\">Blog von M\u00e1ria Schmidt ver\u00f6ffentlicht<\/a><\/strong>Sz\u00e1jer erweitert seine Kritik und stellt die EU als grunds\u00e4tzlich undemokratisch und ohne Kontakt zu den europ\u00e4ischen B\u00fcrgern dar <strong><a href=\"https:\/\/24.hu\/belfold\/2024\/11\/05\/szajer-jozsef-szex-orgia-elemzes-orban-viktor-ep\/\" target=\"_blank\" rel=\"noopener\">24.hu schreibt<\/a><\/strong>. Er argumentiert, dass eine Reihe von Krisen in den vergangenen f\u00fcnfzehn Jahren die Unf\u00e4higkeit der EU offengelegt habe, wirksam zu reagieren, und f\u00fchrt dieses Vers\u00e4umnis auf \u201cideologische Vorurteile\u201d zur\u00fcck, die sie von den Bed\u00fcrfnissen der B\u00fcrger trennenSz\u00e1jer vertritt die Positionen der neu gegr\u00fcndeten Patrioten von Ungarns Premierminister Viktor Orb\u00e1nas eine tragf\u00e4hige Alternative, die geeignet ist, den Zyklus der ineffektiven Politik der EU mit dem Schwerpunkt \u201cDemokratie und Freiheit, angetrieben durch die Stimmen der B\u00fcrger\u201d zu durchbrechen<\/p>\n<h2>Sz\u00e1jers vergangener Skandal<\/h2>\n<p>Sz\u00e1jers Wiedereinstieg in das \u00f6ffentliche Leben erfolgt fast vier Jahre nach dem Skandal, der seinen R\u00fccktritt erzwang. Im November 2020 nahmen die belgischen Beh\u00f6rden ihn auf der Flucht vor einer Veranstaltung homosexueller Orgien, die gegen den Lockdown verstie\u00df, in Br\u00fcssel fest, die er sp\u00e4ter als vor\u00fcbergehende Urteilsverk\u00fcndung bezeichnete Trotz anhaltender Spekulationen wird Sz\u00e1jer behauptet, ihm seien keine Anklagen mehr auferlegt worden, die \u00fcber einen Versto\u00df gegen die COVID-19-Beschr\u00e4nkungen hinausgehen, und er bekr\u00e4ftigt seine Absicht, sein Privatleben vor \u00f6ffentlicher Kontrolle zu sch\u00fctzen.<\/p>\n<p>Im R\u00fcckblick auf seine Karriere ist Sz\u00e1jer stolz auf seine Beitr\u00e4ge zur Unabh\u00e4ngigkeit Ungarns und seine Rolle als einer der ersten Vertreter des Landes im Europ\u00e4ischen Parlament. Er hat die letzten Jahre in stiller Reflexion und Genesung von einer schweren Krankheit verbracht und betont, dass seine zuk\u00fcnftige Arbeit eher intellektueller als politischer Natur sein wird.<\/p>\n<p>Sz\u00e1jers neuer Fokus durch das Free Europe Institute signalisiert sein Engagement f\u00fcr die Neugestaltung des EU-Diskurses \u00fcber Souver\u00e4nit\u00e4t mit der Absicht, substanzielle politische Alternativen zu f\u00f6rdern, die auf nationaler Unabh\u00e4ngigkeit basieren. W\u00e4hrend er mit diesem n\u00e4chsten Kapitel beginnt, hat Sz\u00e1jer seine Haltung zur Privatsph\u00e4re deutlich gemacht und erkl\u00e4rt, dass er sich nicht mehr mit Fragen im Zusammenhang mit seinem vergangenen Skandal befassen wird.<\/p>\n<h2>Reaktion von Premierminister Orb\u00e1n auf Sz\u00e1jers Comeback<\/h2>\n<p>Der ungarische Premierminister Viktor Orb\u00e1n reagierte auf das Wiederauftauchen seines ehemaligen Kollegen. Auf Nachfrage von <strong><a href=\"https:\/\/telex.hu\/belfold\/2024\/11\/06\/orban-viktor-szajer-jozsef-visszatereserol-mar-ideje-volt\" target=\"_blank\" rel=\"noopener\">Telex<\/a><\/strong> \u00dcber Sz\u00e1jers R\u00fcckkehr kommentierte Orb\u00e1ns Sprecher Bertalan Havasi \u201eEs war an der Zeit\u201cund f\u00fcgte hinzu, dass Orb\u00e1n und Sz\u00e1jer, die seit ihrer Studienzeit befreundet sind, sich regelm\u00e4\u00dfig treffen.\u201d.<\/p>\n<p><strong>Lesen Sie auch:<\/strong><\/p>\n<ul>\n<li><a href=\"https:\/\/dailynewshungary.com\/de\/sexskandal-in-szajer-der-ehemalige-fidesz-europaabgeordnete-steht-immer-noch-in-kontakt-mit-dem-organisator-der-orgie\/\">Sexskandal in Sz\u00e1jer \u2013 der ehemalige Fidesz-Europaabgeordnete steht immer noch in Kontakt mit dem Organisator der Orgie<\/a><\/li>\n<li><a href=\"https:\/\/dailynewshungary.com\/de\/skandal-in-brussel-ungarischer-europaabgeordneter-in-illegale-brusseler-orgie-verwickelt\/\">Skandal in Br\u00fcssel! Ungarischer Europaabgeordneter in illegale Br\u00fcsseler Orgie verwickelt<\/a><\/li>\n<\/ul>\n","protected":false},"excerpt":{"rendered":"<p>Nach Jahren des Schweigens nach seinem Skandal 2020 in Br\u00fcssel ist der ehemalige Fidesz-Europaabgeordnete Sz\u00e1jer J\u00f3zsef mit einer mutigen Haltung zur Reform der Europ\u00e4ischen Union und einer neuen Rolle als Leiter des k\u00fcrzlich gegr\u00fcndeten Instituts f\u00fcr das Freie Europa in die \u00d6ffentlichkeit zur\u00fcckgekehrt. Das unter der Leitung der Historikerin M\u00e1ria Schmidt gegr\u00fcndete Institut versucht laut [&hellip;]<\/p>\n","protected":false},"author":62,"featured_media":656958,"comment_status":"open","ping_status":"open","sticky":false,"template":"","format":"standard","meta":{"_acf_changed":false,"_display_image":"yes","footnotes":""},"categories":[1098],"tags":[1444,1082,1091,1076],"class_list":["post-656957","post","type-post","status-publish","format-standard","has-post-thumbnail","hentry","category-gesellschaft","tag-europa","tag-europaische-union","tag-fidesz","tag-ungarn"],"blocksy_meta":[],"acf":[],"author_username":"hmercedesz","telegram_post":"","public_post_metadata":{"breaking_news":"yes","important":"no","csempe":"no","center_tile":"no","disable_thumbnail":"no","target_lang":"","_featured_image_style":"hidden","telegram_post":"","_xlat_group_id":""},"public_rank_math_data":{"title":"%title% %sep% %sitename%","description":"","focus_keyword":"Sz\u00e1jer","canonical_url":"","robots":"","primary_category":"1098","breadcrumb_title":"","facebook_title":"","facebook_description":"","facebook_image":"","facebook_image_id":"","twitter_title":"","twitter_description":"","twitter_image":"","twitter_image_id":"","twitter_card_type":"","twitter_use_facebook":"","advanced_robots":"","pillar_content":"","seo_score":"75","contentai_score":"","rich_snippet":""},"_links":{"self":[{"href":"https:\/\/dailynewshungary.com\/de\/wp-json\/wp\/v2\/posts\/656957","targetHints":{"allow":["GET"]}}],"collection":[{"href":"https:\/\/dailynewshungary.com\/de\/wp-json\/wp\/v2\/posts"}],"about":[{"href":"https:\/\/dailynewshungary.com\/de\/wp-json\/wp\/v2\/types\/post"}],"author":[{"embeddable":true,"href":"https:\/\/dailynewshungary.com\/de\/wp-json\/wp\/v2\/users\/62"}],"replies":[{"embeddable":true,"href":"https:\/\/dailynewshungary.com\/de\/wp-json\/wp\/v2\/comments?post=656957"}],"version-history":[{"count":0,"href":"https:\/\/dailynewshungary.com\/de\/wp-json\/wp\/v2\/posts\/656957\/revisions"}],"wp:featuredmedia":[{"embeddable":true,"href":"https:\/\/dailynewshungary.com\/de\/wp-json\/wp\/v2\/media\/656958"}],"wp:attachment":[{"href":"https:\/\/dailynewshungary.com\/de\/wp-json\/wp\/v2\/media?parent=656957"}],"wp:term":[{"taxonomy":"category","embeddable":true,"href":"https:\/\/dailynewshungary.com\/de\/wp-json\/wp\/v2\/categories?post=656957"},{"taxonomy":"post_tag","embeddable":true,"href":"https:\/\/dailynewshungary.com\/de\/wp-json\/wp\/v2\/tags?post=656957"}],"curies":[{"name":"wp","href":"https:\/\/api.w.org\/{rel}","templated":true}]}}