{"id":657103,"date":"2024-11-01T16:34:47","date_gmt":"2024-11-01T15:34:47","guid":{"rendered":"https:\/\/dailynewshungary.com\/de\/ungarischer-ausenminister-spricht-uber-eu-strafzolle-gegen-chinesische-e-autos\/"},"modified":"2024-11-01T16:34:47","modified_gmt":"2024-11-01T15:34:47","slug":"ungarischer-ausenminister-spricht-uber-eu-strafzolle-gegen-chinesische-e-autos","status":"publish","type":"post","link":"https:\/\/dailynewshungary.com\/de\/ungarischer-ausenminister-spricht-uber-eu-strafzolle-gegen-chinesische-e-autos\/","title":{"rendered":"Ungarischer Au\u00dfenminister spricht \u00fcber EU-Strafz\u00f6lle gegen chinesische E-Autos"},"content":{"rendered":"<p><strong>Die Strafz\u00f6lle der Europ\u00e4ischen Kommission auf chinesische Elektrofahrzeuge seien \u201cein weiterer Schlag f\u00fcr die Wettbewerbsf\u00e4higkeit des Kontinents\u201d, sagte Au\u00dfen &#8211; und Handelsminister P\u00e9ter Szijj\u00e1rt\u00f3 am Donnerstag in Budapest.<\/strong><\/p>\n<p>Die Ma\u00dfnahme dient weder den Interessen europ\u00e4ischer L\u00e4nder noch der Unternehmen <a href=\"https:\/\/www.facebook.com\/szijjarto.peter.official\" target=\"_blank\" rel=\"noopener\"><strong>Szijj\u00e1rt\u00f3<\/strong> <\/a>In einem Beitrag in den sozialen Medien sagte er, dass die Exekutive der Europ\u00e4ischen Union unter der Leitung von Ursula von der Leyen mit dem Schritt die Positionen der Mitgliedstaaten und der gro\u00dfen europ\u00e4ischen Unternehmen \u201c\u00fcbergangen\u201d habe.<\/p>\n<p>Er merkte an, dass gerade einmal zehn der 27 EU-Mitgliedstaaten die Ma\u00dfnahme unterst\u00fctzt h\u00e4tten, w\u00e4hrend europ\u00e4ische Unternehmen der Automobilindustrie \u201cmit Z\u00e4hnen und F\u00fc\u00dfen\u201d dagegen gek\u00e4mpft h\u00e4tten \u201cDer Erfolg der europ\u00e4ischen Elektromobilit\u00e4tsstrategie ist ohne die Zusammenarbeit mit chinesischen Zulieferern schwer vorstellbar\u201d, f\u00fcgte er hinzu.<\/p>\n<p>Er gab der Schuld <a href=\"https:\/\/www.facebook.com\/EuropeanCommission\" target=\"_blank\" rel=\"noopener\"><strong>EG<\/strong> <\/a>Pr\u00e4sident daf\u00fcr, dass Europa \u201cin einen Krieg gebracht wird, den es verlieren wird\u201d, und gleichzeitig das Gewicht der EU in der Weltwirtschaft und in der Weltpolitik verringert hat.<\/p>\n<p>Die EG hat am Mittwoch Ausgleichsz\u00f6lle auf Einfuhren von Elektrofahrzeugen aus China f\u00fcr einen Zeitraum von f\u00fcnf Jahren eingef\u00fchrt Die Z\u00f6lle sind ab Donnerstag in Kraft.<\/p>\n<p><strong>Lesen Sie auch:<\/strong><\/p>\n<ul>\n<li>Nationaler Wirtschaftsminister: Ungarns Wachstum wird durch externe Faktoren behindert, insbesondere durch den Niedergang der Automobilindustrie. Weiterlesen <a href=\"https:\/\/dailynewshungary.com\/de\/nationaler-wirtschaftsminister-ungarns-wachstum-wird-durch-externe-faktoren-behindert-insbesondere-durch-den-ruckgang-der-automobilindustrie\/\"><strong>HIER<\/strong><\/a><\/li>\n<li>Ungarische Regierung <a href=\"https:\/\/dailynewshungary.com\/de\/die-ungarische-regierung-stellt-neue-wirtschaftsinitiativen-vor-arbeiterkredite-zuschusse-fur-die-renovierung-von-hausern-und-steuergutschriften-fur-familien\/\"><strong>Enth\u00fcllungen<\/strong> <\/a>Neue Wirtschaftsinitiativen: Arbeiterkredite, Zusch\u00fcsse f\u00fcr die Renovierung von H\u00e4usern und Steuergutschriften f\u00fcr Familien<\/li>\n<\/ul>\n","protected":false},"excerpt":{"rendered":"<p>Die Strafz\u00f6lle der Europ\u00e4ischen Kommission auf chinesische Elektrofahrzeuge seien \u201cein weiterer Schlag f\u00fcr die Wettbewerbsf\u00e4higkeit des Kontinents\u201d, sagte Au\u00dfen &#8211; und Handelsminister P\u00e9ter Szijj\u00e1rt\u00f3 am Donnerstag in Budapest. Die Ma\u00dfnahme dient weder den Interessen europ\u00e4ischer L\u00e4nder noch der Unternehmen Szijj\u00e1rt\u00f3 In einem Beitrag in den sozialen Medien sagte er, dass die Exekutive der Europ\u00e4ischen Union [&hellip;]<\/p>\n","protected":false},"author":50,"featured_media":0,"comment_status":"open","ping_status":"open","sticky":false,"template":"","format":"standard","meta":{"_acf_changed":false,"_display_image":"yes","footnotes":""},"categories":[1081],"tags":[3133,1162,1426,1102,1076],"class_list":["post-657103","post","type-post","status-publish","format-standard","hentry","category-politik","tag-ausenangelegenheiten-ministerium-ungarn","tag-china","tag-europaische-kommission","tag-ungarische-regierung","tag-ungarn"],"blocksy_meta":[],"acf":[],"author_username":"dnh","telegram_post":"","public_post_metadata":{"breaking_news":"yes","important":"no","csempe":"no","center_tile":"no","disable_thumbnail":"no","target_lang":"","_featured_image_style":"hidden","telegram_post":"","_xlat_group_id":""},"public_rank_math_data":{"title":"%title% %sep% %sitename%","description":"","focus_keyword":"","canonical_url":"","robots":"","primary_category":"1081","breadcrumb_title":"","facebook_title":"","facebook_description":"","facebook_image":"","facebook_image_id":"","twitter_title":"","twitter_description":"","twitter_image":"","twitter_image_id":"","twitter_card_type":"","twitter_use_facebook":"","advanced_robots":"","pillar_content":"","seo_score":"","contentai_score":"","rich_snippet":""},"_links":{"self":[{"href":"https:\/\/dailynewshungary.com\/de\/wp-json\/wp\/v2\/posts\/657103","targetHints":{"allow":["GET"]}}],"collection":[{"href":"https:\/\/dailynewshungary.com\/de\/wp-json\/wp\/v2\/posts"}],"about":[{"href":"https:\/\/dailynewshungary.com\/de\/wp-json\/wp\/v2\/types\/post"}],"author":[{"embeddable":true,"href":"https:\/\/dailynewshungary.com\/de\/wp-json\/wp\/v2\/users\/50"}],"replies":[{"embeddable":true,"href":"https:\/\/dailynewshungary.com\/de\/wp-json\/wp\/v2\/comments?post=657103"}],"version-history":[{"count":0,"href":"https:\/\/dailynewshungary.com\/de\/wp-json\/wp\/v2\/posts\/657103\/revisions"}],"wp:attachment":[{"href":"https:\/\/dailynewshungary.com\/de\/wp-json\/wp\/v2\/media?parent=657103"}],"wp:term":[{"taxonomy":"category","embeddable":true,"href":"https:\/\/dailynewshungary.com\/de\/wp-json\/wp\/v2\/categories?post=657103"},{"taxonomy":"post_tag","embeddable":true,"href":"https:\/\/dailynewshungary.com\/de\/wp-json\/wp\/v2\/tags?post=657103"}],"curies":[{"name":"wp","href":"https:\/\/api.w.org\/{rel}","templated":true}]}}