{"id":657188,"date":"2024-10-29T09:34:20","date_gmt":"2024-10-29T08:34:20","guid":{"rendered":"https:\/\/dailynewshungary.com\/de\/ungarn-fordert-starkere-nationalstaatliche-souveranitat-in-der-eu-lehnt-vertragsanderungen-fur-politische-machtverschiebung-ab\/"},"modified":"2024-10-29T09:34:20","modified_gmt":"2024-10-29T08:34:20","slug":"ungarn-fordert-starkere-nationalstaatliche-souveranitat-in-der-eu-lehnt-vertragsanderungen-fur-politische-machtverschiebung-ab","status":"publish","type":"post","link":"https:\/\/dailynewshungary.com\/de\/ungarn-fordert-starkere-nationalstaatliche-souveranitat-in-der-eu-lehnt-vertragsanderungen-fur-politische-machtverschiebung-ab\/","title":{"rendered":"Ungarn fordert st\u00e4rkere nationalstaatliche Souver\u00e4nit\u00e4t in der EU, lehnt Vertrags\u00e4nderungen f\u00fcr politische Machtverschiebung ab"},"content":{"rendered":"<p><strong>Der Zweck der europ\u00e4ischen Integration bestehe nicht darin, die nationale Selbstbestimmung und Unabh\u00e4ngigkeit aufzugeben, sondern die Nationalstaaten zu st\u00e4rken, sagte Barna P\u00e1l Zsigmond, eine Regierungsbeamtin, am Montag auf einer Sitzung der Konferenz der Parlamentarischen Aussch\u00fcsse f\u00fcr Unionsangelegenheiten (COSAC) in Budapest.<\/strong><\/p>\n<p>Die EU hinkt ihren globalen Konkurrenten hinterher, und die ungarische EU-Ratspr\u00e4sidentschaft will h\u00f6here Produktivit\u00e4t und Wachstum in der Union f\u00f6rdern, die <strong><a href=\"https:\/\/www.facebook.com\/zsigmond.barna.pal\/?locale=hu_HU\" target=\"_blank\" rel=\"noopener\">P\u00e1l Zsigmond Barna<\/a><\/strong>\u201e, parlamentarischer Staatssekret\u00e4r f\u00fcr EU-Angelegenheiten, sagte.<\/p>\n<p>Vom Premierminister aufgez\u00e4hlte Priorit\u00e4ten <strong><a href=\"https:\/\/www.facebook.com\/orbanviktor\/?locale=hu_HU\" target=\"_blank\" rel=\"noopener\">Viktor Orb\u00e1n<\/a><\/strong> Dazu geh\u00f6ren die Verabschiedung eines neuen europ\u00e4ischen Wettbewerbsf\u00e4higkeitspakts, die St\u00e4rkung der Verteidigungspolitik und die Durchf\u00fchrung einer leistungsorientierten Erweiterungspolitik. Ungarn wolle au\u00dferdem die illegale Migration eind\u00e4mmen, eine auf Landwirte ausgerichtete EU-Agrarpolitik einf\u00fchren und demografische Herausforderungen angehen, sagte er.<\/p>\n<p><iframe loading=\"lazy\" style=\"border: none; overflow: hidden;\" src=\"https:\/\/www.facebook.com\/plugins\/post.php?href=https%3A%2F%2Fwww.facebook.com%2Fzsigmond.barna.pal%2Fposts%2Fpfbid0DUkRuruN9gJ54erSeYwk7wczWSA8CD9d34z6gvSyRoZ444bwMa1pvZLzHG3sSQAvl&amp;show_text=true&amp;width=500\" width=\"500\" height=\"750\" frameborder=\"0\" scrolling=\"no\" allowfullscreen=\"allowfullscreen\"><\/iframe><\/p>\n<p>\u201cVor zwanzig Jahren hatten wir das Gef\u00fchl, dass die EU-Mitgliedschaft Ungarns ein historischer Erfolg war, der auf einem nationalen Konsens beruhte, und trotz der aktuellen Schwierigkeiten geht es uns auch heute noch so\u201d, sagte er \u201eAber jetzt ist es immer mehr so, dass sich ein zentralisiertes und politisiertes institutionelles System \u00fcber die Mitgliedstaaten ausbreitet.\u201c\u201d<\/p>\n<p>Er sagte, Br\u00fcsseler Gremien w\u00fcrden Befugnisse auf Kosten von Nationalstaaten und nationalen Parlamenten erlangen und dies mit ideologischem Druck verbinden. Er kritisierte au\u00dferdem die Europ\u00e4ische Kommission daf\u00fcr, dass sie immer st\u00e4rker politisiert werde. Er argumentierte, dass geopolitische Herausforderungen keine Entschuldigung daf\u00fcr sein sollten, dass die Kommission einen Alleingang unternehme oder \u201eKampagnen gegen einzelne Mitgliedstaaten unter Berufung auf gemeinsame Werte startet\u201c\u201d.<\/p>\n<p>Es bestehe kein Bedarf f\u00fcr dringende \u00c4nderungen der EU-Vertr\u00e4ge, sagte er und f\u00fcgte hinzu, dass wichtigere Priorit\u00e4ten die Politikgestaltung und Haushaltsfragen seien. Der Beamte wies auch auf Bereiche hin, die eine einstimmige Entscheidungsfindung erforderten und \u201ewichtige nationale Interessen\u201caufwirkten, und argumentierte gegen eine Ausweitung des Anwendungsbereichs der Beschlussfassung mit qualifizierter Mehrheit.<\/p>\n<p>Maros Sefcovic, der Vorsitzende des EU Green Deal, Sven Simon, Vorsitzender des EP-Verfassungsausschusses, Alessandro Giglio Vigna, Leiter des EU-Aff\u00e4renausschusses des italienischen Repr\u00e4sentantenhauses, sprach ebenfalls zu der Veranstaltung.<\/p>\n<p>Zsigmond sagte, die Mehrheit der nationalen Parlamente habe auch den Standpunkt des ungarischen Parlaments vertreten, dass \u201cdie Souver\u00e4nit\u00e4t auf Nationalstaaten basiert\u201d Es bestehe keine Notwendigkeit, f\u00fcgte er hinzu, die Vertr\u00e4ge zu \u00e4ndern, damit Europa besser funktionieren oder die Erweiterung stattfinden k\u00f6nne, sagte er.<\/p>\n<p><strong>Lesen Sie auch:<\/strong><\/p>\n<ul>\n<li><a href=\"https:\/\/dailynewshungary.com\/de\/kabinett-orban-unuberlegte-politik-die-die-existenz-der-europaischen-union-gefahrdet\/\">Kabinett Orb\u00e1n: Un\u00fcberlegte Politik, die die Existenz der Europ\u00e4ischen Union gef\u00e4hrdet<\/a><\/li>\n<li><a href=\"https:\/\/dailynewshungary.com\/de\/massen-von-ungarn-ziehen-nach-osterreich-um-dort-zu-leben-und-zu-arbeiten\/\">Massen von Ungarn ziehen nach \u00d6sterreich, um dort zu leben und zu arbeiten<\/a><\/li>\n<\/ul>\n","protected":false},"excerpt":{"rendered":"<p>Der Zweck der europ\u00e4ischen Integration bestehe nicht darin, die nationale Selbstbestimmung und Unabh\u00e4ngigkeit aufzugeben, sondern die Nationalstaaten zu st\u00e4rken, sagte Barna P\u00e1l Zsigmond, eine Regierungsbeamtin, am Montag auf einer Sitzung der Konferenz der Parlamentarischen Aussch\u00fcsse f\u00fcr Unionsangelegenheiten (COSAC) in Budapest. Die EU hinkt ihren globalen Konkurrenten hinterher, und die ungarische EU-Ratspr\u00e4sidentschaft will h\u00f6here Produktivit\u00e4t und [&hellip;]<\/p>\n","protected":false},"author":33,"featured_media":0,"comment_status":"open","ping_status":"open","sticky":false,"template":"","format":"standard","meta":{"_acf_changed":false,"_display_image":"yes","footnotes":""},"categories":[1098],"tags":[1132,1082,1076],"class_list":["post-657188","post","type-post","status-publish","format-standard","hentry","category-gesellschaft","tag-diplomatie","tag-europaische-union","tag-ungarn"],"blocksy_meta":[],"acf":[],"author_username":"ugyelet","telegram_post":"","public_post_metadata":{"breaking_news":"yes","important":"no","csempe":"no","center_tile":"no","disable_thumbnail":"no","target_lang":"","_featured_image_style":"hidden","telegram_post":"","_xlat_group_id":""},"public_rank_math_data":{"title":"%title% %sep% %sitename%","description":"","focus_keyword":"","canonical_url":"","robots":"","primary_category":"1098","breadcrumb_title":"","facebook_title":"","facebook_description":"","facebook_image":"","facebook_image_id":"","twitter_title":"","twitter_description":"","twitter_image":"","twitter_image_id":"","twitter_card_type":"","twitter_use_facebook":"","advanced_robots":"","pillar_content":"","seo_score":"","contentai_score":"","rich_snippet":""},"_links":{"self":[{"href":"https:\/\/dailynewshungary.com\/de\/wp-json\/wp\/v2\/posts\/657188","targetHints":{"allow":["GET"]}}],"collection":[{"href":"https:\/\/dailynewshungary.com\/de\/wp-json\/wp\/v2\/posts"}],"about":[{"href":"https:\/\/dailynewshungary.com\/de\/wp-json\/wp\/v2\/types\/post"}],"author":[{"embeddable":true,"href":"https:\/\/dailynewshungary.com\/de\/wp-json\/wp\/v2\/users\/33"}],"replies":[{"embeddable":true,"href":"https:\/\/dailynewshungary.com\/de\/wp-json\/wp\/v2\/comments?post=657188"}],"version-history":[{"count":0,"href":"https:\/\/dailynewshungary.com\/de\/wp-json\/wp\/v2\/posts\/657188\/revisions"}],"wp:attachment":[{"href":"https:\/\/dailynewshungary.com\/de\/wp-json\/wp\/v2\/media?parent=657188"}],"wp:term":[{"taxonomy":"category","embeddable":true,"href":"https:\/\/dailynewshungary.com\/de\/wp-json\/wp\/v2\/categories?post=657188"},{"taxonomy":"post_tag","embeddable":true,"href":"https:\/\/dailynewshungary.com\/de\/wp-json\/wp\/v2\/tags?post=657188"}],"curies":[{"name":"wp","href":"https:\/\/api.w.org\/{rel}","templated":true}]}}