{"id":657323,"date":"2024-10-23T21:04:27","date_gmt":"2024-10-23T19:04:27","guid":{"rendered":"https:\/\/dailynewshungary.com\/de\/peter-magyar-versammelt-bei-der-budapester-demonstration-widerstand-und-fordert-veranderungen-im-jahr-2026\/"},"modified":"2024-10-23T21:04:27","modified_gmt":"2024-10-23T19:04:27","slug":"peter-magyar-versammelt-bei-der-budapester-demonstration-widerstand-und-fordert-veranderungen-im-jahr-2026","status":"publish","type":"post","link":"https:\/\/dailynewshungary.com\/de\/peter-magyar-versammelt-bei-der-budapester-demonstration-widerstand-und-fordert-veranderungen-im-jahr-2026\/","title":{"rendered":"P\u00e9ter Magyar versammelt bei der Budapester Demonstration Widerstand und fordert Ver\u00e4nderungen im Jahr 2026"},"content":{"rendered":"<p><strong>Bei der heutigen Demonstration am 23. Oktober in Budapest hielt P\u00e9ter Magyar, Vorsitzender der oppositionellen Thei\u00df-Partei, eine leidenschaftliche Rede auf dem Bem-J\u00f3zsef-Platz und f\u00fchrte die Menge sp\u00e4ter zum Sz\u00e9na-Platz. Er kritisierte Premierminister Viktor Orb\u00e1n heftig, beschuldigte ihn, das Erbe von 1956 verraten zu haben, und betonte die Notwendigkeit, zu den Prinzipien der Einheit und des Widerstands gegen Unterdr\u00fcckung zur\u00fcckzukehren.<\/strong><\/p>\n<figure id=\"attachment_615376\" aria-describedby=\"caption-attachment-615376\" style=\"width: 1280px\" class=\"wp-caption aligncenter\"><img loading=\"lazy\" decoding=\"async\" class=\"size-full wp-image-615376\" src=\"https:\/\/contentf5.dailynewshungary.com\/wp-content\/uploads\/2024\/10\/peter-magyar-demonstration-23-october.jpg\" alt=\"Demonstration der P\u00e4termagyaren am 23. Oktober\" width=\"1280\" height=\"853\" srcset=\"https:\/\/contentf5.dailynewshungary.com\/wp-content\/uploads\/2024\/10\/peter-magyar-demonstration-23-october.jpg 1280w, https:\/\/contentf5.dailynewshungary.com\/wp-content\/uploads\/2024\/10\/peter-magyar-demonstration-23-october-768x512.jpg 768w, https:\/\/contentf5.dailynewshungary.com\/wp-content\/uploads\/2024\/10\/peter-magyar-demonstration-23-october-333x222.jpg 333w, https:\/\/contentf5.dailynewshungary.com\/wp-content\/uploads\/2024\/10\/peter-magyar-demonstration-23-october-248x165.jpg 248w, https:\/\/contentf5.dailynewshungary.com\/wp-content\/uploads\/2024\/10\/peter-magyar-demonstration-23-october-1030x686.jpg 1030w, https:\/\/contentf5.dailynewshungary.com\/wp-content\/uploads\/2024\/10\/peter-magyar-demonstration-23-october-113x75.jpg 113w, https:\/\/contentf5.dailynewshungary.com\/wp-content\/uploads\/2024\/10\/peter-magyar-demonstration-23-october-480x320.jpg 480w\" sizes=\"auto, (max-width: 1280px) 100vw, 1280px\"><figcaption id=\"caption-attachment-615376\" class=\"wp-caption-text\">Foto: MTI\/Balogh Zolt\u00e1n<\/figcaption><\/figure>\n<p>P\u00e9ter Magyar skizzierte eine mutige Vision f\u00fcr die Wahlen 2026 und k\u00fcndigte den Beginn eines transparenten Auswahlverfahrens f\u00fcr k\u00fcnftige Staats- und Regierungschefs an, die sich f\u00fcr den Wohlstand Ungarns einsetzen <strong><a href=\"https:\/\/www.economx.hu\/belfold\/magyar-peter-tisza-beszed-oktober-23.798392.html\" target=\"_blank\" rel=\"noopener\">Economx berichtete<\/a><\/strong>. Er versprach Reformen im Gesundheitswesen, im Bildungswesen und in der Wirtschaft, einschlie\u00dflich der Wiederherstellung des nationalen Rufs, der R\u00fcckforderung gestohlener Verm\u00f6genswerte und der Verbesserung der Sozialhilfeprogramme. Dar\u00fcber hinaus <strong><a href=\"https:\/\/www.facebook.com\/peter.magyar.102\/?locale=hu_HU\" target=\"_blank\" rel=\"noopener\">Magyar<\/a> <\/strong>Zusage, der Europ\u00e4ischen Staatsanwaltschaft beizutreten, die Unabh\u00e4ngigkeit der Kommunalverwaltungen wiederherzustellen und die Ministerpr\u00e4sidenten auf zwei Amtszeiten zu beschr\u00e4nken.<\/p>\n<p>Die Demonstration richtete sich auch gegen den ehemaligen Premierminister Ferenc Gyurcs\u00e1ny, wobei Magyar beide daf\u00fcr verantwortlich machte <strong><a href=\"https:\/\/www.facebook.com\/orbanviktor\/\" target=\"_blank\" rel=\"noopener\">Orb\u00e1n<\/a> <\/strong>und <strong><a href=\"https:\/\/www.facebook.com\/gyurcsanyf\/?locale=hu_HU\" target=\"_blank\" rel=\"noopener\">Gyurcs\u00e1ny <\/a><\/strong>f\u00fcr Ungarns K\u00e4mpfe in den letzten zwei Jahrzehnten und erkl\u00e4rte, dass seine F\u00fchrung das Land in eine politische, wirtschaftliche und moralische Krise gebracht habe.<\/p>\n<p>Die Veranstaltung markierte das Engagement der Thei\u00df-Partei, eine patriotische Regierung anzubieten, mit dem Ziel, Ungarn bis 2026 wieder auf den Aufw\u00e4rtstrend zu bringen.<\/p>\n<figure id=\"attachment_615377\" aria-describedby=\"caption-attachment-615377\" style=\"width: 1280px\" class=\"wp-caption aligncenter\"><img loading=\"lazy\" decoding=\"async\" class=\"size-full wp-image-615377\" src=\"https:\/\/contentf5.dailynewshungary.com\/wp-content\/uploads\/2024\/10\/peter-magyar-demonstration-23-october2.jpg\" alt=\"Demonstration der P\u00e4termagyaren am 23. Oktober\" width=\"1280\" height=\"851\" srcset=\"https:\/\/contentf5.dailynewshungary.com\/wp-content\/uploads\/2024\/10\/peter-magyar-demonstration-23-october2.jpg 1280w, https:\/\/contentf5.dailynewshungary.com\/wp-content\/uploads\/2024\/10\/peter-magyar-demonstration-23-october2-768x511.jpg 768w, https:\/\/contentf5.dailynewshungary.com\/wp-content\/uploads\/2024\/10\/peter-magyar-demonstration-23-october2-334x222.jpg 334w, https:\/\/contentf5.dailynewshungary.com\/wp-content\/uploads\/2024\/10\/peter-magyar-demonstration-23-october2-248x165.jpg 248w, https:\/\/contentf5.dailynewshungary.com\/wp-content\/uploads\/2024\/10\/peter-magyar-demonstration-23-october2-1030x685.jpg 1030w, https:\/\/contentf5.dailynewshungary.com\/wp-content\/uploads\/2024\/10\/peter-magyar-demonstration-23-october2-113x75.jpg 113w, https:\/\/contentf5.dailynewshungary.com\/wp-content\/uploads\/2024\/10\/peter-magyar-demonstration-23-october2-480x319.jpg 480w\" sizes=\"auto, (max-width: 1280px) 100vw, 1280px\"><figcaption id=\"caption-attachment-615377\" class=\"wp-caption-text\">P\u00e9ter Magyar bei einer Demonstration in Budapest am 23. Oktober 2024. Foto: MTI\/Balogh Zolt\u00e1n<\/figcaption><\/figure>\n<p><strong>Lesen Sie auch:<\/strong><\/p>\n<ul>\n<li><a href=\"https:\/\/dailynewshungary.com\/de\/oppositionserklarungen-orban-spuckte-den-helden-von-1956-ins-gesicht-russen-geh-nach-hause\/\">Oppositionserkl\u00e4rungen: Orb\u00e1n spuckte den Helden von 1956 ins Gesicht, &#8216;Russen, geh nach Hause!&#8217;<\/a><\/li>\n<li><a href=\"https:\/\/dailynewshungary.com\/de\/isten-segitsens-die-botschaft-eines-amerikanischen-kriegsschiffs-an-ungarische-freiheitskampfer-im-jahr-1956\/\">&#8216;Isten seg\u00edtsens \u2013 Die Botschaft eines amerikanischen Kriegsschiffs an ungarische Freiheitsk\u00e4mpfer im Jahr 1956<\/a><\/li>\n<\/ul>\n","protected":false},"excerpt":{"rendered":"<p>Bei der heutigen Demonstration am 23. Oktober in Budapest hielt P\u00e9ter Magyar, Vorsitzender der oppositionellen Thei\u00df-Partei, eine leidenschaftliche Rede auf dem Bem-J\u00f3zsef-Platz und f\u00fchrte die Menge sp\u00e4ter zum Sz\u00e9na-Platz. Er kritisierte Premierminister Viktor Orb\u00e1n heftig, beschuldigte ihn, das Erbe von 1956 verraten zu haben, und betonte die Notwendigkeit, zu den Prinzipien der Einheit und des [&hellip;]<\/p>\n","protected":false},"author":62,"featured_media":657324,"comment_status":"open","ping_status":"open","sticky":false,"template":"","format":"standard","meta":{"_acf_changed":false,"_display_image":"yes","footnotes":""},"categories":[1081],"tags":[1266,1334,1411,1076],"class_list":["post-657323","post","type-post","status-publish","format-standard","has-post-thumbnail","hentry","category-politik","tag-demonstration","tag-knospenapst","tag-peter-magyar-und-die-theisparty","tag-ungarn"],"blocksy_meta":[],"acf":[],"author_username":"hmercedesz","telegram_post":"","public_post_metadata":{"breaking_news":"yes","important":"no","csempe":"no","center_tile":"no","disable_thumbnail":"no","target_lang":"","_featured_image_style":"hidden","telegram_post":"","_xlat_group_id":""},"public_rank_math_data":{"title":"%title% %sep% %sitename%","description":"","focus_keyword":"P\u00e9ter Magyar","canonical_url":"","robots":"","primary_category":"1081","breadcrumb_title":"","facebook_title":"","facebook_description":"","facebook_image":"","facebook_image_id":"","twitter_title":"","twitter_description":"","twitter_image":"","twitter_image_id":"","twitter_card_type":"","twitter_use_facebook":"","advanced_robots":"","pillar_content":"","seo_score":"80","contentai_score":"","rich_snippet":""},"_links":{"self":[{"href":"https:\/\/dailynewshungary.com\/de\/wp-json\/wp\/v2\/posts\/657323","targetHints":{"allow":["GET"]}}],"collection":[{"href":"https:\/\/dailynewshungary.com\/de\/wp-json\/wp\/v2\/posts"}],"about":[{"href":"https:\/\/dailynewshungary.com\/de\/wp-json\/wp\/v2\/types\/post"}],"author":[{"embeddable":true,"href":"https:\/\/dailynewshungary.com\/de\/wp-json\/wp\/v2\/users\/62"}],"replies":[{"embeddable":true,"href":"https:\/\/dailynewshungary.com\/de\/wp-json\/wp\/v2\/comments?post=657323"}],"version-history":[{"count":0,"href":"https:\/\/dailynewshungary.com\/de\/wp-json\/wp\/v2\/posts\/657323\/revisions"}],"wp:featuredmedia":[{"embeddable":true,"href":"https:\/\/dailynewshungary.com\/de\/wp-json\/wp\/v2\/media\/657324"}],"wp:attachment":[{"href":"https:\/\/dailynewshungary.com\/de\/wp-json\/wp\/v2\/media?parent=657323"}],"wp:term":[{"taxonomy":"category","embeddable":true,"href":"https:\/\/dailynewshungary.com\/de\/wp-json\/wp\/v2\/categories?post=657323"},{"taxonomy":"post_tag","embeddable":true,"href":"https:\/\/dailynewshungary.com\/de\/wp-json\/wp\/v2\/tags?post=657323"}],"curies":[{"name":"wp","href":"https:\/\/api.w.org\/{rel}","templated":true}]}}