{"id":657803,"date":"2024-10-04T13:34:53","date_gmt":"2024-10-04T11:34:53","guid":{"rendered":"https:\/\/dailynewshungary.com\/de\/der-ungarische-oppositionsfuhrer-magyar-bittet-die-eu-den-ungarn-bei-der-zahlung-erhohter-energie-und-lebensmittelpreise-zu-helfen\/"},"modified":"2024-10-04T13:34:53","modified_gmt":"2024-10-04T11:34:53","slug":"der-ungarische-oppositionsfuhrer-magyar-bittet-die-eu-den-ungarn-bei-der-zahlung-erhohter-energie-und-lebensmittelpreise-zu-helfen","status":"publish","type":"post","link":"https:\/\/dailynewshungary.com\/de\/der-ungarische-oppositionsfuhrer-magyar-bittet-die-eu-den-ungarn-bei-der-zahlung-erhohter-energie-und-lebensmittelpreise-zu-helfen\/","title":{"rendered":"Der ungarische Oppositionsf\u00fchrer Magyar bittet die EU, den Ungarn bei der Zahlung erh\u00f6hter Energie- und Lebensmittelpreise zu helfen"},"content":{"rendered":"<p><strong>Der Vorsitzende der ungarischen Oppositionspartei Thei\u00df hat die Europ\u00e4ische Union aufgefordert, im Zusammenhang mit starken Energie &#8211; und Lebensmittelpreissteigerungen \u201cRichtung und Hilfe\u201d zu geben.<\/strong><\/p>\n<p>Nach einer Sitzung des Landwirtschaftsausschusses des Europ\u00e4ischen Parlaments wurde <a href=\"https:\/\/www.facebook.com\/peter.magyar.102\" target=\"_blank\" rel=\"noopener\"><strong>P\u00e9ter Magyar<\/strong><\/a> Auf seinem YouTube-Kanal sagte, dass die EU bei der Ohrfeige gegen Russland mit Sanktionen, die zu \u201cwilden\u201d Energie &#8211; und Lebensmittelpreisen f\u00fchrten, ein einheitliches Vorgehen ergriffen habe, so dass sie nun konzertiert Hilfe anbieten sollte.<\/p>\n<p>Er stellte eine Rekordinflation in Ungarn fest, bei der die Lebensmittelpreise \u201cum mehr als 60 Prozent in den Jahren 2022 und 2023\u201d stiegenDie Inflation in Ungarn sei immer noch die vierth\u00f6chste in Europa, f\u00fcgte er hinzuDie Thei\u00df-Partei, erkl\u00e4rte er, werde die Mehrwertsteuer auf Gem\u00fcse und Obst auf 5 Prozent senken, und dann schrittweise die Mehrwertsteuer auf alle gesundheitsf\u00f6rdernden Lebensmittel senken.<\/p>\n<p>Magyar bemerkte, dass er sich heute mit Roberta Metsola, der EP-Pr\u00e4sidentin, unterhielt und auch ein Treffen mit ihm abhalten w\u00fcrde <a href=\"https:\/\/www.facebook.com\/EuropeanCommission\" target=\"_blank\" rel=\"noopener\"><strong>Europ\u00e4ische Kommission<\/strong> <\/a>Pr\u00e4sidentin Ursula von der Leyen.<\/p>\n<p><iframe loading=\"lazy\" style=\"border: none; overflow: hidden;\" src=\"https:\/\/www.facebook.com\/plugins\/post.php?href=https%3A%2F%2Fwww.facebook.com%2Fpeter.magyar.102%2Fposts%2Fpfbid02376XD4ChRW657m4JSDjg9c68MV9jLud9CaB6yamC3LbdAesRVAeSjLQ8kGEg6Wm9l&amp;show_text=false&amp;width=500\" width=\"500\" height=\"332\" frameborder=\"0\" scrolling=\"no\" allowfullscreen=\"allowfullscreen\"><\/iframe><\/p>\n<p>W\u00e4hrend Magyar sich mit der Frage mehrerer Freiheitsk\u00e4mpfer von 1956 befasste, die von der Thei\u00df-Partei das Hissen der Nationalflagge mit einem symbolischen Loch forderten, sagte er, es sei \u201eseltsam, ob sie echte Freiheitsk\u00e4mpfer seien oder nicht\u201cdass sie die j\u00fcngsten \u201everr\u00e4terischen\u201d \u00c4u\u00dferungen des politischen Direktors des Premierministers, Balazs Orban, nicht verurteilt h\u00e4tten\u201d.<\/p>\n<p>Unter Bezugnahme auf die Vorw\u00fcrfe des Fidesz-Europaabgeordneten Tamas Deutsch bez\u00fcglich seiner Immunit\u00e4t sagte Magyar, er reiche eine Beschwerde wegen Verleumdung ein und f\u00fcgte hinzu, dass das EP den Antrag der Staatsanwaltschaft, ihm seine Immunit\u00e4t zu entziehen, ohnehin noch nicht erhalten habe.<\/p>\n<h2 class=\"heading-2 font-content-roboto-slab text-content-base font-bold pb-7.5 pt-2.5 lg:pb-7.5 lg:pt-2.5\">Neue Tisza-Abgeordnete folgen dem Ort, an dem Momentum aufgeh\u00f6rt hat, sagt der Fidesz-Abgeordnete<\/h2>\n<p>Erste Erfahrungen deuten darauf hin, dass die neuen Europaabgeordneten der oppositionellen Thei\u00df-Partei \u201cdort weitermachen, wo Momentum aufgeh\u00f6rt hat\u201d, sagte ein regierender Fidesz-Europaabgeordneter am Donnerstag und bezog sich dabei auf die kleine liberale Oppositionspartei, die bei den diesj\u00e4hrigen Wahlen zum Europ\u00e4ischen Parlament schlecht abgeschnitten hat.<\/p>\n<p>Csaba D\u00f6m\u00f6t\u00f6r sagte auf Facebook, dass die Abgeordneten von Thei\u00df nun versuchten, sich in das ungarische Energiepreissubventionssystem einzumischen.<\/p>\n<p>Die Abgeordnete von Thei\u00df, Gabriella Gerzsenyi, sagte zuvor, dass Ungarn sich mit dem Plan selbst schade, sagte D\u00f6m\u00f6t\u00f6r und f\u00fcgte hinzu, dass eine k\u00fcrzliche Abstimmung der Thei\u00df-Abgeordneten gegen das System gezeigt habe, dass sie ihren Einwand nun auf eine h\u00f6here Ebene erhoben h\u00e4tten.<\/p>\n<p>Der Ausschuss f\u00fcr Industrie, Forschung und Energie (ITRE) des Europ\u00e4ischen Parlaments hat eine Entschlie\u00dfung angenommen, in der die bestehenden Energiepreissubventionssysteme in bestimmten Mitgliedstaaten verurteilt werden, und die Abgeordneten von Thei\u00df stimmten daf\u00fcr, sagte D\u00f6m\u00f6t\u00f6r.<\/p>\n<p>\u201cUm die Sache noch schlimmer zu machen, haben sie nicht nur daf\u00fcr gestimmt, sondern versuchen es jetzt zu leugnen\u201d, sagte er \u201cDas sollten sie nicht, weil alles \u00f6ffentlich ist,\u201d f\u00fcgte er hinzu.<\/p>\n<p><strong>Lesen Sie auch:<\/strong><\/p>\n<ul>\n<li>Magyar: Das letzte Interview des Budapester B\u00fcrgermeisters &#8216;voll von L\u00fcgen, Widerspr\u00fcchen&#8217; &#8216;weiterlesen <a href=\"https:\/\/dailynewshungary.com\/de\/magyar-das-letzte-interview-des-budapester-burgermeisters-voll-lugen-widerspruche\/\"><strong>HIER<\/strong><\/a><\/li>\n<li>P\u00e9ter Magyar ist bereit, die Immunit\u00e4t aufzuheben, \u201ewenn Ungarn der Europ\u00e4ischen Staatsanwaltschaft beitritt. \u201eDetails in <a href=\"https:\/\/dailynewshungary.com\/de\/peter-magyar-ist-bereit-die-immunitat-aufzuheben-wenn-ungarn-der-europaischen-staatsanwaltschaft-beitritt\/\"><strong>DIESES<\/strong> <\/a>Artikel<\/li>\n<\/ul>\n<p style=\"text-align: center;\"><a class=\"c-link\" href=\"https:\/\/news.google.com\/publications\/CAAqBwgKMLe_rQswxMrFAw?hl=en-GB&amp;gl=GB&amp;ceid=GB%3Aen\" target=\"_blank\" rel=\"noopener noreferrer\" data-stringify-link=\"https:\/\/news.google.com\/publications\/CAAqBwgKMLe_rQswxMrFAw?hl=en-GB&amp;gl=GB&amp;ceid=GB%3Aen\" data-sk=\"tooltip_parent\">Folgen Sie uns auch auf Google News!<\/a><\/p>\n","protected":false},"excerpt":{"rendered":"<p>Der Vorsitzende der ungarischen Oppositionspartei Thei\u00df hat die Europ\u00e4ische Union aufgefordert, im Zusammenhang mit starken Energie &#8211; und Lebensmittelpreissteigerungen \u201cRichtung und Hilfe\u201d zu geben. Nach einer Sitzung des Landwirtschaftsausschusses des Europ\u00e4ischen Parlaments wurde P\u00e9ter Magyar Auf seinem YouTube-Kanal sagte, dass die EU bei der Ohrfeige gegen Russland mit Sanktionen, die zu \u201cwilden\u201d Energie &#8211; und [&hellip;]<\/p>\n","protected":false},"author":50,"featured_media":0,"comment_status":"open","ping_status":"open","sticky":false,"template":"","format":"standard","meta":{"_acf_changed":false,"_display_image":"yes","footnotes":""},"categories":[1081],"tags":[1312,1082,1066,1511,2995],"class_list":["post-657803","post","type-post","status-publish","format-standard","hentry","category-politik","tag-energie","tag-europaische-union","tag-hungary","tag-nahrung","tag-peter-magyar-and-the-tisza-party"],"blocksy_meta":[],"acf":[],"author_username":"dnh","telegram_post":"","public_post_metadata":{"breaking_news":"yes","important":"no","csempe":"no","center_tile":"no","disable_thumbnail":"no","target_lang":"","_featured_image_style":"hidden","telegram_post":"","_xlat_group_id":""},"public_rank_math_data":{"title":"%title% %sep% %sitename%","description":"","focus_keyword":"","canonical_url":"","robots":"","primary_category":"1081","breadcrumb_title":"","facebook_title":"","facebook_description":"","facebook_image":"","facebook_image_id":"","twitter_title":"","twitter_description":"","twitter_image":"","twitter_image_id":"","twitter_card_type":"","twitter_use_facebook":"","advanced_robots":"","pillar_content":"","seo_score":"","contentai_score":"","rich_snippet":""},"_links":{"self":[{"href":"https:\/\/dailynewshungary.com\/de\/wp-json\/wp\/v2\/posts\/657803","targetHints":{"allow":["GET"]}}],"collection":[{"href":"https:\/\/dailynewshungary.com\/de\/wp-json\/wp\/v2\/posts"}],"about":[{"href":"https:\/\/dailynewshungary.com\/de\/wp-json\/wp\/v2\/types\/post"}],"author":[{"embeddable":true,"href":"https:\/\/dailynewshungary.com\/de\/wp-json\/wp\/v2\/users\/50"}],"replies":[{"embeddable":true,"href":"https:\/\/dailynewshungary.com\/de\/wp-json\/wp\/v2\/comments?post=657803"}],"version-history":[{"count":0,"href":"https:\/\/dailynewshungary.com\/de\/wp-json\/wp\/v2\/posts\/657803\/revisions"}],"wp:attachment":[{"href":"https:\/\/dailynewshungary.com\/de\/wp-json\/wp\/v2\/media?parent=657803"}],"wp:term":[{"taxonomy":"category","embeddable":true,"href":"https:\/\/dailynewshungary.com\/de\/wp-json\/wp\/v2\/categories?post=657803"},{"taxonomy":"post_tag","embeddable":true,"href":"https:\/\/dailynewshungary.com\/de\/wp-json\/wp\/v2\/tags?post=657803"}],"curies":[{"name":"wp","href":"https:\/\/api.w.org\/{rel}","templated":true}]}}