{"id":657894,"date":"2024-10-01T10:34:59","date_gmt":"2024-10-01T08:34:59","guid":{"rendered":"https:\/\/dailynewshungary.com\/de\/zahl-der-arbeitsuchenden-in-ungarn-auf-einem-historischen-tiefstand\/"},"modified":"2024-10-01T10:34:59","modified_gmt":"2024-10-01T08:34:59","slug":"zahl-der-arbeitsuchenden-in-ungarn-auf-einem-historischen-tiefstand","status":"publish","type":"post","link":"https:\/\/dailynewshungary.com\/de\/zahl-der-arbeitsuchenden-in-ungarn-auf-einem-historischen-tiefstand\/","title":{"rendered":"Zahl der Arbeitsuchenden in Ungarn auf einem historischen Tiefstand"},"content":{"rendered":"<p><strong>Ungarn Nachrichten \u2013 Die Zahl der registrierten Arbeitssuchenden in Ungarn lag im September bei 228.356 und lag damit praktisch auf dem Niveau des Vorjahres, teilte das Ministerium f\u00fcr Volkswirtschaft am Dienstag unter Berufung auf Daten des Nationalen Arbeitsamtes (NFSZ) mit.<\/strong><\/p>\n<p>Das Ministerium sagte, die Zahl im September sei die niedrigste f\u00fcr den Monat seit mehr als drei Jahrzehnten.<\/p>\n<p>Sandor Czomba, der Staatssekret\u00e4r f\u00fcr Besch\u00e4ftigungspolitik, sagte, die Zahl der Ungarn auf dem ersten Arbeitsmarkt sei in den letzten zw\u00f6lf Monaten um 42.000 gestiegen, w\u00e4hrend die Zahl der Menschen in Pflegearbeitsprogrammen um 10.000 auf 58.000 gesunken sei. Die Besch\u00e4ftigung von Frauen sei gestiegen ist in den letzten Monaten gestiegen und zeigt die Auswirkungen staatlicher Ma\u00dfnahmen zur Ankurbelung der Arbeitsmarktaktivit\u00e4t, f\u00fcgte er hinzu.<\/p>\n<p>Nach neuesten Daten aus dem <a href=\"https:\/\/www.ksh.hu\/?lang=en\" target=\"_blank\" rel=\"noopener\">Ungarisches Statistisches Zentralamt<\/a>, stieg die Zahl der Erwerbst\u00e4tigen im August 2024 gegen\u00fcber dem Vorjahreszeitraum um 39 Tsd auf 4,748 Mio. Dar\u00fcber hinaus w\u00e4chst auch die Zahl der Erwerbst\u00e4tigen stetig, mit einem Anstieg um 53 Tsd gegen\u00fcber August 2023, an <a href=\"https:\/\/kormany.hu\/hirek\/czomba-sandor-tovabb-nott-a-foglalkoztatottsag-2024-augusztusaban\" target=\"_blank\" rel=\"noopener\">Das Ministerium sagte<\/a>.<\/p>\n<p>Die Arbeitslosenquote hat sich auf einem niedrigen Niveau stabilisiert, wobei Ungarn das achte Land der Europ\u00e4ischen Union mit der niedrigsten Arbeitslosenquote ist.<\/p>\n<p>Lesen Sie auch:<\/p>\n<ul>\n<li><a href=\"https:\/\/dailynewshungary.com\/de\/hier-die-neue-liste-der-lander-aus-denen-gastarbeiter-nach-ungarn-kommen-konnen\/\">Hier die neue Liste der L\u00e4nder, aus denen Gastarbeiter nach Ungarn kommen k\u00f6nnen<\/a><\/li>\n<li><a href=\"https:\/\/dailynewshungary.com\/de\/lasst-die-ungarische-regierung-viele-ostliche-gastarbeiter-unkontrolliert-mit-kartensystem-ein\/\">L\u00e4sst die ungarische Regierung viele \u00f6stliche Gastarbeiter unkontrolliert mit Kartensystem ein?<\/a><\/li>\n<\/ul>\n<p style=\"text-align: center;\"><a href=\"https:\/\/news.google.com\/publications\/CAAqBwgKMLe_rQswxMrFAw?hl=en-GB&amp;gl=GB&amp;ceid=GB%3Aen\" target=\"_blank\" rel=\"noopener\">Folgen Sie uns auch auf Google News!<\/a><\/p>\n","protected":false},"excerpt":{"rendered":"<p>Ungarn Nachrichten \u2013 Die Zahl der registrierten Arbeitssuchenden in Ungarn lag im September bei 228.356 und lag damit praktisch auf dem Niveau des Vorjahres, teilte das Ministerium f\u00fcr Volkswirtschaft am Dienstag unter Berufung auf Daten des Nationalen Arbeitsamtes (NFSZ) mit. Das Ministerium sagte, die Zahl im September sei die niedrigste f\u00fcr den Monat seit mehr [&hellip;]<\/p>\n","protected":false},"author":2,"featured_media":0,"comment_status":"open","ping_status":"open","sticky":false,"template":"","format":"standard","meta":{"_acf_changed":false,"_display_image":"yes","footnotes":""},"categories":[1281],"tags":[1729,1096,1137,1076],"class_list":["post-657894","post","type-post","status-publish","format-standard","hentry","category-geschaft","tag-arbeitskraftemangel","tag-arbeitsmarkt","tag-ungarische-wirtschaft","tag-ungarn"],"blocksy_meta":[],"acf":[],"author_username":"alk","telegram_post":"","public_post_metadata":{"breaking_news":"yes","important":"no","csempe":"no","center_tile":"no","disable_thumbnail":"no","target_lang":"","_featured_image_style":"hidden","telegram_post":"","_xlat_group_id":""},"public_rank_math_data":{"title":"%title% %sep% %sitename%","description":"","focus_keyword":"","canonical_url":"","robots":"","primary_category":"1281","breadcrumb_title":"","facebook_title":"","facebook_description":"","facebook_image":"","facebook_image_id":"","twitter_title":"","twitter_description":"","twitter_image":"","twitter_image_id":"","twitter_card_type":"","twitter_use_facebook":"","advanced_robots":"","pillar_content":"","seo_score":"","contentai_score":"","rich_snippet":""},"_links":{"self":[{"href":"https:\/\/dailynewshungary.com\/de\/wp-json\/wp\/v2\/posts\/657894","targetHints":{"allow":["GET"]}}],"collection":[{"href":"https:\/\/dailynewshungary.com\/de\/wp-json\/wp\/v2\/posts"}],"about":[{"href":"https:\/\/dailynewshungary.com\/de\/wp-json\/wp\/v2\/types\/post"}],"author":[{"embeddable":true,"href":"https:\/\/dailynewshungary.com\/de\/wp-json\/wp\/v2\/users\/2"}],"replies":[{"embeddable":true,"href":"https:\/\/dailynewshungary.com\/de\/wp-json\/wp\/v2\/comments?post=657894"}],"version-history":[{"count":0,"href":"https:\/\/dailynewshungary.com\/de\/wp-json\/wp\/v2\/posts\/657894\/revisions"}],"wp:attachment":[{"href":"https:\/\/dailynewshungary.com\/de\/wp-json\/wp\/v2\/media?parent=657894"}],"wp:term":[{"taxonomy":"category","embeddable":true,"href":"https:\/\/dailynewshungary.com\/de\/wp-json\/wp\/v2\/categories?post=657894"},{"taxonomy":"post_tag","embeddable":true,"href":"https:\/\/dailynewshungary.com\/de\/wp-json\/wp\/v2\/tags?post=657894"}],"curies":[{"name":"wp","href":"https:\/\/api.w.org\/{rel}","templated":true}]}}