{"id":658270,"date":"2024-09-16T21:34:25","date_gmt":"2024-09-16T19:34:25","guid":{"rendered":"https:\/\/dailynewshungary.com\/de\/ungarn-aktivierte-den-ipcr-krisenreaktionsmechanismus\/"},"modified":"2024-09-16T21:34:25","modified_gmt":"2024-09-16T19:34:25","slug":"ungarn-aktivierte-den-ipcr-krisenreaktionsmechanismus","status":"publish","type":"post","link":"https:\/\/dailynewshungary.com\/de\/ungarn-aktivierte-den-ipcr-krisenreaktionsmechanismus\/","title":{"rendered":"Ungarn aktivierte den IPCR-Krisenreaktionsmechanismus"},"content":{"rendered":"<p><strong>Ungarn habe als Pr\u00e4sident des Rates der Europ\u00e4ischen Union am Montag den integrierten Mechanismus zur politischen Krisenreaktion (IPCR) der EU aktiviert, sagte der f\u00fcr EU-Angelegenheiten zust\u00e4ndige Minister.<\/strong><\/p>\n<p>J\u00e1nos B\u00f3ka sagte auf Facebook, dass der Mechanismus es den von den extremen Wetterbedingungen und \u00dcberschwemmungen stark betroffenen mitteleurop\u00e4ischen Mitgliedstaaten erm\u00f6glicht habe, Schutzaufgaben zu koordinieren.<\/p>\n<p><a href=\"https:\/\/kormany.hu\/europai-unios-ugyek-miniszteriuma\" target=\"_blank\" rel=\"noopener\">Er f\u00fcgte hinzu<\/a> Dass die betroffenen Mitgliedstaaten auch dar\u00fcber entscheiden k\u00f6nnten, wie die EU ihnen am wirksamsten bei der Erf\u00fcllung ihrer Aufgaben helfen kann.<\/p>\n<p>Die Aktivierung des Mechanismus sei erforderlich, da beispiellose Unwetterbedingungen in mehreren Staaten zu extremen \u00dcberschwemmungen gef\u00fchrt h\u00e4tten, darunter \u00d6sterreich, Polen, Tschechien, der Slowakei, Ungarn und Rum\u00e4nien, sagte B\u00f3ka. Mehrere dieser L\u00e4nder h\u00e4tten den Ausnahmezustand ausgerufen, f\u00fcgte er hinzu.<\/p>\n<p>Ein Koordinierungszentrum werde am Dienstagmorgen zusammentreten und seine Arbeit werde es Experten erm\u00f6glichen, die Hochwassersituation zu \u00fcberwachen, die erforderliche Unterst\u00fctzung zu spezifizieren und sich allgemein mit EU-Institutionen abzustimmen, sagte B\u00f3ka.<\/p>\n<p>Die ungarische Pr\u00e4sidentschaft sei bereit, das EU-Katastrophenschutzverfahren zu aktivieren, wenn die Mitgliedstaaten einen Bedarf daf\u00fcr bekunden, sagte er.<\/p>\n<p>Wie wir bereits geschrieben haben, verschiebt Orb\u00e1n alle internationalen Reisen, es werden nahezu rekordverd\u00e4chtige \u00dcberschwemmungen und ein Deich mit 1.000 Tonnen Steinen erwartet; <a href=\"https:\/\/dailynewshungary.com\/de\/uberschwemmungen-in-ungarn-neuestes-orban-verschiebt-alle-internationalen-reisen-es-werden-nahezu-rekordverdachtige-uberschwemmungen-erwartet-deich-mit-1-000-tonnen-steinen-6-fotos\/\">Details und Fotos sind hier<\/a>.<\/p>\n<p>Lesen Sie hier die neuesten Artikel \u00fcber <a href=\"https:\/\/dailynewshungary.com\/de\/der-grose-britische-zuguberfall-wie-eine-15-kopfige-bande-1963-26-millionen-pfund-stahl\/\">\u00dcberschwemmungen in Ungarn<\/a>.<\/p>\n","protected":false},"excerpt":{"rendered":"<p>Ungarn habe als Pr\u00e4sident des Rates der Europ\u00e4ischen Union am Montag den integrierten Mechanismus zur politischen Krisenreaktion (IPCR) der EU aktiviert, sagte der f\u00fcr EU-Angelegenheiten zust\u00e4ndige Minister. J\u00e1nos B\u00f3ka sagte auf Facebook, dass der Mechanismus es den von den extremen Wetterbedingungen und \u00dcberschwemmungen stark betroffenen mitteleurop\u00e4ischen Mitgliedstaaten erm\u00f6glicht habe, Schutzaufgaben zu koordinieren. Er f\u00fcgte hinzu [&hellip;]<\/p>\n","protected":false},"author":2,"featured_media":0,"comment_status":"open","ping_status":"open","sticky":false,"template":"","format":"standard","meta":{"_acf_changed":false,"_display_image":"yes","footnotes":""},"categories":[1081],"tags":[1082,1519,2028,1076,3376],"class_list":["post-658270","post","type-post","status-publish","format-standard","hentry","category-politik","tag-europaische-union","tag-katastrophe","tag-uberschwemmungen-ungarn","tag-ungarn","tag-ungarn-eu-prasidium-2024"],"blocksy_meta":[],"acf":[],"author_username":"alk","telegram_post":"","public_post_metadata":{"breaking_news":"yes","important":"no","csempe":"no","center_tile":"no","disable_thumbnail":"no","target_lang":"","_featured_image_style":"hidden","telegram_post":"","_xlat_group_id":""},"public_rank_math_data":{"title":"%title% %sep% %sitename%","description":"","focus_keyword":"","canonical_url":"","robots":"","primary_category":"1081","breadcrumb_title":"","facebook_title":"","facebook_description":"","facebook_image":"","facebook_image_id":"","twitter_title":"","twitter_description":"","twitter_image":"","twitter_image_id":"","twitter_card_type":"","twitter_use_facebook":"","advanced_robots":"","pillar_content":"","seo_score":"","contentai_score":"","rich_snippet":""},"_links":{"self":[{"href":"https:\/\/dailynewshungary.com\/de\/wp-json\/wp\/v2\/posts\/658270","targetHints":{"allow":["GET"]}}],"collection":[{"href":"https:\/\/dailynewshungary.com\/de\/wp-json\/wp\/v2\/posts"}],"about":[{"href":"https:\/\/dailynewshungary.com\/de\/wp-json\/wp\/v2\/types\/post"}],"author":[{"embeddable":true,"href":"https:\/\/dailynewshungary.com\/de\/wp-json\/wp\/v2\/users\/2"}],"replies":[{"embeddable":true,"href":"https:\/\/dailynewshungary.com\/de\/wp-json\/wp\/v2\/comments?post=658270"}],"version-history":[{"count":0,"href":"https:\/\/dailynewshungary.com\/de\/wp-json\/wp\/v2\/posts\/658270\/revisions"}],"wp:attachment":[{"href":"https:\/\/dailynewshungary.com\/de\/wp-json\/wp\/v2\/media?parent=658270"}],"wp:term":[{"taxonomy":"category","embeddable":true,"href":"https:\/\/dailynewshungary.com\/de\/wp-json\/wp\/v2\/categories?post=658270"},{"taxonomy":"post_tag","embeddable":true,"href":"https:\/\/dailynewshungary.com\/de\/wp-json\/wp\/v2\/tags?post=658270"}],"curies":[{"name":"wp","href":"https:\/\/api.w.org\/{rel}","templated":true}]}}