{"id":658388,"date":"2024-09-12T09:45:19","date_gmt":"2024-09-12T07:45:19","guid":{"rendered":"https:\/\/dailynewshungary.com\/de\/peter-magyar-theis-parteigruppe-soll-nicht-fur-amtierende-budapester-dept-burgermeister-stimmen-schirk-koalitionen\/"},"modified":"2024-09-12T09:45:19","modified_gmt":"2024-09-12T07:45:19","slug":"peter-magyar-theis-parteigruppe-soll-nicht-fur-amtierende-budapester-dept-burgermeister-stimmen-schirk-koalitionen","status":"publish","type":"post","link":"https:\/\/dailynewshungary.com\/de\/peter-magyar-theis-parteigruppe-soll-nicht-fur-amtierende-budapester-dept-burgermeister-stimmen-schirk-koalitionen\/","title":{"rendered":"P\u00e9ter Magyar: Thei\u00df-Parteigruppe soll nicht f\u00fcr amtierende Budapester Dept-B\u00fcrgermeister stimmen, Schirk-Koalitionen"},"content":{"rendered":"<p><strong>Die Fraktion der Thei\u00df-Partei in der Budapester Versammlung werde nicht f\u00fcr die amtierenden Vizeb\u00fcrgermeister stimmen, \u201cda die Budapester W\u00e4hler ihre Ansichten zur Arbeit der Politiker der Demokratischen Koalition und der Sozialisten klar zum Ausdruck gebracht haben\u201d und werde mit keiner Parteigruppe Koalitionen eingehen, sagte der Vorsitzende der Partei, P\u00e9ter Magyar, am Dienstag auf Facebook.<\/strong><\/p>\n<h2>P\u00e9ter Magyar ist gegen eine Koalition<\/h2>\n<p>Bei der lokalen<a href=\"https:\/\/www.valasztas.hu\/web\/national-election-office\" target=\"_blank\" rel=\"noopener\"> Wahlen<\/a> Am 9. Juni h\u00e4tten die Budapester W\u00e4hler Gergely Kar\u00e1csony auf dem Sitz des B\u00fcrgermeisters behalten, sagte er \u201cSie haben auch klar gesagt, dass sie nichts mit den Hinterzimmergesch\u00e4ften und der alten linken Richtung der Politik zu tun haben wollen\u201d, f\u00fcgte er hinzu.<\/p>\n<p>Nach der Wahl habe die Partei alle Parteif\u00fchrer zu Gespr\u00e4chen eingeladen, und alle bis auf Fidesz h\u00e4tten zugestimmt, sagte Magyar. Nach diesen Gespr\u00e4chen habe Thei\u00df beschlossen, sich von Koalitionen in der Budapester Versammlung fernzuhalten, sagte er.<\/p>\n<p>Magyar forderte Kar\u00e1csony au\u00dferdem auf, stellvertretende B\u00fcrgermeister zu ernennen, die die stabile finanzielle Situation der Stadt gew\u00e4hrleisten k\u00f6nnten und die Chancen h\u00e4tten, eine \u201e\u00fcberzeugende\u201d Mehrheit in der Versammlung zu erreichen, und f\u00fcgte hinzu, dass die neue Versammlung \u201eklar nicht f\u00fcr die amtierenden stellvertretenden B\u00fcrgermeister stimmen w\u00fcrde\u201c\u201d.<\/p>\n<p>Magyar sagte, die Gemeinde stehe vor allem aufgrund staatlicher Beschr\u00e4nkungen am Rande der Insolvenz. Kar\u00e1csony und Premierminister Viktor Orb\u00e1n m\u00fcssten die Beziehungen zwischen der Regierung und der Gemeinde \u00f6ffentlich und transparent regeln, f\u00fcgte er hinzu.<\/p>\n<p><strong>Lesen Sie auch:<\/strong><\/p>\n<ul>\n<li><a href=\"https:\/\/dailynewshungary.com\/de\/ungarische-oppositionspartei-theis-lehnt-die-einreise-illegaler-migranten-in-die-eu-ab\/\">Ungarische Oppositionspartei Thei\u00df lehnt die Einreise illegaler Migranten in die EU ab<\/a><\/li>\n<li><a href=\"https:\/\/dailynewshungary.com\/de\/peter-magyar-fordert-die-sofortige-ruckkehr-von-premierminister-orban-aus-seinem-adria-urlaub-nach-ungarn\/\">P\u00e9ter Magyar fordert die sofortige R\u00fcckkehr von Premierminister Orb\u00e1n aus seinem Adria-Urlaub nach Ungarn<\/a><\/li>\n<\/ul>\n","protected":false},"excerpt":{"rendered":"<p>Die Fraktion der Thei\u00df-Partei in der Budapester Versammlung werde nicht f\u00fcr die amtierenden Vizeb\u00fcrgermeister stimmen, \u201cda die Budapester W\u00e4hler ihre Ansichten zur Arbeit der Politiker der Demokratischen Koalition und der Sozialisten klar zum Ausdruck gebracht haben\u201d und werde mit keiner Parteigruppe Koalitionen eingehen, sagte der Vorsitzende der Partei, P\u00e9ter Magyar, am Dienstag auf Facebook. P\u00e9ter [&hellip;]<\/p>\n","protected":false},"author":33,"featured_media":0,"comment_status":"open","ping_status":"open","sticky":false,"template":"","format":"standard","meta":{"_acf_changed":false,"_display_image":"yes","footnotes":""},"categories":[1081],"tags":[1111,1066,2994,2995],"class_list":["post-658388","post","type-post","status-publish","format-standard","hentry","category-politik","tag-budapest","tag-hungary","tag-municipal-elections-in-ungary-2024","tag-peter-magyar-and-the-tisza-party"],"blocksy_meta":[],"acf":[],"author_username":"ugyelet","telegram_post":"","public_post_metadata":{"breaking_news":"yes","important":"no","csempe":"no","center_tile":"no","disable_thumbnail":"no","target_lang":"","_featured_image_style":"hidden","telegram_post":"","_xlat_group_id":""},"public_rank_math_data":{"title":"%title% %sep% %sitename%","description":"","focus_keyword":"","canonical_url":"","robots":"","primary_category":"1081","breadcrumb_title":"","facebook_title":"","facebook_description":"","facebook_image":"","facebook_image_id":"","twitter_title":"","twitter_description":"","twitter_image":"","twitter_image_id":"","twitter_card_type":"","twitter_use_facebook":"","advanced_robots":"","pillar_content":"","seo_score":"","contentai_score":"","rich_snippet":""},"_links":{"self":[{"href":"https:\/\/dailynewshungary.com\/de\/wp-json\/wp\/v2\/posts\/658388","targetHints":{"allow":["GET"]}}],"collection":[{"href":"https:\/\/dailynewshungary.com\/de\/wp-json\/wp\/v2\/posts"}],"about":[{"href":"https:\/\/dailynewshungary.com\/de\/wp-json\/wp\/v2\/types\/post"}],"author":[{"embeddable":true,"href":"https:\/\/dailynewshungary.com\/de\/wp-json\/wp\/v2\/users\/33"}],"replies":[{"embeddable":true,"href":"https:\/\/dailynewshungary.com\/de\/wp-json\/wp\/v2\/comments?post=658388"}],"version-history":[{"count":0,"href":"https:\/\/dailynewshungary.com\/de\/wp-json\/wp\/v2\/posts\/658388\/revisions"}],"wp:attachment":[{"href":"https:\/\/dailynewshungary.com\/de\/wp-json\/wp\/v2\/media?parent=658388"}],"wp:term":[{"taxonomy":"category","embeddable":true,"href":"https:\/\/dailynewshungary.com\/de\/wp-json\/wp\/v2\/categories?post=658388"},{"taxonomy":"post_tag","embeddable":true,"href":"https:\/\/dailynewshungary.com\/de\/wp-json\/wp\/v2\/tags?post=658388"}],"curies":[{"name":"wp","href":"https:\/\/api.w.org\/{rel}","templated":true}]}}