{"id":658502,"date":"2024-09-07T11:54:01","date_gmt":"2024-09-07T09:54:01","guid":{"rendered":"https:\/\/dailynewshungary.com\/de\/regierung-ungarn-wird-alles-fur-die-eu-erweiterung-tun\/"},"modified":"2024-09-07T11:54:01","modified_gmt":"2024-09-07T09:54:01","slug":"regierung-ungarn-wird-alles-fur-die-eu-erweiterung-tun","status":"publish","type":"post","link":"https:\/\/dailynewshungary.com\/de\/regierung-ungarn-wird-alles-fur-die-eu-erweiterung-tun\/","title":{"rendered":"Regierung: Ungarn wird alles f\u00fcr die EU-Erweiterung tun"},"content":{"rendered":"<p><strong>\u201cUngarn tut w\u00e4hrend seiner rotierenden Pr\u00e4sidentschaft der Europ\u00e4ischen Union alles in seiner Macht Stehende\u201d, um die Erweiterung des Blocks zu beschleunigen, und \u201cwird Moldawien jede Hilfestellung geben, damit es der Gemeinschaft so bald wie m\u00f6glich beitreten kann\u201d, sagte Au\u00dfenminister P\u00e9ter Szijj\u00e1rt\u00f3 am Freitag in Chisinau.<\/strong><\/p>\n<p>Auf einer Pressekonferenz, die gemeinsam mit seinem moldauischen Amtskollegen Mihai Popsoi stattfand <strong><a href=\"https:\/\/www.facebook.com\/szijjarto.peter.official\" target=\"_blank\" rel=\"noopener\">Szijj\u00e1rt\u00f3<\/a><\/strong> Auf die aktuellen Sicherheitsherausforderungen und \u201cextremen wirtschaftlichen N\u00f6te\u201d verwiesen, und sagte, \u201ceine entstehende neue Weltordnung wird die St\u00e4rkung der EU nicht erleichtern\u201d.<\/p>\n<p>Die Vergr\u00f6\u00dferung der Gemeinschaft k\u00f6nnte der Gemeinschaft \u201cneuen Schwung und neue Energie verleihen &#8230; neue Ambitionen\u201d Unter den Bem\u00fchungen Ungarns, Moldawien bei seinen Bem\u00fchungen um einen EU-Beitritt zu unterst\u00fctzen, erw\u00e4hnte der Minister eine Ausbildungsm\u00f6glichkeit an der Ungarischen Diplomatischen Akademie f\u00fcr 50 moldauische Beamte, die dann \u201ceine Schl\u00fcsselrolle in den Beitrittsverhandlungen spielen\u201d k\u00f6nnten.<\/p>\n<p>Er f\u00fcgte hinzu, dass die erste Gruppe von 32 Moldauern voraussichtlich n\u00e4chste Woche eintreffen werde, um Kurse in den Bereichen Kommunalverwaltung, Steuerpolitik und Agrarregime zu besuchen.<\/p>\n<p>Szijj\u00e1rt\u00f3 sagte auch, dass Kandidaten f\u00fcr eine EU-Mitgliedschaft individuell bewertet werden sollten, und f\u00fcgte hinzu, dass \u201ewir niemals damit einverstanden sein werden, dass der Fortschritt eines Kandidaten durch ein anderes Land behindert wird&#8230; Wenn wir dies t\u00e4ten, k\u00f6nnten schw\u00e4chere oder langsamere Kandidaten ihre leistungsst\u00e4rkeren Kollegen zur\u00fcckhalten.\u201c\u201d<\/p>\n<p>\u201cWir werden jede Hilfe leisten, dass die jetzt laufende \u00dcberpr\u00fcfung durch die Europ\u00e4ische Kommission so bald wie m\u00f6glich abgeschlossen wird und dass die eigentlichen Beitrittsgespr\u00e4che beginnen sollten\u201d, sagte Szijj\u00e1rt\u00f3.<\/p>\n<p>Der Minister kritisierte \u201cBr\u00fcsseler Heuchelei\u201d und sagte, \u201cdie meisten EU-Mitglieder werden die Erweiterung in der \u00d6ffentlichkeit unterst\u00fctzen, aber viele werden hinter verschlossenen T\u00fcren dagegen argumentieren\u201d<\/p>\n<p>\u201eDie oberste Priorit\u00e4t einer erweiterungsfreundlichen Pr\u00e4sidentschaft besteht darin, die Dinge klarzustellen und alle zu ermutigen, ehrlich \u00fcber das Thema nachzudenken, und diejenigen, die sich in der \u00d6ffentlichkeit unterst\u00fctzen, auch dazu zu bringen, substanzielle Unterst\u00fctzung zu leisten,\u201csagte er\u201d.<\/p>\n<p>Szijj\u00e1rt\u00f3 ging auf die 2020 unterzeichnete strategische Partnerschaft zwischen Ungarn und Moldawien ein und sagte, der bilaterale Handel habe im Jahr 2023 neue Rekorde aufgestellt, nachdem er in den letzten 10 Jahren um das Zweieinhalbfache gestiegen sei.<\/p>\n<h2 class=\"heading-2 font-content-roboto-slab text-content-base font-bold pb-7.5 pt-2.5 lg:pb-7.5 lg:pt-2.5\">Szijj\u00e1rt\u00f3 fordert eine aufrichtige Kommunikation, ein Ende der \u201eT\u00e4uschung&#8217; zur EU-Erweiterung<\/h2>\n<p>Nord &#8211; und westeurop\u00e4ische, und baltische Staaten sollten \u201cendlich Schluss mit der T\u00e4uschung machen\u201d und aufrichtig \u00fcber die Frage der Erweiterung der Europ\u00e4ischen Union sprechen, sagte Szijj\u00e1rt\u00f3.<\/p>\n<p><iframe loading=\"lazy\" style=\"border: none; overflow: hidden;\" src=\"https:\/\/www.facebook.com\/plugins\/post.php?href=https%3A%2F%2Fwww.facebook.com%2Fszijjarto.peter.official%2Fposts%2Fpfbid038PrJNfKqZGxqA16YxtnswUsaX6jsv4aFZpENThhWbAUr5tanybQj5yGuXXNQ2cRCl&amp;show_text=true&amp;width=500\" width=\"500\" height=\"735\" frameborder=\"0\" scrolling=\"no\" allowfullscreen=\"allowfullscreen\"><span data-mce-type= \"bookmark\" style= \"display: inline-block; breite: 0 px; overflow: hidden; line-height: 0;\" class=\"mce_SELRES_start\"> <\/span><span data-mce-type=\"bookmark\" style= \"display: inline-block; breite: 0 px; overflow: hidden; line-height: 0;\"mce_SELRES_start\"> <<span data-space-type=\"bookmark\" style=\"display: inline-block;0-ex\"<\/iframe><\/p>\n<p>Das Ministerium zitierte Szijj\u00e1rt\u00f3 und sagte auf einer gemeinsamen Pressekonferenz mit dem nordmazedonischen Amtskollegen Timcho Mucunski, dass beide L\u00e4nder der bilateralen Zusammenarbeit gro\u00dfe Bedeutung beimessen, insbesondere in der aktuellen Zeit, die von gro\u00dfen Herausforderungen f\u00fcr den Kontinent gepr\u00e4gt ist, in der \u201edie EU offenbar nicht die richtigen Antworten gefunden hat.\u201cauf Schwierigkeiten\u201d.<\/p>\n<p>\u201cH\u00e4tten wir sie gefunden, w\u00e4re Europa nicht marode,\u201d sagte er.<\/p>\n<p>\u201eWir glauben, dass die aktuelle Situation ein Beweis daf\u00fcr ist, dass es h\u00f6chste Zeit ist, dass die Europ\u00e4ische Union zu einer Politik zur\u00fcckkehrt, die auf gesundem Menschenverstand basiert, und akzeptiert, dass Europa nicht stabil sein kann, wenn es in seiner direkten Nachbarschaft keine Stabilit\u00e4t gibt, weshalb der Dialog mit der EU gest\u00e4rkt werden muss.\u201cNachbarn der EU\u201d, f\u00fcgte er hinzu.<\/p>\n<p>\u201eUnd sie m\u00fcssen endlich in Br\u00fcssel sowie in West- und Osteuropa und den baltischen Hauptst\u00e4dten verstehen, dass die Europ\u00e4ische Union tats\u00e4chlich den Westbalkan braucht, und es ist keine \u00dcbertreibung zu sagen, dass die EU den Westbalkan jetzt mehr braucht als umgekehrt.\u201crund\u201d, sagte er.<\/p>\n<p>Die EU brauche neue Energie, die vom Westbalkan kommen k\u00f6nne, denn die Ambitionen und die schnelle Entwicklung der Staaten in der Region k\u00f6nnten den Impuls erzeugen, der dem Block derzeit fehle, f\u00fcgte er hinzu. Szijj\u00e1rt\u00f3 sagte, dass es in der EU \u201egro\u00dfe Heuchelei\u201cgab, wenn es um die Erweiterung ging, wobei alle unterst\u00fctzende \u00f6ffentliche Erkl\u00e4rungen abgaben, aber hinter verschlossenen T\u00fcren die Mehrheit der Menschen eine missbilligende Position vertrat.<\/p>\n<p>W\u00e4re dies nicht der Fall gewesen, w\u00e4re Nordmazedonien neunzehn Jahre lang nicht in der unterversorgten Situation, ein Kandidatenland zu sein, und die Beitrittsverhandlungen w\u00fcrden immer noch nicht beginnen, sagte er. Szijj\u00e1rt\u00f3 sagte, die Regierung werde alle Anstrengungen unternehmen, um vor dem Ende der ungarischen EU-Ratspr\u00e4sidentschaft eine Regierungskonferenz mit Nordmazedonien zu organisieren, die die Er\u00f6ffnung der ersten Kapitel der Beitrittsgespr\u00e4che erm\u00f6glichen w\u00fcrde.<\/p>\n<p>\u201cZus\u00e4tzlich fordern wir die Europ\u00e4ische Kommission auf, die f\u00fcr die Entwicklung Nordmazedoniens f\u00e4lligen Zahlungen im Rahmen der Vereinbarungen der Reform &#8211; und Wachstumsfazilit\u00e4t f\u00fcr den Westbalkan aufzunehmen\u201d, sagte erEr f\u00fcgte hinzu, dass die Regierung in Skopje alle notwendigen Bedingungen erf\u00fcllt habe und die \u00dcbertragung von EU-Mitteln \u201cnicht immer ohne politische Vorurteile, und nicht immer im Einklang mit objektiven Bedingungen erfolgt\u201d.<\/p>\n<p>Er bedankte sich bei den Staats &#8211; und Regierungschefs des westlichen Balkans f\u00fcr einen gemeinsamen Brief, den sie zur Unterst\u00fctzung von Oliver Varhelyi verschickten und in dem sie darum baten, dem EU-Kommissar f\u00fcr Nachbarschaft und Erweiterung die Fortsetzung seiner Arbeit zu gestatten Er sagte, der bilaterale Handel zwischen Nordmazedonien und Ungarn habe sich in den letzten Jahren verf\u00fcnffacht, und f\u00fcgte hinzu, dass \u201cdie Regierung Ungarns weiterhin inl\u00e4ndische Unternehmen dabei unterst\u00fctzen wird, Investitionen in Nordmazedonien in strategischen Bereichen durchzuf\u00fchren\u201d.<\/p>\n<p>Szijj\u00e1rt\u00f3 sagte, die Seiten h\u00e4tten ihr Engagement bekr\u00e4ftigt, die illegale Migration zu stoppen, die eine grundlegende Bedrohung f\u00fcr die Sicherheit des Westbalkans darstelle.<\/p>\n<h2 class=\"heading-2 font-content-roboto-slab text-content-base font-bold pb-7.5 pt-2.5 lg:pb-7.5 lg:pt-2.5\">EU-Aff\u00e4renminister: Ungarn EU-Ratspr\u00e4sidentschaft steht f\u00fcr Wandel<\/h2>\n<p>Ungarns Pr\u00e4sidentschaft im Rat der Europ\u00e4ischen Union hat zum Ziel, den Wandel in der EU zu vertreten und zu f\u00f6rdern und damit auch im Interesse des Erfolges Ungarns zu arbeiten, die <strong><a href=\"https:\/\/www.facebook.com\/BokaJanosMiniszter\/\" target=\"_blank\" rel=\"noopener\">J\u00e1nos B\u00f3ka<\/a><\/strong>\u201e, sagte der EU-Aff\u00e4renminister am Freitag auf der Plenarsitzung der 62. Wanderkonferenz der \u00d6konomen in Nyiregyh\u00e1za im Nordosten Ungarns.<\/p>\n<p>\u201cDie Europ\u00e4ische Union ver\u00e4ndert sich, und das sollte sie auch\u201d, sagte der Minister und argumentierte, dass Ungarn als EU-Mitglied ein begr\u00fcndetes Interesse am Erfolg des Blocks habe. B\u00f3ka sagte, es gebe breite Unterst\u00fctzung f\u00fcr die EU-Mitgliedschaft in Ungarn, genau wie vor 20 Jahren, als das Land dem Block beitrat, und f\u00fcgte hinzu, dass es keine Alternative zur EU-Mitgliedschaft gebe. Er sagte, Ungarn sei sowohl kulturell als auch historisch an Europa gebunden.<\/p>\n<p>\u201cUnser Platz ist in Europa und in der EU\u201d, sagte er und f\u00fcgte hinzu, dass das Europ\u00e4ertum ein integraler Bestandteil der modernen ungarischen Identit\u00e4t seiDie Sicherheit Ungarns, sagte er, k\u00f6nne nur gew\u00e4hrleistet werden, wenn das Land Teil einer starken Verteidigungsgemeinschaft sei, deren S\u00e4ulen die NATO und die andere die EU seien.<\/p>\n<p>Er sagte, dass es mit der offenen und exportorientierten Wirtschaft Ungarns \u201cunvorstellbar\u201d sei, Wachstums &#8211; und Entwicklungsziele ohne einen unbegrenzten Zugang zum Gemeinsamen Markt zu erreichenB\u00f3ka sagte, es gebe keine Meinungsverschiedenheiten \u00fcber die EU-Mitgliedschaft Ungarns innerhalb der RegierungDie EU-Mitgliedschaft, f\u00fcgte er hinzu, bedeute nicht \u201cdas Ende der Geschichte\u201d, denn mit dem weiteren Wandel der Welt m\u00fcssten sich auch die Beziehungen \u00e4ndern.<\/p>\n<p>Zu den Priorit\u00e4ten der ungarischen Pr\u00e4sidentschaft erw\u00e4hnte er die Wettbewerbsf\u00e4higkeit der EUEr sagte, dass die EU 1992 noch mehr als 21 Prozent der Weltwirtschaft ausmachte, diese bis 2022 auf 14,8 Prozent geschrumpft sei.<\/p>\n<p>Er sagte, dass es zur Wiederherstellung der Wettbewerbsf\u00e4higkeit von entscheidender Bedeutung sei, demografische Herausforderungen anzugehen, einschlie\u00dflich der Gew\u00e4hrleistung qualifizierter Arbeitskr\u00e4fte in den wichtigsten Sektoren und der Gew\u00e4hrleistung des Zugangs der europ\u00e4ischen Wirtschaft zu Rohstoffen und erschwinglicher Energie. Europas Kapitalmarkt, sagte er, hinkte in Bezug auf die Entwicklung hinter dem der Vereinigten Staaten zur\u00fcck, was zu einem Wettbewerbsnachteil f\u00fchrte.<\/p>\n<p>B\u00f3ka nannte die EU-Fazilit\u00e4t f\u00fcr Resilienz und Wiederaufbau nach der Pandemie (RRF) das \u201cgr\u00f6\u00dfte Scheitern der letzten Jahre\u201d und argumentierte, dass ihre Umsetzung zu langwierig und langsam gewesen sei und ihr Verwaltungsaufwand zu hoch seiDie Umsetzung des gr\u00fcnen \u00dcbergangs, f\u00fcgte er hinzu, k\u00f6nne auch als gescheitert angesehen werden, da es immer noch unm\u00f6glich sei, zu sagen, welche finanziellen Ressourcen der \u201eWeg zur Klimaneutralit\u00e4t\u201cerforderlich seien und welche wirtschaftlichen Auswirkungen dies haben w\u00fcrde.<\/p>\n<p>Die ungarische Pr\u00e4sidentschaft halte es f\u00fcr vorrangig, einen neuen Wettbewerbspakt zu verabschieden, der sich auf den industriellen Wandel, die Bew\u00e4ltigung von Arbeits- und demografischen Problemen, Investitionen in Innovation und Qualifikationen sowie die Erneuerung der Finanzierung konzentriert, sagte B\u00f3ka. Er sagte, die Wettbewerbsf\u00e4higkeit der EU werde ein Hauptthema sein auf dem informellen Gipfeltreffen der EU-Staats- und Regierungschefs am 8. November in Budapest.<\/p>\n<p>Unterdessen unterstrich B\u00f3ka, wie wichtig es sei, die Koh\u00e4sionspolitik der EU so weiterzuentwickeln, dass gew\u00e4hrleistet sei, dass sie in der Lage sei, weniger entwickelten Regionen dabei zu helfen, mit dem Rest des Blocks gleichzuziehenEr wies darauf hin, dass die EU w\u00e4hrend der ungarischen Ratspr\u00e4sidentschaft mit der Planung ihres n\u00e4chsten Mehrjahreshaushalts beginnen werde.<\/p>\n<p>Er sagte, es sei geplant, die Finanzierung von traditionellen Politiken auf neue Politiken zur Steigerung der Wettbewerbsf\u00e4higkeit zu verlagern. Er sagte, dies w\u00fcrde auch bedeuten, dass die EU Ma\u00dfnahmen finanzieren w\u00fcrde, die Mitgliedstaaten mit einem h\u00f6heren Entwicklungsstand beg\u00fcnstigen, wodurch weniger Ressourcen im Hinblick auf den tats\u00e4chlichen Wert verf\u00fcgbar bleiben w\u00fcrden, und der Zugang zu ihnen w\u00e4re noch enger mit der Erf\u00fcllung der von der Europ\u00e4ischen Kommission festgelegten politischen Kriterien verbunden. Der Minister sagte, es sei auch wichtig, dass die ungarische Pr\u00e4sidentschaft \u201egreifbare Ergebnisse\u201czur EU-Erweiterung erzielt.<\/p>\n<p><strong>Lesen Sie auch:<\/strong><\/p>\n<ul>\n<li><a href=\"https:\/\/dailynewshungary.com\/de\/bloomberg-das-kabinett-orban-bereitet-sich-darauf-vor-trotz-gravierender-haushaltsungleichgewichte-monumentale-ausgaben-vor-der-wahl-freizusetzen\/\">Bloomberg: Das Kabinett Orb\u00e1n bereitet sich darauf vor, trotz gravierender Haushaltsungleichgewichte monumentale Ausgaben vor der Wahl freizusetzen<\/a><\/li>\n<li><a href=\"https:\/\/dailynewshungary.com\/de\/der-prasident-des-tschad-konnte-nachste-woche-wahrend-eines-besuchs-in-budapest-ungarische-truppen-in-sein-land-einladen\/\">Der Pr\u00e4sident des Tschad k\u00f6nnte n\u00e4chste Woche w\u00e4hrend eines Besuchs in Budapest ungarische Truppen in sein Land einladen<\/a><\/li>\n<\/ul>\n<p><em>Ausgew\u00e4hlte Bild: <a href=\"https:\/\/depositphotos.com\/photos\/european-parliament.html?filter=all&amp;qview=64636781\" target=\"_blank\" rel=\"noopener\">depositphotos.com<\/a><\/em><\/p>\n","protected":false},"excerpt":{"rendered":"<p>\u201cUngarn tut w\u00e4hrend seiner rotierenden Pr\u00e4sidentschaft der Europ\u00e4ischen Union alles in seiner Macht Stehende\u201d, um die Erweiterung des Blocks zu beschleunigen, und \u201cwird Moldawien jede Hilfestellung geben, damit es der Gemeinschaft so bald wie m\u00f6glich beitreten kann\u201d, sagte Au\u00dfenminister P\u00e9ter Szijj\u00e1rt\u00f3 am Freitag in Chisinau. Auf einer Pressekonferenz, die gemeinsam mit seinem moldauischen Amtskollegen Mihai [&hellip;]<\/p>\n","protected":false},"author":33,"featured_media":0,"comment_status":"open","ping_status":"open","sticky":false,"template":"","format":"standard","meta":{"_acf_changed":false,"_display_image":"yes","footnotes":""},"categories":[1081],"tags":[3222,1082,1066,2476],"class_list":["post-658502","post","type-post","status-publish","format-standard","hentry","category-politik","tag-auslander-angelegenheiten-ministerium-ungarn","tag-europaische-union","tag-hungary","tag-ungarisch-regierung"],"blocksy_meta":[],"acf":[],"author_username":"ugyelet","telegram_post":"","public_post_metadata":{"breaking_news":"yes","important":"no","csempe":"no","center_tile":"no","disable_thumbnail":"no","target_lang":"","_featured_image_style":"hidden","telegram_post":"","_xlat_group_id":""},"public_rank_math_data":{"title":"%title% %sep% %sitename%","description":"","focus_keyword":"","canonical_url":"","robots":"","primary_category":"1081","breadcrumb_title":"","facebook_title":"","facebook_description":"","facebook_image":"","facebook_image_id":"","twitter_title":"","twitter_description":"","twitter_image":"","twitter_image_id":"","twitter_card_type":"","twitter_use_facebook":"","advanced_robots":"","pillar_content":"","seo_score":"","contentai_score":"","rich_snippet":""},"_links":{"self":[{"href":"https:\/\/dailynewshungary.com\/de\/wp-json\/wp\/v2\/posts\/658502","targetHints":{"allow":["GET"]}}],"collection":[{"href":"https:\/\/dailynewshungary.com\/de\/wp-json\/wp\/v2\/posts"}],"about":[{"href":"https:\/\/dailynewshungary.com\/de\/wp-json\/wp\/v2\/types\/post"}],"author":[{"embeddable":true,"href":"https:\/\/dailynewshungary.com\/de\/wp-json\/wp\/v2\/users\/33"}],"replies":[{"embeddable":true,"href":"https:\/\/dailynewshungary.com\/de\/wp-json\/wp\/v2\/comments?post=658502"}],"version-history":[{"count":0,"href":"https:\/\/dailynewshungary.com\/de\/wp-json\/wp\/v2\/posts\/658502\/revisions"}],"wp:attachment":[{"href":"https:\/\/dailynewshungary.com\/de\/wp-json\/wp\/v2\/media?parent=658502"}],"wp:term":[{"taxonomy":"category","embeddable":true,"href":"https:\/\/dailynewshungary.com\/de\/wp-json\/wp\/v2\/categories?post=658502"},{"taxonomy":"post_tag","embeddable":true,"href":"https:\/\/dailynewshungary.com\/de\/wp-json\/wp\/v2\/tags?post=658502"}],"curies":[{"name":"wp","href":"https:\/\/api.w.org\/{rel}","templated":true}]}}