{"id":658531,"date":"2024-09-06T06:34:01","date_gmt":"2024-09-06T04:34:01","guid":{"rendered":"https:\/\/dailynewshungary.com\/de\/fidesz-bittet-brussel-die-finanzierung-des-krieges-in-der-ukraine-einzustellen\/"},"modified":"2024-09-06T06:34:01","modified_gmt":"2024-09-06T04:34:01","slug":"fidesz-bittet-brussel-die-finanzierung-des-krieges-in-der-ukraine-einzustellen","status":"publish","type":"post","link":"https:\/\/dailynewshungary.com\/de\/fidesz-bittet-brussel-die-finanzierung-des-krieges-in-der-ukraine-einzustellen\/","title":{"rendered":"Fidesz bittet Br\u00fcssel, die Finanzierung des Krieges in der Ukraine einzustellen"},"content":{"rendered":"<p><strong>Anstatt den Krieg weiter zu finanzieren und die Macht der Br\u00fcsseler B\u00fcrokratie auszuweiten, sollte der Haushalt der Europ\u00e4ischen Union 2025 Frieden, Souver\u00e4nit\u00e4t und die Interessen von Europ\u00e4ern, Familien und Nationen f\u00f6rdern, sagten die Abgeordneten des regierenden Fidesz am Donnerstag in einer Erkl\u00e4rung.<\/strong><\/p>\n<p><strong><a href=\"https:\/\/www.facebook.com\/dajcstomi\/\" target=\"_blank\" rel=\"noopener\">Tam\u00e1s Deutsch<\/a><\/strong>\u201eDer Leiter der Fidesz-Christdemokraten-Delegation hat im Namen seiner ungarischen Regierungsdelegation und der Parteigruppe Patrioten f\u00fcr Europa einen umfassenden \u00c4nderungsvorschlag zum Haushalt 2025 vorgelegt, sagten die Abgeordneten in einer Erkl\u00e4rung.<\/p>\n<h2>Fidesz-Europaabgeordneter Deutsch: Das ist ein fehlerhafter Haushalt<\/h2>\n<figure id=\"attachment_609836\" aria-describedby=\"caption-attachment-609836\" style=\"width: 1280px\" class=\"wp-caption aligncenter\"><img loading=\"lazy\" decoding=\"async\" class=\"size-full wp-image-609836\" src=\"https:\/\/contentf5.dailynewshungary.com\/wp-content\/uploads\/2024\/09\/fidesz-mep-tamas-deutsch.jpg\" alt=\"Fidesz Mep Tam\u00e1s Deutschland\" width=\"1280\" height=\"853\" srcset=\"https:\/\/contentf5.dailynewshungary.com\/wp-content\/uploads\/2024\/09\/fidesz-mep-tamas-deutsch.jpg 1280w, https:\/\/contentf5.dailynewshungary.com\/wp-content\/uploads\/2024\/09\/fidesz-mep-tamas-deutsch-768x512.jpg 768w, https:\/\/contentf5.dailynewshungary.com\/wp-content\/uploads\/2024\/09\/fidesz-mep-tamas-deutsch-333x222.jpg 333w, https:\/\/contentf5.dailynewshungary.com\/wp-content\/uploads\/2024\/09\/fidesz-mep-tamas-deutsch-248x165.jpg 248w, https:\/\/contentf5.dailynewshungary.com\/wp-content\/uploads\/2024\/09\/fidesz-mep-tamas-deutsch-1030x686.jpg 1030w, https:\/\/contentf5.dailynewshungary.com\/wp-content\/uploads\/2024\/09\/fidesz-mep-tamas-deutsch-113x75.jpg 113w, https:\/\/contentf5.dailynewshungary.com\/wp-content\/uploads\/2024\/09\/fidesz-mep-tamas-deutsch-480x320.jpg 480w\" sizes=\"auto, (max-width: 1280px) 100vw, 1280px\"><figcaption id=\"caption-attachment-609836\" class=\"wp-caption-text\">Fidesz-Europaabgeordneter Tam\u00e1s Deutsch. Foto: MTI\/Purger Tam\u00e1s<\/figcaption><\/figure>\n<p>In ihrem Entwurf des EU-Haushaltsplans f\u00fcr 2025 plant die Europ\u00e4ische Kommission, 199,7 Milliarden Euro zu binden, 152,7 Milliarden auszuzahlen und 71,8 Milliarden zu leihen, hei\u00dft es in der Erkl\u00e4rungDeutsch forderte \u201cgrundlegende \u00c4nderungen des zutiefst fehlerhaften Haushalts\u201d \u201cAnstatt die illegale Migration zu f\u00f6rdern, sollte der Haushalt den Grenzschutz unterst\u00fctzen, endlich Europa und die Europ\u00e4er sch\u00fctzen und Hilfe dorthin bringen, wo Hilfe ben\u00f6tigt wird\u201d, sagte er.<\/p>\n<p>Die Abgeordneten der Gruppe haben gefordert, die Grenzschutzkosten um 2 Milliarden Euro zu erh\u00f6hen, und vorgeschlagen, Mittel zur Deckung der Kosten bereitzustellen, die Ungarn f\u00fcr den Schutz der Grenze entstanden sind, hei\u00dft es in der Erkl\u00e4rungDie gegen Ungarn verh\u00e4ngte \u201cabsurde\u201d Geldbu\u00dfe \u201cf\u00fcr das Anhalten von Migranten an der Grenze\u201d sollte ebenfalls von dieser Summe abgezogen werden, f\u00fcgten sie hinzu.<\/p>\n<p>Es sei an der Zeit, dass der EU-Haushalt die nationale Souver\u00e4nit\u00e4t unterst\u00fctze und nicht \u201einstitutionalisierte politische Erpressung, Rechtsstaatlichkeitsdschihad und Geschlechtergleichstellung\u201cund den Wahnsinn weckte\u201d, w\u00e4hrend Deutsch das Soros-Netzwerk gro\u00dfz\u00fcgig finanzierte. \u201eWir haben vorgeschlagen, die Gelder, die die ideologische Erpressung der Mitgliedstaaten erm\u00f6glichen, erheblich zu k\u00fcrzen.\u201cum 170 Millionen Euro\u201d, sagte er.<\/p>\n<p>Der Fidesz-Europaabgeordnete forderte au\u00dferdem einen Haushalt, der darauf abzielt, \u201edie Entwicklung, die Erasmus- und F+E-Finanzierung, auf die Ungarn Anspruch hat, nach Hause zu bringen, anstatt das Land weiter auszubeuten.\u201cWir schlagen vor, die Koh\u00e4sionsfinanzierung um 10 Prozent oder 2,8 Milliarden Euro zu erh\u00f6hen und 5 Prozent der Rahmenwerke einzufrieren, etwa 1,5 Milliarden Euro, um sicherzustellen, dass die Gelder, auf die Ungarn Anspruch hat, nicht f\u00fcr andere Zwecke oder in anderen L\u00e4ndern verwendet werden.\u201d<\/p>\n<p>Die Delegation schlug au\u00dferdem vor, die Mittel f\u00fcr das Erasmus-Programm um 23 Millionen und die F+E-Mittel um 700 Millionen Euro aufzubringen, sagte er \u201cWir haben auch vorgeschlagen, etwa 100 Millionen Euro einzufrieren, um sicherzustellen, dass Ungarns Gelder nicht anderswo ausgegeben werden\u201d, sagte er. Die Mittel f\u00fcr die Integration des Westbalkans sollten aufgebracht werden, ebenso wie Mittel f\u00fcr Junglandwirte und Imker, sagte er.<\/p>\n<p><strong>Lesen Sie auch:<\/strong><\/p>\n<ul>\n<li><a href=\"https:\/\/dailynewshungary.com\/de\/ungarns-ausschluss-aus-der-schengen-zone-wurde-im-ep-im-zuge-der-kontroverse-um-die-nationalkarte-diskutiert\/\">Ungarns Ausschluss aus der Schengen-Zone wurde im EP im Zuge der Kontroverse um die Nationalkarte diskutiert<\/a><\/li>\n<li><a href=\"https:\/\/dailynewshungary.com\/de\/masterplan-durchgesickert-neues-wahlgesetz-konnte-pm-orban-in-ungarn-und-der-eu-unbesiegbar-machen\/\">Masterplan durchgesickert? neues Wahlgesetz k\u00f6nnte PM Orb\u00e1n in Ungarn und der EU unbesiegbar machen<\/a><\/li>\n<\/ul>\n","protected":false},"excerpt":{"rendered":"<p>Anstatt den Krieg weiter zu finanzieren und die Macht der Br\u00fcsseler B\u00fcrokratie auszuweiten, sollte der Haushalt der Europ\u00e4ischen Union 2025 Frieden, Souver\u00e4nit\u00e4t und die Interessen von Europ\u00e4ern, Familien und Nationen f\u00f6rdern, sagten die Abgeordneten des regierenden Fidesz am Donnerstag in einer Erkl\u00e4rung. Tam\u00e1s Deutsch\u201eDer Leiter der Fidesz-Christdemokraten-Delegation hat im Namen seiner ungarischen Regierungsdelegation und der [&hellip;]<\/p>\n","protected":false},"author":33,"featured_media":0,"comment_status":"open","ping_status":"open","sticky":false,"template":"","format":"standard","meta":{"_acf_changed":false,"_display_image":"yes","footnotes":""},"categories":[1081],"tags":[1082,1091,1118,1174,1084,1076],"class_list":["post-658531","post","type-post","status-publish","format-standard","hentry","category-politik","tag-europaische-union","tag-fidesz","tag-geld","tag-haushalt","tag-krieg-in-der-ukraine","tag-ungarn"],"blocksy_meta":[],"acf":[],"author_username":"ugyelet","telegram_post":"","public_post_metadata":{"breaking_news":"yes","important":"no","csempe":"no","center_tile":"no","disable_thumbnail":"no","target_lang":"","_featured_image_style":"hidden","telegram_post":"","_xlat_group_id":""},"public_rank_math_data":{"title":"%title% %sep% %sitename%","description":"","focus_keyword":"","canonical_url":"","robots":"","primary_category":"1081","breadcrumb_title":"","facebook_title":"","facebook_description":"","facebook_image":"","facebook_image_id":"","twitter_title":"","twitter_description":"","twitter_image":"","twitter_image_id":"","twitter_card_type":"","twitter_use_facebook":"","advanced_robots":"","pillar_content":"","seo_score":"","contentai_score":"","rich_snippet":""},"_links":{"self":[{"href":"https:\/\/dailynewshungary.com\/de\/wp-json\/wp\/v2\/posts\/658531","targetHints":{"allow":["GET"]}}],"collection":[{"href":"https:\/\/dailynewshungary.com\/de\/wp-json\/wp\/v2\/posts"}],"about":[{"href":"https:\/\/dailynewshungary.com\/de\/wp-json\/wp\/v2\/types\/post"}],"author":[{"embeddable":true,"href":"https:\/\/dailynewshungary.com\/de\/wp-json\/wp\/v2\/users\/33"}],"replies":[{"embeddable":true,"href":"https:\/\/dailynewshungary.com\/de\/wp-json\/wp\/v2\/comments?post=658531"}],"version-history":[{"count":0,"href":"https:\/\/dailynewshungary.com\/de\/wp-json\/wp\/v2\/posts\/658531\/revisions"}],"wp:attachment":[{"href":"https:\/\/dailynewshungary.com\/de\/wp-json\/wp\/v2\/media?parent=658531"}],"wp:term":[{"taxonomy":"category","embeddable":true,"href":"https:\/\/dailynewshungary.com\/de\/wp-json\/wp\/v2\/categories?post=658531"},{"taxonomy":"post_tag","embeddable":true,"href":"https:\/\/dailynewshungary.com\/de\/wp-json\/wp\/v2\/tags?post=658531"}],"curies":[{"name":"wp","href":"https:\/\/api.w.org\/{rel}","templated":true}]}}