{"id":658595,"date":"2024-09-03T15:35:11","date_gmt":"2024-09-03T13:35:11","guid":{"rendered":"https:\/\/dailynewshungary.com\/de\/der-ungarische-ausenminister-bespricht-einwanderung-und-schengen-mit-seinem-rumanischen-amtskollegen-in-bukarest\/"},"modified":"2024-09-03T15:35:11","modified_gmt":"2024-09-03T13:35:11","slug":"der-ungarische-ausenminister-bespricht-einwanderung-und-schengen-mit-seinem-rumanischen-amtskollegen-in-bukarest","status":"publish","type":"post","link":"https:\/\/dailynewshungary.com\/de\/der-ungarische-ausenminister-bespricht-einwanderung-und-schengen-mit-seinem-rumanischen-amtskollegen-in-bukarest\/","title":{"rendered":"Der ungarische Au\u00dfenminister bespricht Einwanderung und Schengen mit seinem rum\u00e4nischen Amtskollegen in Bukarest"},"content":{"rendered":"<p><strong>Au\u00dfenminister P\u00e9ter Szijj\u00e1rt\u00f3 sagte am Dienstag in Bukarest, dass Ungarns Regierung alles unternehme, um Rum\u00e4nien noch vor dem Ende der ungarischen EU-Ratspr\u00e4sidentschaft in den passfreien Schengen-Raum der Europ\u00e4ischen Union einzubinden.<\/strong><\/p>\n<h2>Schengen-Mitgliedschaft Rum\u00e4niens<\/h2>\n<p>Laut einer Erkl\u00e4rung des Ministeriums liege die Schengen-Mitgliedschaft Rum\u00e4niens im nationalen Interesse Ungarns, sagte Szijj\u00e1rt\u00f3 nach Gespr\u00e4chen mit dem rum\u00e4nischen Innenminister und wies darauf hin, dass dadurch lange R\u00fcckschl\u00e4ge an der Grenze beendet und neue \u00f6ffentliche Stra\u00dfenverbindungen er\u00f6ffnet w\u00fcrden.<\/p>\n<p>Der Minister sagte, Rum\u00e4nien tritt dem bei <a href=\"https:\/\/dailynewshungary.com\/de\/der-grose-britische-zuguberfall-wie-eine-15-kopfige-bande-1963-26-millionen-pfund-stahl\/\">Schengen-raum<\/a> Au\u00dferdem w\u00fcrde es den ungarischen Gemeinden auf beiden Seiten der Grenze erleichtert, in Kontakt zu bleiben.<\/p>\n<p>Unter Hinweis darauf, dass Rum\u00e4nien einer der Top-Exportm\u00e4rkte Ungarns sei, sagte er, dass die Schengen-Mitgliedschaft des Landes auch f\u00fcr Unternehmen \u201c\u00e4u\u00dferst vorteilhaft\u201d w\u00e4re.<\/p>\n<blockquote>\n<p>\u201cWir m\u00fcssen also nur von der Schengen-Mitgliedschaft Rum\u00e4niens profitieren, weshalb wir alles tun, um sicherzustellen, dass Rum\u00e4nien w\u00e4hrend der Pr\u00e4sidentschaft Ungarns in der Europ\u00e4ischen Union dem Gebiet beitreten kann\u201d, sagte er.<\/p>\n<\/blockquote>\n<p>\u201cWir hoffen, dass auch die westeurop\u00e4ischen L\u00e4nder nicht heuchlerisch sein werden, und alle, die ihre Unterst\u00fctzung daf\u00fcr zum Ausdruck gebracht haben, werden es unterst\u00fctzen\u201d, sagte Szijj\u00e1rt\u00f3 \u201cUnd wir hoffen aufrichtig, dass diejenigen, die beim letzten Mal ihr Veto gegen den Beitritt Rum\u00e4niens zum Schengen-Raum eingelegt haben, diesmal nicht einem europ\u00e4ischen Konsens und einer gemeinsamen europ\u00e4ischen Position im Wege stehen werden\u201d<\/p>\n<p>Unterdessen sagte Szijj\u00e1rt\u00f3, Ungarn und Rum\u00e4nien h\u00e4tten ein Abkommen \u00fcber die grenz\u00fcberschreitende Zusammenarbeit bei der Strafverfolgung unterzeichnet.<\/p>\n<h2>Einwanderung<\/h2>\n<p>Er wies darauf hin, dass beide L\u00e4nder an Routen liegen, die in der Vergangenheit von illegalen Migranten und der \u201emit ihnen verbundenen organisierten Kriminalit\u00e4t\u201cbevorzugt worden seien. Er sagte, dieses Problem w\u00fcrde immer noch bestehen, wenn Rum\u00e4nien und Ungarn nicht so hart gegen illegale Migration, Menschenschmuggel und organisierte Kriminalit\u00e4t vorgegangen w\u00e4ren.<\/p>\n<p>Er sagte, Ungarn und Rum\u00e4nien h\u00e4tten vereinbart, die Zusammenarbeit in diesem Bereich zu verst\u00e4rken, um die Sicherheit zu gew\u00e4hrleisten, und f\u00fcgte hinzu, dass beide L\u00e4nder sich selbst und den Rest Europas vor illegalen Migranten sch\u00fctzten.<\/p>\n<p>\u201cUnd wir werden uns nat\u00fcrlich vor illegalen Migranten sch\u00fctzen, auch wenn sie uns daf\u00fcr von Br\u00fcssel aus eine Strafe auferlegen, weil f\u00fcr uns die Sicherheit des ungarischen Volkes an erster Stelle steht\u201d, sagte Szijj\u00e1rt\u00f3.<\/p>\n<p>Lesen Sie auch:<\/p>\n<ul>\n<li><a href=\"https:\/\/dailynewshungary.com\/de\/lasst-die-ungarische-regierung-viele-ostliche-gastarbeiter-unkontrolliert-mit-kartensystem-ein\/\">L\u00e4sst die ungarische Regierung viele \u00f6stliche Gastarbeiter unkontrolliert mit Kartensystem ein?<\/a><\/li>\n<li>Sicherheitsrisiko f\u00fcr den Schengen-Raum? <a href=\"https:\/\/dailynewshungary.com\/de\/sicherheitsrisiko-fur-den-schengen-raum-ungarns-nationalkartenprogramm-steht-unter-beschuss-aber-ausenminister-weist-bedenken-zuruck\/\">Ungarns Nationalkartenprogramm steht unter Beschuss, aber Au\u00dfenminister weist Bedenken zur\u00fcck<\/a><\/li>\n<\/ul>\n","protected":false},"excerpt":{"rendered":"<p>Au\u00dfenminister P\u00e9ter Szijj\u00e1rt\u00f3 sagte am Dienstag in Bukarest, dass Ungarns Regierung alles unternehme, um Rum\u00e4nien noch vor dem Ende der ungarischen EU-Ratspr\u00e4sidentschaft in den passfreien Schengen-Raum der Europ\u00e4ischen Union einzubinden. Schengen-Mitgliedschaft Rum\u00e4niens Laut einer Erkl\u00e4rung des Ministeriums liege die Schengen-Mitgliedschaft Rum\u00e4niens im nationalen Interesse Ungarns, sagte Szijj\u00e1rt\u00f3 nach Gespr\u00e4chen mit dem rum\u00e4nischen Innenminister und wies [&hellip;]<\/p>\n","protected":false},"author":2,"featured_media":0,"comment_status":"open","ping_status":"open","sticky":false,"template":"","format":"standard","meta":{"_acf_changed":false,"_display_image":"","footnotes":""},"categories":[1081],"tags":[1082,1445,1425,1299,1076],"class_list":["post-658595","post","type-post","status-publish","format-standard","hentry","category-politik","tag-europaische-union","tag-migration","tag-rumanien","tag-schengen","tag-ungarn"],"blocksy_meta":[],"acf":[],"author_username":"alk","telegram_post":"","public_post_metadata":{"breaking_news":"yes","important":"no","csempe":"no","center_tile":"no","disable_thumbnail":"no","target_lang":"","_featured_image_style":"","telegram_post":"","_xlat_group_id":""},"public_rank_math_data":{"title":"%title% %sep% %sitename%","description":"","focus_keyword":"","canonical_url":"","robots":"","primary_category":"1081","breadcrumb_title":"","facebook_title":"","facebook_description":"","facebook_image":"","facebook_image_id":"","twitter_title":"","twitter_description":"","twitter_image":"","twitter_image_id":"","twitter_card_type":"","twitter_use_facebook":"","advanced_robots":"","pillar_content":"","seo_score":"","contentai_score":"","rich_snippet":""},"_links":{"self":[{"href":"https:\/\/dailynewshungary.com\/de\/wp-json\/wp\/v2\/posts\/658595","targetHints":{"allow":["GET"]}}],"collection":[{"href":"https:\/\/dailynewshungary.com\/de\/wp-json\/wp\/v2\/posts"}],"about":[{"href":"https:\/\/dailynewshungary.com\/de\/wp-json\/wp\/v2\/types\/post"}],"author":[{"embeddable":true,"href":"https:\/\/dailynewshungary.com\/de\/wp-json\/wp\/v2\/users\/2"}],"replies":[{"embeddable":true,"href":"https:\/\/dailynewshungary.com\/de\/wp-json\/wp\/v2\/comments?post=658595"}],"version-history":[{"count":0,"href":"https:\/\/dailynewshungary.com\/de\/wp-json\/wp\/v2\/posts\/658595\/revisions"}],"wp:attachment":[{"href":"https:\/\/dailynewshungary.com\/de\/wp-json\/wp\/v2\/media?parent=658595"}],"wp:term":[{"taxonomy":"category","embeddable":true,"href":"https:\/\/dailynewshungary.com\/de\/wp-json\/wp\/v2\/categories?post=658595"},{"taxonomy":"post_tag","embeddable":true,"href":"https:\/\/dailynewshungary.com\/de\/wp-json\/wp\/v2\/tags?post=658595"}],"curies":[{"name":"wp","href":"https:\/\/api.w.org\/{rel}","templated":true}]}}