{"id":658725,"date":"2024-08-29T06:34:27","date_gmt":"2024-08-29T04:34:27","guid":{"rendered":"https:\/\/dailynewshungary.com\/de\/ungarischer-ausenminister-fur-europaische-sicherheit\/"},"modified":"2024-08-29T06:34:27","modified_gmt":"2024-08-29T04:34:27","slug":"ungarischer-ausenminister-fur-europaische-sicherheit","status":"publish","type":"post","link":"https:\/\/dailynewshungary.com\/de\/ungarischer-ausenminister-fur-europaische-sicherheit\/","title":{"rendered":"Ungarischer Au\u00dfenminister f\u00fcr europ\u00e4ische Sicherheit"},"content":{"rendered":"<p><strong>Au\u00dfenminister P\u00e9ter Szijj\u00e1rt\u00f3 hat am Mittwoch \u201czunehmend bedrohliche Berichte\u201d \u00fcber die gegenw\u00e4rtige und zuk\u00fcnftige Sicherheitslage Europas angedeutet.<\/strong><\/p>\n<p>\u201cDer Stich-Amoklauf in Solingen, der leider kein Einzelfall ist, basiert auf den Entwicklungen in den letzten Monaten, nicht nur auf Deutschland, sondern auf dem gesamten Kontinent\u201d <a href=\"https:\/\/www.facebook.com\/szijjarto.peter.official\" target=\"_blank\" rel=\"noopener\"><strong>Szijj\u00e1rt\u00f3<\/strong> <\/a>Sagte auf Facebook.<\/p>\n<p>Unterdessen, so sagte er, fordere der scheidende au\u00dfenpolitische Chef der Europ\u00e4ischen Union \u201cmehr Waffen f\u00fcr die Ukraine und dass das Land die westlichen Waffen, die es bisher erhalten hat, f\u00fcr Angriffe auf russischem Territorium einsetzen darf\u201d.<\/p>\n<figure id=\"attachment_585253\" aria-describedby=\"caption-attachment-585253\" style=\"width: 600px\" class=\"wp-caption aligncenter\"><img loading=\"lazy\" decoding=\"async\" class=\"wp-image-585253\" src=\"https:\/\/contentf5.dailynewshungary.com\/wp-content\/uploads\/2024\/02\/Hungarian-government-foreign-minister-Peter-Szijjarto.jpg\" alt=\"Ungarische Regierung Au\u00dfenminister P\u00e9ter Szijj\u00e1rt\u00f3\" width=\"600\" height=\"388\" srcset=\"https:\/\/contentf5.dailynewshungary.com\/wp-content\/uploads\/2024\/02\/Hungarian-government-foreign-minister-Peter-Szijjarto.jpg 2048w, https:\/\/contentf5.dailynewshungary.com\/wp-content\/uploads\/2024\/02\/Hungarian-government-foreign-minister-Peter-Szijjarto-768x497.jpg 768w, https:\/\/contentf5.dailynewshungary.com\/wp-content\/uploads\/2024\/02\/Hungarian-government-foreign-minister-Peter-Szijjarto-1536x993.jpg 1536w, https:\/\/contentf5.dailynewshungary.com\/wp-content\/uploads\/2024\/02\/Hungarian-government-foreign-minister-Peter-Szijjarto-343x222.jpg 343w, https:\/\/contentf5.dailynewshungary.com\/wp-content\/uploads\/2024\/02\/Hungarian-government-foreign-minister-Peter-Szijjarto-1030x666.jpg 1030w, https:\/\/contentf5.dailynewshungary.com\/wp-content\/uploads\/2024\/02\/Hungarian-government-foreign-minister-Peter-Szijjarto-116x75.jpg 116w, https:\/\/contentf5.dailynewshungary.com\/wp-content\/uploads\/2024\/02\/Hungarian-government-foreign-minister-Peter-Szijjarto-480x310.jpg 480w\" sizes=\"auto, (max-width: 600px) 100vw, 600px\"><figcaption id=\"caption-attachment-585253\" class=\"wp-caption-text\">Foto: FB\/Peter Szijj\u00e1rt\u00f3<\/figcaption><\/figure>\n<p>Szijj\u00e1rt\u00f3 sagte, es l\u00e4gen \u201cwichtige und kritische Tage vor\u201d Er merkte an, dass die EU-Au\u00dfenminister am Donnerstag in Br\u00fcssel zusammenkommen und dass an diesem Wochenende in den deutschen L\u00e4ndern Th\u00fcringen und Sachsen Wahlen stattfinden, die seiner Meinung nach f\u00fcr die Zukunft der europ\u00e4ischen Migrationspolitik von entscheidender Bedeutung seien.<\/p>\n<p><strong>Lesen Sie auch:<\/strong><\/p>\n<ul>\n<li>Der Bau des ungarischen Seehafens r\u00fcckt einen Schritt n\u00e4her. \u2013 Aber mit eingeschr\u00e4nkter Funktionalit\u00e4t, lesen Sie unseren Artikel <a href=\"https:\/\/dailynewshungary.com\/de\/der-bau-des-ungarischen-seehafens-ruckt-einen-schritt-naher-aber-mit-eingeschrankter-funktionalitat\/\"><strong>HIER<\/strong><\/a><\/li>\n<li>Wollte das Kabinett Orb\u00e1n den deutschen Europaabgeordneten mit israelischer Spionagesoftware abh\u00f6ren? \u2013 Details in <a href=\"https:\/\/dailynewshungary.com\/de\/wollte-das-kabinett-orban-deutsche-europaabgeordnete-mit-israelischer-spionagesoftware-abhoren\/\"><strong>DIESES<\/strong><\/a> Artikel<\/li>\n<\/ul>\n","protected":false},"excerpt":{"rendered":"<p>Au\u00dfenminister P\u00e9ter Szijj\u00e1rt\u00f3 hat am Mittwoch \u201czunehmend bedrohliche Berichte\u201d \u00fcber die gegenw\u00e4rtige und zuk\u00fcnftige Sicherheitslage Europas angedeutet. \u201cDer Stich-Amoklauf in Solingen, der leider kein Einzelfall ist, basiert auf den Entwicklungen in den letzten Monaten, nicht nur auf Deutschland, sondern auf dem gesamten Kontinent\u201d Szijj\u00e1rt\u00f3 Sagte auf Facebook. Unterdessen, so sagte er, fordere der scheidende au\u00dfenpolitische [&hellip;]<\/p>\n","protected":false},"author":50,"featured_media":0,"comment_status":"open","ping_status":"open","sticky":false,"template":"","format":"standard","meta":{"_acf_changed":false,"_display_image":"yes","footnotes":""},"categories":[1081],"tags":[3274,1082,1066,1100,1102],"class_list":["post-658725","post","type-post","status-publish","format-standard","hentry","category-politik","tag-auslanderangelegenheiten-ministerium-ungarn","tag-europaische-union","tag-hungary","tag-kriminalitat","tag-ungarische-regierung"],"blocksy_meta":[],"acf":[],"author_username":"dnh","telegram_post":"","public_post_metadata":{"breaking_news":"yes","important":"no","csempe":"no","center_tile":"no","disable_thumbnail":"no","target_lang":"","_featured_image_style":"hidden","telegram_post":"","_xlat_group_id":""},"public_rank_math_data":{"title":"%title% %sep% %sitename%","description":"","focus_keyword":"","canonical_url":"","robots":"","primary_category":"1081","breadcrumb_title":"","facebook_title":"","facebook_description":"","facebook_image":"","facebook_image_id":"","twitter_title":"","twitter_description":"","twitter_image":"","twitter_image_id":"","twitter_card_type":"","twitter_use_facebook":"","advanced_robots":"","pillar_content":"","seo_score":"","contentai_score":"","rich_snippet":""},"_links":{"self":[{"href":"https:\/\/dailynewshungary.com\/de\/wp-json\/wp\/v2\/posts\/658725","targetHints":{"allow":["GET"]}}],"collection":[{"href":"https:\/\/dailynewshungary.com\/de\/wp-json\/wp\/v2\/posts"}],"about":[{"href":"https:\/\/dailynewshungary.com\/de\/wp-json\/wp\/v2\/types\/post"}],"author":[{"embeddable":true,"href":"https:\/\/dailynewshungary.com\/de\/wp-json\/wp\/v2\/users\/50"}],"replies":[{"embeddable":true,"href":"https:\/\/dailynewshungary.com\/de\/wp-json\/wp\/v2\/comments?post=658725"}],"version-history":[{"count":0,"href":"https:\/\/dailynewshungary.com\/de\/wp-json\/wp\/v2\/posts\/658725\/revisions"}],"wp:attachment":[{"href":"https:\/\/dailynewshungary.com\/de\/wp-json\/wp\/v2\/media?parent=658725"}],"wp:term":[{"taxonomy":"category","embeddable":true,"href":"https:\/\/dailynewshungary.com\/de\/wp-json\/wp\/v2\/categories?post=658725"},{"taxonomy":"post_tag","embeddable":true,"href":"https:\/\/dailynewshungary.com\/de\/wp-json\/wp\/v2\/tags?post=658725"}],"curies":[{"name":"wp","href":"https:\/\/api.w.org\/{rel}","templated":true}]}}