{"id":658734,"date":"2024-08-28T16:34:47","date_gmt":"2024-08-28T14:34:47","guid":{"rendered":"https:\/\/dailynewshungary.com\/de\/kabinett-orban-ungarn-lasst-alle-migranten-herein-wenn-brussel-sie-aufnimmt\/"},"modified":"2024-08-28T16:34:47","modified_gmt":"2024-08-28T14:34:47","slug":"kabinett-orban-ungarn-lasst-alle-migranten-herein-wenn-brussel-sie-aufnimmt","status":"publish","type":"post","link":"https:\/\/dailynewshungary.com\/de\/kabinett-orban-ungarn-lasst-alle-migranten-herein-wenn-brussel-sie-aufnimmt\/","title":{"rendered":"Kabinett Orb\u00e1n: Ungarn l\u00e4sst alle Migranten herein, wenn Br\u00fcssel sie aufnimmt"},"content":{"rendered":"<p><strong>Wenn Br\u00fcssel Ungarn zwinge, Migranten hereinzulassen, dann m\u00fcsse es sie auch willkommen hei\u00dfen, sagte Zolt\u00e1n Kov\u00e1cs, der Staatssekret\u00e4r f\u00fcr internationale Beziehungen und Kommunikation, am Mittwoch auf der X-Plattform.<\/strong><\/p>\n<p>Seit fast einem Jahrzehnt sch\u00fctze Ungarn die EU-Au\u00dfengrenze, gebe mehr als 2 Milliarden Euro seines eigenen Geldes aus, um seinen Schengen-Verpflichtungen nachzukommen, sagte der Staatssekret\u00e4r unter Berufung auf einen Brief von Tam\u00e1s Iv\u00e1n Kov\u00e1cs, Ungarns Botschafter in Belgien, an den sozialistischen B\u00fcrgermeister von Br\u00fcssel <a href=\"https:\/\/www.facebook.com\/closephilippe\" target=\"_blank\" rel=\"noopener\"><strong>Phillippe Schlie\u00dfen<\/strong><\/a>.<\/p>\n<p>\u201c[Ich] t ist Ungarn, nicht Br\u00fcssel, das unter mangelnder Solidarit\u00e4t gelitten hat\u201d <a href=\"https:\/\/x.com\/zoltanspox?mx=2\" target=\"_blank\"><strong>Kov\u00e1cs<\/strong> <\/a>Sagte und f\u00fcgte hinzu, dass als Gegenleistung f\u00fcr den strengen Schutz der EU-Grenze lediglich eine Geldstrafe von 200 Millionen Euro zu verh\u00e4ngen sei.<\/p>\n<p>\u201eUngarn wird seine nationale Sicherheit nicht gef\u00e4hrden oder diese Last allein tragen, insbesondere wenn Br\u00fcssel es zu w\u00fcnschen scheint <a href=\"https:\/\/dailynewshungary.com\/de\/der-grose-britische-zuguberfall-wie-eine-15-kopfige-bande-1963-26-millionen-pfund-stahl\/\"><strong>Migranten<\/strong> <\/a>Nur solange sie in anderen EU-Mitgliedstaaten bleiben, \u201csagte er und f\u00fcgte hinzu, dass der Aufruf zur Solidarit\u00e4t nicht nur rhetorischer Natur sei, sondern \u201ceine Forderung nach fairer Behandlung und echter Unterst\u00fctzung seitens der EU\u201d.<\/p>\n<p>In seinem Brief an Close bat der ungarische Botschafter den B\u00fcrgermeister um seine Solidarit\u00e4t und Unterst\u00fctzung, um sicherzustellen, dass die EU L\u00e4nder, die das Schengener Abkommen einhalten und ihre Au\u00dfengrenzen sch\u00fctzen, nicht bestraft.<\/p>\n<p>Der Brief von Botschafter Kov\u00e1cs kam als Antwort auf einen Beitrag auf X von Close, in dem er sagte, dass Ungarn zwar die Solidarit\u00e4t der EU genie\u00dfe, aber \u201cdie anderen Mitgliedstaaten auf skandal\u00f6se Weise im Stich lasse\u201d Er sagte, es sei \u201cunverantwortlich, mit dem Leben bed\u00fcrftiger Menschen auf Kosten der Br\u00fcsseler Bev\u00f6lkerung zu spielen\u201d, und forderte Ungarn auf, \u201cverantwortlich zu handeln oder seine Pr\u00e4sidentschaft im Rat der EU aufzugeben\u201d.<\/p>\n<p><strong>Lesen Sie auch:<\/strong><\/p>\n<ul>\n<li>Ungarische Regierung plant <a href=\"https:\/\/dailynewshungary.com\/de\/ungarische-regierung-plant-rechtliche-schritte-gegen-die-migrantenmasnahmen-brussels\/\"><strong>Rechtliche Schritte einleiten<\/strong> <\/a>Gegen die Migrantenma\u00dfnahmen Br\u00fcssels<\/li>\n<\/ul>\n","protected":false},"excerpt":{"rendered":"<p>Wenn Br\u00fcssel Ungarn zwinge, Migranten hereinzulassen, dann m\u00fcsse es sie auch willkommen hei\u00dfen, sagte Zolt\u00e1n Kov\u00e1cs, der Staatssekret\u00e4r f\u00fcr internationale Beziehungen und Kommunikation, am Mittwoch auf der X-Plattform. Seit fast einem Jahrzehnt sch\u00fctze Ungarn die EU-Au\u00dfengrenze, gebe mehr als 2 Milliarden Euro seines eigenen Geldes aus, um seinen Schengen-Verpflichtungen nachzukommen, sagte der Staatssekret\u00e4r unter Berufung [&hellip;]<\/p>\n","protected":false},"author":50,"featured_media":0,"comment_status":"open","ping_status":"open","sticky":false,"template":"","format":"standard","meta":{"_acf_changed":false,"_display_image":"yes","footnotes":""},"categories":[1081],"tags":[3274,1082,1445,1102,1076],"class_list":["post-658734","post","type-post","status-publish","format-standard","hentry","category-politik","tag-auslanderangelegenheiten-ministerium-ungarn","tag-europaische-union","tag-migration","tag-ungarische-regierung","tag-ungarn"],"blocksy_meta":[],"acf":[],"author_username":"dnh","telegram_post":"","public_post_metadata":{"breaking_news":"yes","important":"no","csempe":"no","center_tile":"no","disable_thumbnail":"no","target_lang":"","_featured_image_style":"hidden","telegram_post":"","_xlat_group_id":""},"public_rank_math_data":{"title":"%title% %sep% %sitename%","description":"","focus_keyword":"","canonical_url":"","robots":"","primary_category":"1081","breadcrumb_title":"","facebook_title":"","facebook_description":"","facebook_image":"","facebook_image_id":"","twitter_title":"","twitter_description":"","twitter_image":"","twitter_image_id":"","twitter_card_type":"","twitter_use_facebook":"","advanced_robots":"","pillar_content":"","seo_score":"","contentai_score":"","rich_snippet":""},"_links":{"self":[{"href":"https:\/\/dailynewshungary.com\/de\/wp-json\/wp\/v2\/posts\/658734","targetHints":{"allow":["GET"]}}],"collection":[{"href":"https:\/\/dailynewshungary.com\/de\/wp-json\/wp\/v2\/posts"}],"about":[{"href":"https:\/\/dailynewshungary.com\/de\/wp-json\/wp\/v2\/types\/post"}],"author":[{"embeddable":true,"href":"https:\/\/dailynewshungary.com\/de\/wp-json\/wp\/v2\/users\/50"}],"replies":[{"embeddable":true,"href":"https:\/\/dailynewshungary.com\/de\/wp-json\/wp\/v2\/comments?post=658734"}],"version-history":[{"count":0,"href":"https:\/\/dailynewshungary.com\/de\/wp-json\/wp\/v2\/posts\/658734\/revisions"}],"wp:attachment":[{"href":"https:\/\/dailynewshungary.com\/de\/wp-json\/wp\/v2\/media?parent=658734"}],"wp:term":[{"taxonomy":"category","embeddable":true,"href":"https:\/\/dailynewshungary.com\/de\/wp-json\/wp\/v2\/categories?post=658734"},{"taxonomy":"post_tag","embeddable":true,"href":"https:\/\/dailynewshungary.com\/de\/wp-json\/wp\/v2\/tags?post=658734"}],"curies":[{"name":"wp","href":"https:\/\/api.w.org\/{rel}","templated":true}]}}