{"id":658762,"date":"2024-08-27T14:34:49","date_gmt":"2024-08-27T12:34:49","guid":{"rendered":"https:\/\/dailynewshungary.com\/de\/ungarischer-regierungsbeamter-brussels-migrationspolitik-unverantwortlich\/"},"modified":"2024-08-27T14:34:49","modified_gmt":"2024-08-27T12:34:49","slug":"ungarischer-regierungsbeamter-brussels-migrationspolitik-unverantwortlich","status":"publish","type":"post","link":"https:\/\/dailynewshungary.com\/de\/ungarischer-regierungsbeamter-brussels-migrationspolitik-unverantwortlich\/","title":{"rendered":"Ungarischer Regierungsbeamter: Br\u00fcssels Migrationspolitik \u2018unverantwortlich\u2019"},"content":{"rendered":"<p><strong>Br\u00fcssel verfolge eine \u201cunverantwortliche\u201d Migrationspolitik, \u201cnoch ist Ungarn dasjenige, das bestraft wird\u201d, sagte Barna P\u00e1l Zsigmond, Staatssekret\u00e4rin des Ministeriums f\u00fcr europ\u00e4ische Angelegenheiten, am Dienstag.<\/strong><\/p>\n<p>Kommentar zu den j\u00fcngsten Messerangriffen von Migranten in Deutschland, die <strong><a href=\"https:\/\/www.facebook.com\/zsigmond.barna.pal\/?locale=hu_HU\" target=\"_blank\" rel=\"noopener\">Zsigmond<\/a><\/strong> \u00d6ffentlich-rechtlichen Fernsehen M1 sagte, er habe einer Parlamentsdelegation aus Nordrhein-Westfalen sein Beileid zu den j\u00fcngsten t\u00f6dlichen Messerstechereien in Solingen ausgesprochen.<\/p>\n<p>Der Staatssekret\u00e4r sagte, die EU m\u00fcsse gegen illegale Migration vorgehen, weil solche Angriffe in westeurop\u00e4ischen Gro\u00dfst\u00e4dten immer weiter verbreitet seien, Er f\u00fcgte jedoch hinzu, dass westeurop\u00e4ische L\u00e4nder nur 22 Prozent ihrer Abschiebungsurteile vollstrecken k\u00f6nnten, \u201cund in Deutschland lassen die linksliberalen Mainstream-Medien nicht einmal dar\u00fcber diskutieren\u201d.<\/p>\n<p>Das ungarische Modell hingegen sei wirksam, sagte er und wies darauf hin, dass es die Beurteilung von Asylantr\u00e4gen au\u00dferhalb der Grenze, einen wirksamen Grenzschutz und ein entschlossenes Vorgehen gegen Menschenschmuggler erfordere. Abschiebungsurteile, f\u00fcgte er hinzu, m\u00fcssten ebenfalls durchgesetzt werden, und Hilfe sollte an der Stelle geleistet werden, an der sie ben\u00f6tigt werde.<\/p>\n<p>Zsigmond sagte, Ungarn habe im Einklang mit seinen Verpflichtungen als Mitglied des Schengen-Raums mehr als 2 Milliarden Euro f\u00fcr den Grenzschutz ausgegeben, \u201ewir sind es noch, die von Br\u00fcssel bestraft werden\u201cEr sagte, Br\u00fcssel wolle, dass Ungarn Migrantenquoten akzeptiert und \u201eMigrantenlager\u201d einrichtet, w\u00e4hrend der Europ\u00e4ische Gerichtshof dem Land eine \u201ebeispiellose Geldstrafe\u201d auferlegt habe.<\/p>\n<p><strong>Lesen Sie auch:<\/strong><\/p>\n<ul>\n<li><a href=\"https:\/\/dailynewshungary.com\/de\/ungarische-regierung-plant-rechtliche-schritte-gegen-die-migrantenmasnahmen-brussels\/\">Ungarische Regierung plant rechtliche Schritte gegen die Migrantenma\u00dfnahmen Br\u00fcssels<\/a><\/li>\n<\/ul>\n","protected":false},"excerpt":{"rendered":"<p>Br\u00fcssel verfolge eine \u201cunverantwortliche\u201d Migrationspolitik, \u201cnoch ist Ungarn dasjenige, das bestraft wird\u201d, sagte Barna P\u00e1l Zsigmond, Staatssekret\u00e4rin des Ministeriums f\u00fcr europ\u00e4ische Angelegenheiten, am Dienstag. Kommentar zu den j\u00fcngsten Messerangriffen von Migranten in Deutschland, die Zsigmond \u00d6ffentlich-rechtlichen Fernsehen M1 sagte, er habe einer Parlamentsdelegation aus Nordrhein-Westfalen sein Beileid zu den j\u00fcngsten t\u00f6dlichen Messerstechereien in Solingen ausgesprochen. [&hellip;]<\/p>\n","protected":false},"author":33,"featured_media":0,"comment_status":"open","ping_status":"open","sticky":false,"template":"","format":"standard","meta":{"_acf_changed":false,"_display_image":"","footnotes":""},"categories":[1081],"tags":[1082,1445,1076],"class_list":["post-658762","post","type-post","status-publish","format-standard","hentry","category-politik","tag-europaische-union","tag-migration","tag-ungarn"],"blocksy_meta":[],"acf":[],"author_username":"ugyelet","telegram_post":"","public_post_metadata":{"breaking_news":"yes","important":"no","csempe":"no","center_tile":"no","disable_thumbnail":"no","target_lang":"","_featured_image_style":"","telegram_post":"","_xlat_group_id":""},"public_rank_math_data":{"title":"%title% %sep% %sitename%","description":"","focus_keyword":"","canonical_url":"","robots":"","primary_category":"1081","breadcrumb_title":"","facebook_title":"","facebook_description":"","facebook_image":"","facebook_image_id":"","twitter_title":"","twitter_description":"","twitter_image":"","twitter_image_id":"","twitter_card_type":"","twitter_use_facebook":"","advanced_robots":"","pillar_content":"","seo_score":"","contentai_score":"","rich_snippet":""},"_links":{"self":[{"href":"https:\/\/dailynewshungary.com\/de\/wp-json\/wp\/v2\/posts\/658762","targetHints":{"allow":["GET"]}}],"collection":[{"href":"https:\/\/dailynewshungary.com\/de\/wp-json\/wp\/v2\/posts"}],"about":[{"href":"https:\/\/dailynewshungary.com\/de\/wp-json\/wp\/v2\/types\/post"}],"author":[{"embeddable":true,"href":"https:\/\/dailynewshungary.com\/de\/wp-json\/wp\/v2\/users\/33"}],"replies":[{"embeddable":true,"href":"https:\/\/dailynewshungary.com\/de\/wp-json\/wp\/v2\/comments?post=658762"}],"version-history":[{"count":0,"href":"https:\/\/dailynewshungary.com\/de\/wp-json\/wp\/v2\/posts\/658762\/revisions"}],"wp:attachment":[{"href":"https:\/\/dailynewshungary.com\/de\/wp-json\/wp\/v2\/media?parent=658762"}],"wp:term":[{"taxonomy":"category","embeddable":true,"href":"https:\/\/dailynewshungary.com\/de\/wp-json\/wp\/v2\/categories?post=658762"},{"taxonomy":"post_tag","embeddable":true,"href":"https:\/\/dailynewshungary.com\/de\/wp-json\/wp\/v2\/tags?post=658762"}],"curies":[{"name":"wp","href":"https:\/\/api.w.org\/{rel}","templated":true}]}}