{"id":658832,"date":"2024-08-24T12:34:05","date_gmt":"2024-08-24T10:34:05","guid":{"rendered":"https:\/\/dailynewshungary.com\/de\/starke-familien-machen-ein-starkes-land-aus-sagt-der-ungarische-justizminister\/"},"modified":"2024-08-24T12:34:05","modified_gmt":"2024-08-24T10:34:05","slug":"starke-familien-machen-ein-starkes-land-aus-sagt-der-ungarische-justizminister","status":"publish","type":"post","link":"https:\/\/dailynewshungary.com\/de\/starke-familien-machen-ein-starkes-land-aus-sagt-der-ungarische-justizminister\/","title":{"rendered":"Starke Familien machen ein starkes Land aus, sagt der ungarische Justizminister"},"content":{"rendered":"<p><strong>Ein Land sei stark, wenn seine Familien stark seien, sagte Justizminister Bence Tuzson am Freitag beim Tranzit-Festival in Tihany am Plattensee und f\u00fcgte hinzu, dass die ungarische Regierung deshalb ihr M\u00f6glichstes tue, um ungarische Familien stark zu halten.<\/strong><\/p>\n<p><strong><a href=\"https:\/\/www.facebook.com\/tuzson.bence\/?locale=hu_HU\" target=\"_blank\" rel=\"noopener\">Tuzson<\/a><\/strong> Die \u201cAngriffe\u201d, die auf Ungarns Bem\u00fchungen um den Kinderschutz gerichtet wurden, seien mit der \u201ckaiserlichen Denkweise\u201d verbunden, mit dem Argument, dass es einfacher sei, \u201ceine globale Welt aufzubauen\u201d, wenn die Familien nicht stark w\u00e4ren.<\/p>\n<p>Auf eine Frage hin sagte der Minister, die laufenden Entwicklungen in der Europ\u00e4ischen Union, \u201cdie st\u00e4ndigen Angriffe gegen Ungarn und Versuche, Druck auf Ungarn auszu\u00fcben\u201d dienten nicht nur dem Ziel, \u201cder Globalismus gewinnt an Boden\u201d, sondern auch der \u201cWiederherstellung der St\u00e4rke der gro\u00dfen L\u00e4nder\u201d.<\/p>\n<p>\u201cEs gab immer gro\u00dfe und kleine L\u00e4nder, in denen die Gro\u00dfen Druck auf die kleineren aus\u00fcbten, aber die Gr\u00fcndung der Europ\u00e4ischen Union gab auch den kleineren Rechte und machte sie den gr\u00f6\u00dferen gleich\u201d, sagte Tuzson. Er sagte, die gr\u00f6\u00dferen L\u00e4nder wollten nun ihre fr\u00fchere Hegemonie wiederherstellen, \u201ewo sie die Entscheidungen treffen, die die kleineren akzeptieren\u201c.<\/p>\n<p>Tuzson sagte, die Fragen des K\u00f6rperschaftsteuersatzes und der Einf\u00fchrung einer Mindeststeuer \u201czeigen ebenfalls in diese Richtung\u201d und argumentierte, dass diese dazu gedacht seien, den bestehenden Wettbewerbsvorteil kleinerer L\u00e4nder auszul\u00f6schen. Er sagte, die Einf\u00fchrung eines Mindesteinkommens sei auch ein weiteres Element dieser Art von Bem\u00fchungen, da ihre Einf\u00fchrung bedeuten w\u00fcrde, dass die Mitgliedstaaten kein Mitspracherecht bei der H\u00f6he erhalten w\u00fcrden, was ihrer Wettbewerbsf\u00e4higkeit und letztendlich ihrer Souver\u00e4nit\u00e4t schaden w\u00fcrde.<\/p>\n<p>Unterdessen sagte er, die Fraktion Patrioten f\u00fcr Europa im Europ\u00e4ischen Parlament stehe \u201cunter st\u00e4ndigem Druck\u201d, aber sie w\u00fcrden \u201cnur st\u00e4rker\u201d und nach den Parlamentswahlen in \u00d6sterreich und Tschechien im n\u00e4chsten Jahr \u201ceine viel bessere Position\u201d einnehmenEr f\u00fcgte hinzu, dass es bis zur n\u00e4chsten Europawahl sogar \u201ceine v\u00f6llige europ\u00e4ische Wende\u201d geben k\u00f6nnte.<\/p>\n<p><strong>Lesen Sie auch:<\/strong><\/p>\n<ul>\n<li><a href=\"https:\/\/dailynewshungary.com\/de\/es-dauert-fast-ein-jahr-um-in-ungarn-einen-neuen-job-zu-finden-sagte-ksh\/\">Es dauert fast ein Jahr, um in Ungarn einen neuen Job zu finden, sagte KSH<\/a><\/li>\n<li><a href=\"https:\/\/dailynewshungary.com\/de\/die-ungarische-regierung-unterstutzt-die-sanierung-des-siebenburgischen-universitatsgebaudes\/\">Die ungarische Regierung unterst\u00fctzt die Sanierung des siebenb\u00fcrgischen Universit\u00e4tsgeb\u00e4udes<\/a><\/li>\n<\/ul>\n<p><em>Ausgew\u00e4hlte Bild: <a href=\"https:\/\/depositphotos.com\/photos\/family.html?filter=all&amp;qview=631593230\" target=\"_blank\" rel=\"noopener\">depositphotos.com<\/a><\/em><\/p>\n","protected":false},"excerpt":{"rendered":"<p>Ein Land sei stark, wenn seine Familien stark seien, sagte Justizminister Bence Tuzson am Freitag beim Tranzit-Festival in Tihany am Plattensee und f\u00fcgte hinzu, dass die ungarische Regierung deshalb ihr M\u00f6glichstes tue, um ungarische Familien stark zu halten. Tuzson Die \u201cAngriffe\u201d, die auf Ungarns Bem\u00fchungen um den Kinderschutz gerichtet wurden, seien mit der \u201ckaiserlichen Denkweise\u201d [&hellip;]<\/p>\n","protected":false},"author":33,"featured_media":0,"comment_status":"open","ping_status":"open","sticky":false,"template":"","format":"standard","meta":{"_acf_changed":false,"_display_image":"yes","footnotes":""},"categories":[1081],"tags":[1082,1165,1076],"class_list":["post-658832","post","type-post","status-publish","format-standard","hentry","category-politik","tag-europaische-union","tag-familie","tag-ungarn"],"blocksy_meta":[],"acf":[],"author_username":"ugyelet","telegram_post":"","public_post_metadata":{"breaking_news":"yes","important":"no","csempe":"no","center_tile":"no","disable_thumbnail":"no","target_lang":"","_featured_image_style":"hidden","telegram_post":"","_xlat_group_id":""},"public_rank_math_data":{"title":"%title% %sep% %sitename%","description":"","focus_keyword":"","canonical_url":"","robots":"","primary_category":"1081","breadcrumb_title":"","facebook_title":"","facebook_description":"","facebook_image":"","facebook_image_id":"","twitter_title":"","twitter_description":"","twitter_image":"","twitter_image_id":"","twitter_card_type":"","twitter_use_facebook":"","advanced_robots":"","pillar_content":"","seo_score":"","contentai_score":"","rich_snippet":""},"_links":{"self":[{"href":"https:\/\/dailynewshungary.com\/de\/wp-json\/wp\/v2\/posts\/658832","targetHints":{"allow":["GET"]}}],"collection":[{"href":"https:\/\/dailynewshungary.com\/de\/wp-json\/wp\/v2\/posts"}],"about":[{"href":"https:\/\/dailynewshungary.com\/de\/wp-json\/wp\/v2\/types\/post"}],"author":[{"embeddable":true,"href":"https:\/\/dailynewshungary.com\/de\/wp-json\/wp\/v2\/users\/33"}],"replies":[{"embeddable":true,"href":"https:\/\/dailynewshungary.com\/de\/wp-json\/wp\/v2\/comments?post=658832"}],"version-history":[{"count":0,"href":"https:\/\/dailynewshungary.com\/de\/wp-json\/wp\/v2\/posts\/658832\/revisions"}],"wp:attachment":[{"href":"https:\/\/dailynewshungary.com\/de\/wp-json\/wp\/v2\/media?parent=658832"}],"wp:term":[{"taxonomy":"category","embeddable":true,"href":"https:\/\/dailynewshungary.com\/de\/wp-json\/wp\/v2\/categories?post=658832"},{"taxonomy":"post_tag","embeddable":true,"href":"https:\/\/dailynewshungary.com\/de\/wp-json\/wp\/v2\/tags?post=658832"}],"curies":[{"name":"wp","href":"https:\/\/api.w.org\/{rel}","templated":true}]}}