{"id":659033,"date":"2024-08-16T06:34:29","date_gmt":"2024-08-16T04:34:29","guid":{"rendered":"https:\/\/dailynewshungary.com\/de\/fotoausstellungen-zum-20-jahrigen-bestehen-ungarns-in-der-eu\/"},"modified":"2024-08-16T06:34:29","modified_gmt":"2024-08-16T04:34:29","slug":"fotoausstellungen-zum-20-jahrigen-bestehen-ungarns-in-der-eu","status":"publish","type":"post","link":"https:\/\/dailynewshungary.com\/de\/fotoausstellungen-zum-20-jahrigen-bestehen-ungarns-in-der-eu\/","title":{"rendered":"Fotoausstellungen zum 20-j\u00e4hrigen Bestehen Ungarns in der EU"},"content":{"rendered":"<p><strong>Die Vertretung der Europ\u00e4ischen Union in Ungarn wird zum 20. Jahrestag des EU-Beitritts Ungarns bundesweit Fotoausstellungen im Freien veranstalten.<\/strong><\/p>\n<p>Die Ausstellungen werden gro\u00dfe EU-finanzierte Entwicklungsprojekte hervorheben, die seit 2004 in jedem Landkreis sowie in Budapest abgeschlossen wurden <a href=\"https:\/\/www.facebook.com\/EuropaiBizottsag\" target=\"_blank\" rel=\"noopener\"><strong>Repr\u00e4sentanz<\/strong><\/a> MTI am Donnerstag in einer Erkl\u00e4rung mitgeteilt.<\/p>\n<p>Die Fotos seien so ausgew\u00e4hlt worden, dass sie ein breites Spektrum an Bereichen des Alltags und der Wirtschaft abdecken, sagten die Organisatoren.<\/p>\n<p>Die Fotos werden ab Mitte August drei Monate lang in 19 Landkreisen und an drei Standorten in Budapest ausgestellt.<\/p>\n<p><strong>Lesen Sie auch:<\/strong><\/p>\n<ul>\n<li>Ausstellung ungarischer Gem\u00e4lde des 19-20. Jahrhunderts <a href=\"https:\/\/dailynewshungary.com\/de\/ausstellung-ungarischer-gemalde-des-19-20-jahrhunderts-wird-in-ankara-eroffnet\/\"><strong>\u00d6ffnet<\/strong> <\/a>In Ankara<\/li>\n<li><a href=\"https:\/\/dailynewshungary.com\/de\/fotos-erste-ungarische-rikscha-in-delhi-enthullt\/\"><strong>FOTOS: Erste ungarische Rikscha in Delhi enth\u00fcllt<\/strong><\/a><\/li>\n<\/ul>\n","protected":false},"excerpt":{"rendered":"<p>Die Vertretung der Europ\u00e4ischen Union in Ungarn wird zum 20. Jahrestag des EU-Beitritts Ungarns bundesweit Fotoausstellungen im Freien veranstalten. Die Ausstellungen werden gro\u00dfe EU-finanzierte Entwicklungsprojekte hervorheben, die seit 2004 in jedem Landkreis sowie in Budapest abgeschlossen wurden Repr\u00e4sentanz MTI am Donnerstag in einer Erkl\u00e4rung mitgeteilt. Die Fotos seien so ausgew\u00e4hlt worden, dass sie ein breites [&hellip;]<\/p>\n","protected":false},"author":50,"featured_media":0,"comment_status":"open","ping_status":"open","sticky":false,"template":"","format":"standard","meta":{"_acf_changed":false,"_display_image":"yes","footnotes":""},"categories":[1101],"tags":[1426,1082,1076],"class_list":["post-659033","post","type-post","status-publish","format-standard","hentry","category-flashnews","tag-europaische-kommission","tag-europaische-union","tag-ungarn"],"blocksy_meta":[],"acf":[],"author_username":"dnh","telegram_post":"","public_post_metadata":{"breaking_news":"yes","important":"no","csempe":"no","center_tile":"no","disable_thumbnail":"no","target_lang":"","_featured_image_style":"hidden","telegram_post":"","_xlat_group_id":""},"public_rank_math_data":{"title":"%title% %sep% %sitename%","description":"","focus_keyword":"","canonical_url":"","robots":"","primary_category":"1101","breadcrumb_title":"","facebook_title":"","facebook_description":"","facebook_image":"","facebook_image_id":"","twitter_title":"","twitter_description":"","twitter_image":"","twitter_image_id":"","twitter_card_type":"","twitter_use_facebook":"","advanced_robots":"","pillar_content":"","seo_score":"","contentai_score":"","rich_snippet":""},"_links":{"self":[{"href":"https:\/\/dailynewshungary.com\/de\/wp-json\/wp\/v2\/posts\/659033","targetHints":{"allow":["GET"]}}],"collection":[{"href":"https:\/\/dailynewshungary.com\/de\/wp-json\/wp\/v2\/posts"}],"about":[{"href":"https:\/\/dailynewshungary.com\/de\/wp-json\/wp\/v2\/types\/post"}],"author":[{"embeddable":true,"href":"https:\/\/dailynewshungary.com\/de\/wp-json\/wp\/v2\/users\/50"}],"replies":[{"embeddable":true,"href":"https:\/\/dailynewshungary.com\/de\/wp-json\/wp\/v2\/comments?post=659033"}],"version-history":[{"count":0,"href":"https:\/\/dailynewshungary.com\/de\/wp-json\/wp\/v2\/posts\/659033\/revisions"}],"wp:attachment":[{"href":"https:\/\/dailynewshungary.com\/de\/wp-json\/wp\/v2\/media?parent=659033"}],"wp:term":[{"taxonomy":"category","embeddable":true,"href":"https:\/\/dailynewshungary.com\/de\/wp-json\/wp\/v2\/categories?post=659033"},{"taxonomy":"post_tag","embeddable":true,"href":"https:\/\/dailynewshungary.com\/de\/wp-json\/wp\/v2\/tags?post=659033"}],"curies":[{"name":"wp","href":"https:\/\/api.w.org\/{rel}","templated":true}]}}