{"id":659147,"date":"2024-08-11T10:54:06","date_gmt":"2024-08-11T08:54:06","guid":{"rendered":"https:\/\/dailynewshungary.com\/de\/brussel-ungarn-fur-den-schutz-seiner-grenzen-bestraft\/"},"modified":"2024-08-11T10:54:06","modified_gmt":"2024-08-11T08:54:06","slug":"brussel-ungarn-fur-den-schutz-seiner-grenzen-bestraft","status":"publish","type":"post","link":"https:\/\/dailynewshungary.com\/de\/brussel-ungarn-fur-den-schutz-seiner-grenzen-bestraft\/","title":{"rendered":"Br\u00fcssel Ungarn f\u00fcr den \u2018Schutz seiner Grenzen\u2019 \u2018bestraft\u2019?"},"content":{"rendered":"<p><strong>Br\u00fcssel \u201cstraft\u201d Ungarn, weil es seine Grenze sch\u00fctzt, sagte Barna P\u00e1l Zsigmond, Staatssekret\u00e4rin des Ministeriums f\u00fcr Angelegenheiten der Europ\u00e4ischen Union, am Samstag auf Facebook.<\/strong><\/p>\n<p>Br\u00fcssel will Ungarn zwingen, 7000 Migranten pro Jahr aufzunehmen, die <strong><a href=\"https:\/\/www.facebook.com\/zsigmond.barna.pal\/?locale=hu_HU\" target=\"_blank\" rel=\"noopener\">Zsigmond<\/a> <\/strong>Sagte, unter Kenntnisnahme des k\u00fcrzlich erlassenen Durchf\u00fchrungsbeschlusses der Europ\u00e4ischen Kommission \u00fcber die Kapazit\u00e4t f\u00fcr Asylverfahren im Rahmen des neuen Migrationspakts.<\/p>\n<p>Die Entscheidung verlange von Ungarn die Bereitstellung von 7716 dauerhaften Aufnahmepl\u00e4tzen, 25,7 Prozent der Gesamtzahl, w\u00e4hrend es im ersten Jahr \u00fcber 15 000 Grenzverfahren durchf\u00fchren m\u00fcsse, sagte erDie Zahl der Verfahren k\u00f6nne in den Folgejahren auf das Drei &#8211; oder Vierfache der Zahl der Aufnahmepl\u00e4tze steigen, f\u00fcgte er hinzu.<\/p>\n<p>Er sagte, die Quote Ungarns sei ein Vielfaches der franz\u00f6sischen oder deutschen Quoten und sogar mehr als die in Bulgarien und Griechenland entlang der Migrationsroute des Westbalkans.<\/p>\n<p>\u201cEs ist inakzeptabel und v\u00f6llig irrational, dass nur zwei Mitgliedstaaten, Ungarn und Italien, f\u00fcr mehr als die H\u00e4lfte der Aufnahmekapazit\u00e4t an den EU-Grenzen verantwortlich sein sollten\u201d, f\u00fcgte er hinzu.<\/p>\n<p>Er sagte, die Quoten basierten auf Statistiken, die illegale Migration in den letzten drei Jahren zeigten, und f\u00fcgte hinzu, dass die Formel \u201eMitgliedstaaten\u201cbestrafte\u201d, die ihre Grenze vor illegalen Migranten gesch\u00fctzt und ihre Zahl der EU gemeldet hatten.<\/p>\n<p>Er sagte, die Ma\u00dfnahme sei ein \u201czynischer Versuch des kriegsbef\u00fcrwortenden, sorosistischen linken Fl\u00fcgels in Br\u00fcssel\u201d, politisch motivierte Migrationsprozesse aufrecht zu erhalten, und er bekr\u00e4ftigte die Position Ungarns zum Schutz seiner Grenzen \u201cWir werden nicht zulassen, dass Ungarn ein Land der Migranten wird\u201d, sagte er.<\/p>\n<p><strong>Lesen Sie auch:<\/strong><\/p>\n<ul>\n<li><a href=\"https:\/\/dailynewshungary.com\/de\/eu-affarenminister-ungarn-muss-7716-platze-an-der-grenze-fur-das-neue-asylsystem-der-eu-schaffen\/\">EU-Aff\u00e4renminister: Ungarn muss 7716 Pl\u00e4tze an der Grenze f\u00fcr das neue Asylsystem der EU schaffen<\/a><\/li>\n<li><a href=\"https:\/\/dailynewshungary.com\/de\/ungarns-geldbuse-vor-dem-gerichtshof-der-europaischen-union-steigt-von-tag-zu-tag\/\">Ungarns Geldbu\u00dfe durch den Gerichtshof der Europ\u00e4ischen Union steigt von Tag zu Tag<\/a><\/li>\n<\/ul>\n","protected":false},"excerpt":{"rendered":"<p>Br\u00fcssel \u201cstraft\u201d Ungarn, weil es seine Grenze sch\u00fctzt, sagte Barna P\u00e1l Zsigmond, Staatssekret\u00e4rin des Ministeriums f\u00fcr Angelegenheiten der Europ\u00e4ischen Union, am Samstag auf Facebook. Br\u00fcssel will Ungarn zwingen, 7000 Migranten pro Jahr aufzunehmen, die Zsigmond Sagte, unter Kenntnisnahme des k\u00fcrzlich erlassenen Durchf\u00fchrungsbeschlusses der Europ\u00e4ischen Kommission \u00fcber die Kapazit\u00e4t f\u00fcr Asylverfahren im Rahmen des neuen Migrationspakts. [&hellip;]<\/p>\n","protected":false},"author":33,"featured_media":0,"comment_status":"open","ping_status":"open","sticky":false,"template":"","format":"standard","meta":{"_acf_changed":false,"_display_image":"yes","footnotes":""},"categories":[1081],"tags":[1082,1445,1543,1076],"class_list":["post-659147","post","type-post","status-publish","format-standard","hentry","category-politik","tag-europaische-union","tag-migration","tag-terrorismus","tag-ungarn"],"blocksy_meta":[],"acf":[],"author_username":"ugyelet","telegram_post":"","public_post_metadata":{"breaking_news":"yes","important":"no","csempe":"no","center_tile":"no","disable_thumbnail":"no","target_lang":"","_featured_image_style":"hidden","telegram_post":"","_xlat_group_id":""},"public_rank_math_data":{"title":"%title% %sep% %sitename%","description":"","focus_keyword":"","canonical_url":"","robots":"","primary_category":"1081","breadcrumb_title":"","facebook_title":"","facebook_description":"","facebook_image":"","facebook_image_id":"","twitter_title":"","twitter_description":"","twitter_image":"","twitter_image_id":"","twitter_card_type":"","twitter_use_facebook":"","advanced_robots":"","pillar_content":"","seo_score":"","contentai_score":"","rich_snippet":""},"_links":{"self":[{"href":"https:\/\/dailynewshungary.com\/de\/wp-json\/wp\/v2\/posts\/659147","targetHints":{"allow":["GET"]}}],"collection":[{"href":"https:\/\/dailynewshungary.com\/de\/wp-json\/wp\/v2\/posts"}],"about":[{"href":"https:\/\/dailynewshungary.com\/de\/wp-json\/wp\/v2\/types\/post"}],"author":[{"embeddable":true,"href":"https:\/\/dailynewshungary.com\/de\/wp-json\/wp\/v2\/users\/33"}],"replies":[{"embeddable":true,"href":"https:\/\/dailynewshungary.com\/de\/wp-json\/wp\/v2\/comments?post=659147"}],"version-history":[{"count":0,"href":"https:\/\/dailynewshungary.com\/de\/wp-json\/wp\/v2\/posts\/659147\/revisions"}],"wp:attachment":[{"href":"https:\/\/dailynewshungary.com\/de\/wp-json\/wp\/v2\/media?parent=659147"}],"wp:term":[{"taxonomy":"category","embeddable":true,"href":"https:\/\/dailynewshungary.com\/de\/wp-json\/wp\/v2\/categories?post=659147"},{"taxonomy":"post_tag","embeddable":true,"href":"https:\/\/dailynewshungary.com\/de\/wp-json\/wp\/v2\/tags?post=659147"}],"curies":[{"name":"wp","href":"https:\/\/api.w.org\/{rel}","templated":true}]}}