{"id":659156,"date":"2024-08-10T19:04:19","date_gmt":"2024-08-10T17:04:19","guid":{"rendered":"https:\/\/dailynewshungary.com\/de\/verheerend-fast-15-millionen-ungarn-konnen-sich-keinen-urlaub-leisten\/"},"modified":"2024-08-10T19:04:19","modified_gmt":"2024-08-10T17:04:19","slug":"verheerend-fast-15-millionen-ungarn-konnen-sich-keinen-urlaub-leisten","status":"publish","type":"post","link":"https:\/\/dailynewshungary.com\/de\/verheerend-fast-15-millionen-ungarn-konnen-sich-keinen-urlaub-leisten\/","title":{"rendered":"Verheerend: Fast 1,5 Millionen Ungarn k\u00f6nnen sich keinen Urlaub leisten"},"content":{"rendered":"<p><strong>Laut einer Ende Juli ver\u00f6ffentlichten Studie des Europ\u00e4ischen Gewerkschaftsbundes (EGB) k\u00f6nnen sich 24,3% der Arbeitnehmer in Ungarn keinen Urlaub leisten, dies entspricht ungef\u00e4hr 1,46 Millionen Menschen, was einer Steigerung von 82 000 gegen\u00fcber dem Vorjahr entspricht.<\/strong><\/p>\n<h2>\u201cUrlaubsarmut\u201d in der EU<\/h2>\n<p>Ungarn belegt in der EU bei der \u201cUrlaubsarmut\u201d den 4. Platz, am st\u00e4rksten betroffen ist Rum\u00e4nien mit 35,8%. Zypern und Griechenland folgen mit 24,9% bzw. 24,8%. Dagegen weisen Schweden und Finnland mit rund 4,7% die niedrigsten Quoten auf <strong><a href=\"https:\/\/telex.hu\/gazdasag\/2024\/08\/09\/nyaralasi-szegenyseg-eu-rangsor\" target=\"_blank\" rel=\"noopener\">Fernschreibberichte<\/a><\/strong>.<\/p>\n<p>Regional ist Ungarn mit seinen K\u00e4mpfen nicht allein; Bulgarien, die Slowakei und Kroatien berichten ebenfalls von erheblichen Anteilen von Menschen, die keinen Urlaub nehmen k\u00f6nnen. \u00d6sterreich, Slowenien und der Tschechischen Republik geht es jedoch viel besser.<\/p>\n<p>Die Daten verdeutlichen einen steigenden Trend in der gesamten EU, wobei die Urlaubsarmut von 2021 bis 2022 in fast allen Mitgliedstaaten zunimmt.<\/p>\n<p><strong>Lesen Sie auch:<\/strong><\/p>\n<ul>\n<li><a href=\"https:\/\/dailynewshungary.com\/de\/uberraschende-ergebnisse-ungarn-wollen-vom-flughafen-budapest-zu-diesen-zielen-reisen\/\">\u00dcberraschende Ergebnisse: Ungarn wollen vom Flughafen Budapest zu diesen Zielen reisen<\/a><\/li>\n<li><a href=\"https:\/\/dailynewshungary.com\/de\/auswahl-des-besten-taxiservices-in-budapest-ein-reisefuhrer-fur-touristen\/\">Auswahl des besten Taxiservices in Budapest: Ein Reisef\u00fchrer f\u00fcr Touristen<\/a><\/li>\n<\/ul>\n","protected":false},"excerpt":{"rendered":"<p>Laut einer Ende Juli ver\u00f6ffentlichten Studie des Europ\u00e4ischen Gewerkschaftsbundes (EGB) k\u00f6nnen sich 24,3% der Arbeitnehmer in Ungarn keinen Urlaub leisten, dies entspricht ungef\u00e4hr 1,46 Millionen Menschen, was einer Steigerung von 82 000 gegen\u00fcber dem Vorjahr entspricht. \u201cUrlaubsarmut\u201d in der EU Ungarn belegt in der EU bei der \u201cUrlaubsarmut\u201d den 4. Platz, am st\u00e4rksten betroffen ist [&hellip;]<\/p>\n","protected":false},"author":62,"featured_media":659157,"comment_status":"open","ping_status":"open","sticky":false,"template":"","format":"standard","meta":{"_acf_changed":false,"_display_image":"yes","footnotes":""},"categories":[1101],"tags":[1444,1082,1138,1076],"class_list":["post-659156","post","type-post","status-publish","format-standard","has-post-thumbnail","hentry","category-flashnews","tag-europa","tag-europaische-union","tag-statistik","tag-ungarn"],"blocksy_meta":[],"acf":[],"author_username":"hmercedesz","telegram_post":"","public_post_metadata":{"breaking_news":"yes","important":"no","csempe":"no","center_tile":"no","disable_thumbnail":"no","target_lang":"","_featured_image_style":"hidden","telegram_post":"","_xlat_group_id":""},"public_rank_math_data":{"title":"%title% %sep% %sitename%","description":"Laut einer Ende Juli ver\u00f6ffentlichten Studie des Europ\u00e4ischen Gewerkschaftsbundes (EGB) k\u00f6nnen sich 24,3% der Arbeitnehmer in Ungarn keinen Urlaub leisten.","focus_keyword":"Urlaub","canonical_url":"","robots":"","primary_category":"1101","breadcrumb_title":"","facebook_title":"","facebook_description":"","facebook_image":"","facebook_image_id":"","twitter_title":"","twitter_description":"","twitter_image":"","twitter_image_id":"","twitter_card_type":"","twitter_use_facebook":"","advanced_robots":"","pillar_content":"","seo_score":"77","contentai_score":"","rich_snippet":""},"_links":{"self":[{"href":"https:\/\/dailynewshungary.com\/de\/wp-json\/wp\/v2\/posts\/659156","targetHints":{"allow":["GET"]}}],"collection":[{"href":"https:\/\/dailynewshungary.com\/de\/wp-json\/wp\/v2\/posts"}],"about":[{"href":"https:\/\/dailynewshungary.com\/de\/wp-json\/wp\/v2\/types\/post"}],"author":[{"embeddable":true,"href":"https:\/\/dailynewshungary.com\/de\/wp-json\/wp\/v2\/users\/62"}],"replies":[{"embeddable":true,"href":"https:\/\/dailynewshungary.com\/de\/wp-json\/wp\/v2\/comments?post=659156"}],"version-history":[{"count":0,"href":"https:\/\/dailynewshungary.com\/de\/wp-json\/wp\/v2\/posts\/659156\/revisions"}],"wp:featuredmedia":[{"embeddable":true,"href":"https:\/\/dailynewshungary.com\/de\/wp-json\/wp\/v2\/media\/659157"}],"wp:attachment":[{"href":"https:\/\/dailynewshungary.com\/de\/wp-json\/wp\/v2\/media?parent=659156"}],"wp:term":[{"taxonomy":"category","embeddable":true,"href":"https:\/\/dailynewshungary.com\/de\/wp-json\/wp\/v2\/categories?post=659156"},{"taxonomy":"post_tag","embeddable":true,"href":"https:\/\/dailynewshungary.com\/de\/wp-json\/wp\/v2\/tags?post=659156"}],"curies":[{"name":"wp","href":"https:\/\/api.w.org\/{rel}","templated":true}]}}