{"id":659186,"date":"2024-08-09T14:34:24","date_gmt":"2024-08-09T12:34:24","guid":{"rendered":"https:\/\/dailynewshungary.com\/de\/der-europaabgeordnete-fidesz-fordert-von-der-eu-sofortige-schritte-um-der-erpressung-durch-die-ukraine-entgegenzuwirken\/"},"modified":"2024-08-09T14:34:24","modified_gmt":"2024-08-09T12:34:24","slug":"der-europaabgeordnete-fidesz-fordert-von-der-eu-sofortige-schritte-um-der-erpressung-durch-die-ukraine-entgegenzuwirken","status":"publish","type":"post","link":"https:\/\/dailynewshungary.com\/de\/der-europaabgeordnete-fidesz-fordert-von-der-eu-sofortige-schritte-um-der-erpressung-durch-die-ukraine-entgegenzuwirken\/","title":{"rendered":"Der Europaabgeordnete Fidesz fordert von der EU \u201csofortige Schritte, um der Erpressung durch die Ukraine entgegenzuwirken\u201d"},"content":{"rendered":"<p><strong>Tam\u00e1s Deutsch, der Leiter der europ\u00e4ischen Parlamentsdelegation von Fidesz, hat die Europ\u00e4ische Kommission aufgefordert, \u201csofortige Schritte zu unternehmen, um der Erpressung Ungarns und der Slowakei durch die Ukraine entgegenzuwirken\u201d.<\/strong><\/p>\n<p>In einem Interview im \u00f6ffentlich-rechtlichen Radio am Freitag, dem <a href=\"https:\/\/www.facebook.com\/dajcstomi\" target=\"_blank\" rel=\"noopener\"><strong>Deutsch<\/strong> <\/a>Kritik an der \u201cInaktion\u201d der EG bez\u00fcglich der ukrainischen Beschr\u00e4nkungen des Transits von russischem Roh\u00f6l nach Ungarn und in die Slowakei, mit der Begr\u00fcndung, die Ukraine sei \u201cerpresst\u201d und versto\u00dfe gegen ihr Assoziierungsabkommen mit der EU.<\/p>\n<p>Feststellend <a href=\"https:\/\/www.facebook.com\/FideszHU\" target=\"_blank\" rel=\"noopener\"><strong>Fidesz&#8217;<\/strong> <\/a>Die EP-Fraktion hat einen Brief an die EG geschickt, in dem sie sie auffordert, in dieser Angelegenheit Ma\u00dfnahmen zu ergreifen. Deutsch sagte, die Entscheidung der Ukraine, die Roh\u00f6llieferungen an zwei EU-Mitgliedstaaten einzuschr\u00e4nken, sei \u201ebeispiellos\u201cda sie ihre Energiesicherheit ernsthaft gef\u00e4hrde.<\/p>\n<p>Er sagte, die Ukraine habe deutlich gemacht, dass ihr Ziel darin bestehe, die Slowakei und Ungarn zu erpressen, um sie dazu zu bringen, ihre friedensfreundliche Haltung zu \u00e4ndern und sich der \u201eKriegsgenossenschaft anzuschlie\u00dfen, die die Ausweitung des Russland-Ukraine-Krieges mit Geld und Waffen unterst\u00fctzt\u201cund politische Unterst\u00fctzung\u201d.<\/p>\n<figure id=\"attachment_605162\" aria-describedby=\"caption-attachment-605162\" style=\"width: 524px\" class=\"wp-caption aligncenter\"><img loading=\"lazy\" decoding=\"async\" class=\"size-full wp-image-605162\" src=\"https:\/\/contentf5.dailynewshungary.com\/wp-content\/uploads\/2024\/07\/Fidesz-delegation-leader-Tamas-Deutsch-Copy-e1721246136593.jpg\" alt=\"Fidesz-Delegationsleiter Tam\u00e1s Deutsch (Kopie)\" width=\"524\" height=\"405\" srcset=\"https:\/\/contentf5.dailynewshungary.com\/wp-content\/uploads\/2024\/07\/Fidesz-delegation-leader-Tamas-Deutsch-Copy-e1721246136593.jpg 524w, https:\/\/contentf5.dailynewshungary.com\/wp-content\/uploads\/2024\/07\/Fidesz-delegation-leader-Tamas-Deutsch-Copy-e1721246136593-287x222.jpg 287w, https:\/\/contentf5.dailynewshungary.com\/wp-content\/uploads\/2024\/07\/Fidesz-delegation-leader-Tamas-Deutsch-Copy-e1721246136593-97x75.jpg 97w, https:\/\/contentf5.dailynewshungary.com\/wp-content\/uploads\/2024\/07\/Fidesz-delegation-leader-Tamas-Deutsch-Copy-e1721246136593-480x371.jpg 480w\" sizes=\"auto, (max-width: 524px) 100vw, 524px\"><figcaption id=\"caption-attachment-605162\" class=\"wp-caption-text\">Foto: FB\/Tam\u00e1s Deutsch<\/figcaption><\/figure>\n<p>Deutsch sagte, es sei \u201coffensichtlich\u201d, dass die Ukraine \u201csogar das Thema Energiesicherheit ignorieren w\u00fcrde, wenn es ihren politischen Zielen diene\u201d Au\u00dferdem sei das Land bereit gewesen, gegen das Assoziierungsabkommen mit der EU zu versto\u00dfen, \u201cweil die Europ\u00e4ische Kommission meint, der Ukraine unter allen Umst\u00e4nden politisch zur Seite stehen zu m\u00fcssen\u201d.<\/p>\n<p>In Bezug auf die Ukraine \u201e\u00fcbersteigen die politischen Interessen der Kriegsf\u00fcrsorger alle anderen\u201csagte er und bestand darauf, dass die EG selbst ihren grundlegendsten Verpflichtungen nicht nachgekommen sei, wenn dies zu einer Verst\u00e4rkung der Friedensbem\u00fchungen f\u00fchren w\u00fcrde, und sei sogar bereit, \u201ein die andere Richtung zu schauen\u201d, wenn es um \u201epolitische Erpressung\u201d ging.<\/p>\n<figure id=\"attachment_603657\" aria-describedby=\"caption-attachment-603657\" style=\"width: 600px\" class=\"wp-caption aligncenter\"><img loading=\"lazy\" decoding=\"async\" class=\"wp-image-603657\" src=\"https:\/\/contentf5.dailynewshungary.com\/wp-content\/uploads\/2024\/07\/Zelensky-Orban-Kyiv.jpg\" alt=\"Selenskyj Orb\u00e1n Kiew\" width=\"600\" height=\"400\" srcset=\"https:\/\/contentf5.dailynewshungary.com\/wp-content\/uploads\/2024\/07\/Zelensky-Orban-Kyiv.jpg 2048w, https:\/\/contentf5.dailynewshungary.com\/wp-content\/uploads\/2024\/07\/Zelensky-Orban-Kyiv-768x512.jpg 768w, https:\/\/contentf5.dailynewshungary.com\/wp-content\/uploads\/2024\/07\/Zelensky-Orban-Kyiv-1536x1024.jpg 1536w, https:\/\/contentf5.dailynewshungary.com\/wp-content\/uploads\/2024\/07\/Zelensky-Orban-Kyiv-333x222.jpg 333w, https:\/\/contentf5.dailynewshungary.com\/wp-content\/uploads\/2024\/07\/Zelensky-Orban-Kyiv-248x165.jpg 248w, https:\/\/contentf5.dailynewshungary.com\/wp-content\/uploads\/2024\/07\/Zelensky-Orban-Kyiv-1030x686.jpg 1030w, https:\/\/contentf5.dailynewshungary.com\/wp-content\/uploads\/2024\/07\/Zelensky-Orban-Kyiv-113x75.jpg 113w, https:\/\/contentf5.dailynewshungary.com\/wp-content\/uploads\/2024\/07\/Zelensky-Orban-Kyiv-480x320.jpg 480w\" sizes=\"auto, (max-width: 600px) 100vw, 600px\"><figcaption id=\"caption-attachment-603657\" class=\"wp-caption-text\">Orb\u00e1n und Selenskyj in Kiew im Juli Foto: FB\/Orb\u00e1n<\/figcaption><\/figure>\n<p>Br\u00fcssels Entscheidungen, so Deutsch, seien von \u201ceiner ideologischen Voreingenommenheit diktiert, die das Gesetz ignoriert\u201d Er sagte, die EG werde Ma\u00dfnahmen ergreifen, sobald die Ukraine Schritte unternehme, die direkt gegen die wirtschaftlichen, politischen und sicherheitspolitischen Interessen der westeurop\u00e4ischen L\u00e4nder verstie\u00dfen, und f\u00fcgte hinzu, dass ein solches Szenario \u201cleicht vorstellbar sei, wenn die Ukraine ermutigt wird\u201d.<\/p>\n<p><strong>Lesen Sie auch:<\/strong><\/p>\n<ul>\n<li>EU-L\u00e4nder erw\u00e4gen die Wiedereinf\u00fchrung von Grenzkontrollen zu Ungarn aus Sicherheitsgr\u00fcnden (weiterlesen <a href=\"https:\/\/dailynewshungary.com\/de\/bruch-eu-lander-erwagen-die-wiedereinfuhrung-von-grenzkontrollen-zu-ungarn-aus-sicherheitsgrunden\/\"><strong>HIER<\/strong><\/a><\/li>\n<li>Orb\u00e1n-Familienmitarbeiter entwickelt umfangreiches neues Wohnprojekt in Budapest. Einzelheiten finden Sie in <a href=\"https:\/\/dailynewshungary.com\/de\/orban-familienmitarbeiter-entwickelt-riesiges-neues-wohnprojekt-in-budapest\/\"><strong>DIES<\/strong> <\/a>Artikel<\/li>\n<\/ul>\n","protected":false},"excerpt":{"rendered":"<p>Tam\u00e1s Deutsch, der Leiter der europ\u00e4ischen Parlamentsdelegation von Fidesz, hat die Europ\u00e4ische Kommission aufgefordert, \u201csofortige Schritte zu unternehmen, um der Erpressung Ungarns und der Slowakei durch die Ukraine entgegenzuwirken\u201d. In einem Interview im \u00f6ffentlich-rechtlichen Radio am Freitag, dem Deutsch Kritik an der \u201cInaktion\u201d der EG bez\u00fcglich der ukrainischen Beschr\u00e4nkungen des Transits von russischem Roh\u00f6l nach [&hellip;]<\/p>\n","protected":false},"author":50,"featured_media":0,"comment_status":"open","ping_status":"open","sticky":false,"template":"","format":"standard","meta":{"_acf_changed":false,"_display_image":"yes","footnotes":""},"categories":[1081],"tags":[1312,1082,1091,1084,1209,1092,1076],"class_list":["post-659186","post","type-post","status-publish","format-standard","hentry","category-politik","tag-energie","tag-europaische-union","tag-fidesz","tag-krieg-in-der-ukraine","tag-russland","tag-ukraine","tag-ungarn"],"blocksy_meta":[],"acf":[],"author_username":"dnh","telegram_post":"","public_post_metadata":{"breaking_news":"yes","important":"no","csempe":"no","center_tile":"no","disable_thumbnail":"no","target_lang":"","_featured_image_style":"hidden","telegram_post":"","_xlat_group_id":""},"public_rank_math_data":{"title":"%title% %sep% %sitename%","description":"","focus_keyword":"","canonical_url":"","robots":"","primary_category":"1081","breadcrumb_title":"","facebook_title":"","facebook_description":"","facebook_image":"","facebook_image_id":"","twitter_title":"","twitter_description":"","twitter_image":"","twitter_image_id":"","twitter_card_type":"","twitter_use_facebook":"","advanced_robots":"","pillar_content":"","seo_score":"","contentai_score":"","rich_snippet":""},"_links":{"self":[{"href":"https:\/\/dailynewshungary.com\/de\/wp-json\/wp\/v2\/posts\/659186","targetHints":{"allow":["GET"]}}],"collection":[{"href":"https:\/\/dailynewshungary.com\/de\/wp-json\/wp\/v2\/posts"}],"about":[{"href":"https:\/\/dailynewshungary.com\/de\/wp-json\/wp\/v2\/types\/post"}],"author":[{"embeddable":true,"href":"https:\/\/dailynewshungary.com\/de\/wp-json\/wp\/v2\/users\/50"}],"replies":[{"embeddable":true,"href":"https:\/\/dailynewshungary.com\/de\/wp-json\/wp\/v2\/comments?post=659186"}],"version-history":[{"count":0,"href":"https:\/\/dailynewshungary.com\/de\/wp-json\/wp\/v2\/posts\/659186\/revisions"}],"wp:attachment":[{"href":"https:\/\/dailynewshungary.com\/de\/wp-json\/wp\/v2\/media?parent=659186"}],"wp:term":[{"taxonomy":"category","embeddable":true,"href":"https:\/\/dailynewshungary.com\/de\/wp-json\/wp\/v2\/categories?post=659186"},{"taxonomy":"post_tag","embeddable":true,"href":"https:\/\/dailynewshungary.com\/de\/wp-json\/wp\/v2\/tags?post=659186"}],"curies":[{"name":"wp","href":"https:\/\/api.w.org\/{rel}","templated":true}]}}