{"id":659231,"date":"2024-08-07T18:34:16","date_gmt":"2024-08-07T16:34:16","guid":{"rendered":"https:\/\/dailynewshungary.com\/de\/passagiere-von-3-flugen-werden-fur-verspatungen-in-ungarn-entschadigt\/"},"modified":"2024-08-07T18:34:16","modified_gmt":"2024-08-07T16:34:16","slug":"passagiere-von-3-flugen-werden-fur-verspatungen-in-ungarn-entschadigt","status":"publish","type":"post","link":"https:\/\/dailynewshungary.com\/de\/passagiere-von-3-flugen-werden-fur-verspatungen-in-ungarn-entschadigt\/","title":{"rendered":"Passagiere von 3 Fl\u00fcgen werden f\u00fcr Versp\u00e4tungen in Ungarn entsch\u00e4digt"},"content":{"rendered":"<p><strong>Das Budapester Stadtverwaltungsb\u00fcro hat wegen der j\u00fcngsten Versp\u00e4tungen und Annullierungen von 15 Fl\u00fcgen Verbraucherschutzverfahren eingeleitet; In drei F\u00e4llen haben die Fluggesellschaften die Verantwortung \u00fcbernommen und mit der Zahlung von Entsch\u00e4digungen an die Passagiere begonnen, teilte das Regierungsb\u00fcro am Mittwoch mit.<\/strong><\/p>\n<p>Im Zusammenhang mit weiteren drei Fl\u00fcgen h\u00e4tten die Unternehmen Probleme mit Flugsicherungsdiensten als au\u00dfergew\u00f6hnliche Umst\u00e4nde angef\u00fchrt, hei\u00dft es in der Erkl\u00e4rungDas Regierungsb\u00fcro erwarte die fachliche Meinung des Flugreiseb\u00fcros zu der AngelegenheitZwei weitere F\u00e4lle stehen noch aus, hei\u00dft es in der Mitteilung.<\/p>\n<p>Das B\u00fcro und das Ministerium f\u00fcr Volkswirtschaft werden die Leistung der Fluggesellschaften weiterhin sorgf\u00e4ltig \u00fcberwachen und sich f\u00fcr Verbraucherrechte einsetzen, hei\u00dft es in der Erkl\u00e4rung.<\/p>\n<p><strong>Lesen Sie auch:<\/strong><\/p>\n<ul>\n<li>Fl\u00fcge am Flughafen Budapest aufgrund des eskalierenden Konflikts im Nahen Osten ausgesetzt \u2013 Lesen Sie mehr <a href=\"https:\/\/dailynewshungary.com\/de\/breaking-fluge-am-flughafen-budapest-wegen-des-eskalierenden-konflikts-im-nahen-osten-ausgesetzt\/\"><strong>HIER<\/strong><\/a><\/li>\n<li>Wizz Air <a href=\"https:\/\/dailynewshungary.com\/de\/wizz-air-konnte-ryanair-diesen-winter-in-budapest-schlagen\/\"><strong>Schlagen kann<\/strong> <\/a>Ryanair in Budapest diesen Winter<\/li>\n<\/ul>\n","protected":false},"excerpt":{"rendered":"<p>Das Budapester Stadtverwaltungsb\u00fcro hat wegen der j\u00fcngsten Versp\u00e4tungen und Annullierungen von 15 Fl\u00fcgen Verbraucherschutzverfahren eingeleitet; In drei F\u00e4llen haben die Fluggesellschaften die Verantwortung \u00fcbernommen und mit der Zahlung von Entsch\u00e4digungen an die Passagiere begonnen, teilte das Regierungsb\u00fcro am Mittwoch mit. Im Zusammenhang mit weiteren drei Fl\u00fcgen h\u00e4tten die Unternehmen Probleme mit Flugsicherungsdiensten als au\u00dfergew\u00f6hnliche Umst\u00e4nde [&hellip;]<\/p>\n","protected":false},"author":50,"featured_media":0,"comment_status":"open","ping_status":"open","sticky":false,"template":"","format":"standard","meta":{"_acf_changed":false,"_display_image":"yes","footnotes":""},"categories":[1101],"tags":[1075,1066,1298],"class_list":["post-659231","post","type-post","status-publish","format-standard","hentry","category-flashnews","tag-budapest-flughafen","tag-hungary","tag-travel"],"blocksy_meta":[],"acf":[],"author_username":"dnh","telegram_post":"","public_post_metadata":{"breaking_news":"yes","important":"no","csempe":"no","center_tile":"no","disable_thumbnail":"no","target_lang":"","_featured_image_style":"hidden","telegram_post":"","_xlat_group_id":""},"public_rank_math_data":{"title":"%title% %sep% %sitename%","description":"","focus_keyword":"","canonical_url":"","robots":"","primary_category":"1101","breadcrumb_title":"","facebook_title":"","facebook_description":"","facebook_image":"","facebook_image_id":"","twitter_title":"","twitter_description":"","twitter_image":"","twitter_image_id":"","twitter_card_type":"","twitter_use_facebook":"","advanced_robots":"","pillar_content":"","seo_score":"","contentai_score":"","rich_snippet":""},"_links":{"self":[{"href":"https:\/\/dailynewshungary.com\/de\/wp-json\/wp\/v2\/posts\/659231","targetHints":{"allow":["GET"]}}],"collection":[{"href":"https:\/\/dailynewshungary.com\/de\/wp-json\/wp\/v2\/posts"}],"about":[{"href":"https:\/\/dailynewshungary.com\/de\/wp-json\/wp\/v2\/types\/post"}],"author":[{"embeddable":true,"href":"https:\/\/dailynewshungary.com\/de\/wp-json\/wp\/v2\/users\/50"}],"replies":[{"embeddable":true,"href":"https:\/\/dailynewshungary.com\/de\/wp-json\/wp\/v2\/comments?post=659231"}],"version-history":[{"count":0,"href":"https:\/\/dailynewshungary.com\/de\/wp-json\/wp\/v2\/posts\/659231\/revisions"}],"wp:attachment":[{"href":"https:\/\/dailynewshungary.com\/de\/wp-json\/wp\/v2\/media?parent=659231"}],"wp:term":[{"taxonomy":"category","embeddable":true,"href":"https:\/\/dailynewshungary.com\/de\/wp-json\/wp\/v2\/categories?post=659231"},{"taxonomy":"post_tag","embeddable":true,"href":"https:\/\/dailynewshungary.com\/de\/wp-json\/wp\/v2\/tags?post=659231"}],"curies":[{"name":"wp","href":"https:\/\/api.w.org\/{rel}","templated":true}]}}