{"id":659282,"date":"2024-08-05T15:45:58","date_gmt":"2024-08-05T13:45:58","guid":{"rendered":"https:\/\/dailynewshungary.com\/de\/die-rumi-dreams-des-turkisch-amerikanischen-zeitgenossischen-multimedia-kunstlers-refik-anadol-sind-im-debrecen-modem-ausgestellt\/"},"modified":"2024-08-05T15:45:58","modified_gmt":"2024-08-05T13:45:58","slug":"die-rumi-dreams-des-turkisch-amerikanischen-zeitgenossischen-multimedia-kunstlers-refik-anadol-sind-im-debrecen-modem-ausgestellt","status":"publish","type":"post","link":"https:\/\/dailynewshungary.com\/de\/die-rumi-dreams-des-turkisch-amerikanischen-zeitgenossischen-multimedia-kunstlers-refik-anadol-sind-im-debrecen-modem-ausgestellt\/","title":{"rendered":"Die Rumi Dreams des t\u00fcrkisch-amerikanischen zeitgen\u00f6ssischen Multimedia-K\u00fcnstlers Refik Anadol sind im Debrecen MODEM ausgestellt"},"content":{"rendered":"<p><strong>Eine Videoinstallation mit dem Titel Rumi Dreams des renommierten t\u00fcrkisch-amerikanischen zeitgen\u00f6ssischen Multimedia-K\u00fcnstlers Refik Anadol wurde im MODEM in Debrecen im Osten Ungarns ausgestellt.<\/strong><\/p>\n<p>Die gro\u00df angelegte Videoarbeit an einer 32 qm gro\u00dfen LED-Wand wurde von den klassischen Werken der Dichterin, Philosophin und Theologin Mevlana Celaleddin Rumi inspiriert, die im 13. Jahrhundert in Anatolien lebte.<\/p>\n<p>Bei der Er\u00f6ffnung am Wochenende sagte der t\u00fcrkische Botschafter Gulsen Karanis Eksioglu, dass \u201cRumis Botschaften der Liebe, des Verst\u00e4ndnisses, der Toleranz und der Vergebung bekannt sind und heute von gr\u00f6\u00dferer Bedeutung sind als je zuvor\u201d.<\/p>\n<p style=\"text-align: center;\">&nbsp;<iframe loading=\"lazy\" style=\"border: none; overflow: hidden;\" src=\"https:\/\/www.facebook.com\/plugins\/video.php?height=314&amp;href=https%3A%2F%2Fwww.facebook.com%2Ftcbudapeste%2Fvideos%2F531338512652289%2F&amp;show_text=false&amp;width=560&amp;t=0\" width=\"560\" height=\"314\" frameborder=\"0\" scrolling=\"no\" allowfullscreen=\"allowfullscreen\"><\/iframe><\/p>\n<p>Sie wies darauf hin, dass die Veranstaltung im Rahmen der Kultursaison Ungarn-T\u00fcrkei organisiert worden sei, in der der 100. Jahrestag der Aufnahme diplomatischer Beziehungen gefeiert werde, und f\u00fcgte hinzu, dass dies das erste Mal sei, dass die T\u00fcrkei in Debrecen vorgestellt werde.<\/p>\n<p>Nach der Pr\u00e4sentation im MoMA in New York, in Las Vegas&#8217; Sphere und bei der Grammy-Gala werden Anadols Kunstwerke bis zum 29. September in der Debrecen-Galerie ausgestellt.<\/p>\n<h2>Fotogalerie:<\/h2>\n<p style=\"text-align: center;\">&nbsp;<iframe loading=\"lazy\" style=\"border: none; overflow: hidden;\" src=\"https:\/\/www.facebook.com\/plugins\/post.php?href=https%3A%2F%2Fwww.facebook.com%2Ftcbudapeste%2Fposts%2Fpfbid02pv9KUPNRL7t8nt97uo3wB6fBkpXRxa2G4nCTg76vayaz8RtffTGmk4fcjLshseHnl&amp;show_text=true&amp;width=500\" width=\"500\" height=\"793\" frameborder=\"0\" scrolling=\"no\" allowfullscreen=\"allowfullscreen\"><\/iframe><\/p>\n<p>Lesen Sie auch:<\/p>\n<ul>\n<li>Das diesj\u00e4hrige Festival der Volkskunst beginnt am 17. August mit der T\u00fcrkei als Ehrengast <a href=\"https:\/\/dailynewshungary.com\/de\/das-diesjahrige-festival-der-volkskunst-startet-am-17-august-mit-der-turkei-als-ehrengast\/\">Details HIER<\/a><\/li>\n<li><a href=\"https:\/\/dailynewshungary.com\/de\/die-turkische-modemarke-koton-zieht-mit-8-neuen-geschaften-nach-ungarn\/\">Die t\u00fcrkische Modemarke Koton zieht mit 8 neuen Gesch\u00e4ften nach Ungarn<\/a><\/li>\n<\/ul>\n","protected":false},"excerpt":{"rendered":"<p>Eine Videoinstallation mit dem Titel Rumi Dreams des renommierten t\u00fcrkisch-amerikanischen zeitgen\u00f6ssischen Multimedia-K\u00fcnstlers Refik Anadol wurde im MODEM in Debrecen im Osten Ungarns ausgestellt. Die gro\u00df angelegte Videoarbeit an einer 32 qm gro\u00dfen LED-Wand wurde von den klassischen Werken der Dichterin, Philosophin und Theologin Mevlana Celaleddin Rumi inspiriert, die im 13. Jahrhundert in Anatolien lebte. Bei [&hellip;]<\/p>\n","protected":false},"author":2,"featured_media":0,"comment_status":"open","ping_status":"open","sticky":false,"template":"","format":"standard","meta":{"_acf_changed":false,"_display_image":"yes","footnotes":""},"categories":[1151],"tags":[1116,1066,1314,3225,1936],"class_list":["post-659282","post","type-post","status-publish","format-standard","hentry","category-kulturen","tag-debrecen","tag-hungary","tag-kunst","tag-programm-guide","tag-turkiye"],"blocksy_meta":[],"acf":[],"author_username":"alk","telegram_post":"","public_post_metadata":{"breaking_news":"yes","important":"no","csempe":"no","center_tile":"no","disable_thumbnail":"no","target_lang":"","_featured_image_style":"hidden","telegram_post":"","_xlat_group_id":""},"public_rank_math_data":{"title":"%title% %sep% %sitename%","description":"","focus_keyword":"","canonical_url":"","robots":"","primary_category":"1151","breadcrumb_title":"","facebook_title":"","facebook_description":"","facebook_image":"","facebook_image_id":"","twitter_title":"","twitter_description":"","twitter_image":"","twitter_image_id":"","twitter_card_type":"","twitter_use_facebook":"","advanced_robots":"","pillar_content":"","seo_score":"","contentai_score":"","rich_snippet":""},"_links":{"self":[{"href":"https:\/\/dailynewshungary.com\/de\/wp-json\/wp\/v2\/posts\/659282","targetHints":{"allow":["GET"]}}],"collection":[{"href":"https:\/\/dailynewshungary.com\/de\/wp-json\/wp\/v2\/posts"}],"about":[{"href":"https:\/\/dailynewshungary.com\/de\/wp-json\/wp\/v2\/types\/post"}],"author":[{"embeddable":true,"href":"https:\/\/dailynewshungary.com\/de\/wp-json\/wp\/v2\/users\/2"}],"replies":[{"embeddable":true,"href":"https:\/\/dailynewshungary.com\/de\/wp-json\/wp\/v2\/comments?post=659282"}],"version-history":[{"count":0,"href":"https:\/\/dailynewshungary.com\/de\/wp-json\/wp\/v2\/posts\/659282\/revisions"}],"wp:attachment":[{"href":"https:\/\/dailynewshungary.com\/de\/wp-json\/wp\/v2\/media?parent=659282"}],"wp:term":[{"taxonomy":"category","embeddable":true,"href":"https:\/\/dailynewshungary.com\/de\/wp-json\/wp\/v2\/categories?post=659282"},{"taxonomy":"post_tag","embeddable":true,"href":"https:\/\/dailynewshungary.com\/de\/wp-json\/wp\/v2\/tags?post=659282"}],"curies":[{"name":"wp","href":"https:\/\/api.w.org\/{rel}","templated":true}]}}