{"id":659306,"date":"2024-08-04T19:32:10","date_gmt":"2024-08-04T17:32:10","guid":{"rendered":"https:\/\/dailynewshungary.com\/de\/ungarisches-innenministerium-ungarn-wird-bestraft-um-migranten-zutritt-zu-gewahren\/"},"modified":"2024-08-04T19:32:10","modified_gmt":"2024-08-04T17:32:10","slug":"ungarisches-innenministerium-ungarn-wird-bestraft-um-migranten-zutritt-zu-gewahren","status":"publish","type":"post","link":"https:\/\/dailynewshungary.com\/de\/ungarisches-innenministerium-ungarn-wird-bestraft-um-migranten-zutritt-zu-gewahren\/","title":{"rendered":"Ungarisches Innenministerium: Ungarn wird bestraft, um Migranten Zutritt zu gew\u00e4hren"},"content":{"rendered":"<p><strong>Ungarn werde bestraft, um es \u201cauf die Linie zu ziehen und Migranten hereinzulassen\u201d, sagte ein Beamter des Innenministeriums am Sonntag dem \u00f6ffentlich-rechtlichen Radio.<\/strong><\/p>\n<p>Ungarn werde die EU-Au\u00dfengrenzen weiter sch\u00fctzen, Staatssekret\u00e4r <strong><a href=\"https:\/\/www.facebook.com\/RetvariBence\/?locale=hu_HU\" target=\"_blank\" rel=\"noopener\">Bence R\u00e9tv\u00e1ri<\/a><\/strong> Sagte, und f\u00fcgte hinzu, dass das Land das Urteil des Europ\u00e4ischen Gerichtshofs gegen Ungarn wegen Ma\u00dfnahmen gegen die Migration \u201cnicht akzeptiert\u201d.<\/p>\n<p>\u201cDas Urteil ist eindeutig keine rechtliche Entscheidung, sondern die Aus\u00fcbung politischen Drucks\u201d, sagte er.<\/p>\n<p>\u201eSie verh\u00e4ngten eine Rekordstrafe, siebzigmal so hoch wie urspr\u00fcnglich in der Petition gefordert, um Ungarn zu zwingen, illegale Migranten in das Land zu lassen und sich an die Linie [der L\u00e4nder] zu halten, die f\u00fcr den Migrationspakt gestimmt haben, was die automatische Annahme und Neuansiedlung bedeutet.\u201cvon illegalen Migranten\u201d<\/p>\n<p>\u201cUngarn wird sich jedoch nicht r\u00fchren\u201d, egal wie gro\u00df der Druck ist, und auch beim Schutz der S\u00fcdgrenze an seiner Haltung festhalten, sagte R\u00e9tv\u00e1ri, nannte die Geldbu\u00dfe \u201cganz unrechtm\u00e4\u00dfig und unbegr\u00fcndet\u201d und versprach, dass Ungarn \u201csie nicht zahlen wird\u201d.<\/p>\n<p>Er sagte, Migration stelle eine \u201ebeispiellose\u201d Bedrohung f\u00fcr die \u00f6ffentliche Sicherheit Europas dar und f\u00fcgte hinzu, dass sie \u201evon denselben Kreisen organisiert werde, die zuvor enorm vom Drogen- und Waffenhandel sowie der Prostitution profitiert h\u00e4tten\u201c.<\/p>\n<p>Er sagte, der Menschenschmuggel sei noch lukrativer und f\u00fcgte hinzu, dass in Schweden \u201ejeden zweiten Tag ein Messerangriff oder eine Explosion stattfindet, organisiert von kriminellen Banden, die dank illegaler Migration nun den gr\u00f6\u00dften Teil ihres Geldes und ihrer neuen Rekruten erhalten.\u201c\u201d<\/p>\n<p>R\u00e9tv\u00e1ri sagte, im letzten Jahrzehnt seien in Europa rund 2.000 Menschen dem Terrorismus zum Opfer gefallen \u201cEs ist Unsinn, dass Ungarn f\u00fcr den Schutz seiner Sicherheit bestraft wird\u201d<\/p>\n<p>Die 800 m (200 m) Forint nannte er mit weiteren 400 Mio (1 EUR) Forint, die jeden Tag bei Nichteinhaltung zu zahlen sind \u201cFeinberuf\u201d.<\/p>\n<p>\u201cBr\u00fcssel will den Mitgliedstaaten ihre F\u00e4higkeit nehmen, sich selbst zu sch\u00fctzen\u201d, sagte er.<\/p>\n<p>Ungarn sollte die L\u00f6hne der an der Grenze stationierten Polizei und f\u00fcr den Bau des Zauns erstattet und nicht bestraft werden, der \u201eunsere S\u00fcdgrenze, die Au\u00dfengrenze der Union, sch\u00fctzt\u201c\u201d.<\/p>\n<p>Er sagte, \u201cBr\u00fcsseler B\u00fcrokraten\u201d erwarteten von der Polizei, dass sie Migranten, \u201cdie in gro\u00dfen Gruppen, oft mit Messern bewaffnet, ankommen\u201d, dabei helfen werde, ihre Asylantr\u00e4ge \u201canstatt die Grenze zu sch\u00fctzen\u201d einzureichen.<\/p>\n<p>Ungarn werde \u201cdie Migration nicht unterst\u00fctzen oder in die Reihen der Kriegsbef\u00fcrworter eintreten\u201d, sagte erDie Ungarn h\u00e4tten \u201cihren Willen zum Ausdruck gebracht, die illegale Migration an der S\u00fcdgrenze zu stoppen\u201d, f\u00fcgte er hinzu.<\/p>\n<p>Seit 2015 habe das Land gezeigt, dass die Grenze gesch\u00fctzt und die Migration gestoppt werden k\u00f6nne, sagte erDie ungarische Polizei arbeite \u201cneben \u00f6sterreichischen Beamten auch effektiv an der S\u00fcdgrenze Serbiens\u201d, sagte er.<\/p>\n<p>Unterdessen sahen viele westeurop\u00e4ische Politiker, sagte er, Migration als \u201clogistisches Problem\u201d Diese Haltung, f\u00fcgte er hinzu, habe die Entscheidung dar\u00fcber, wer und wie viele nach Europa einreisen, in die H\u00e4nde von Menschenschmugglern gelegt.<\/p>\n<p>R\u00e9tv\u00e1ri sagte, die Neuank\u00f6mmlinge h\u00e4tten die erhaltenen Subventionen in ihr Heimatland geschickt, um andere bei der Einreise nach Europa zu unterst\u00fctzen. \u201eWesteurop\u00e4ische Subventionen landen somit in den Taschen von Menschenschmugglern&#8230; So verschlechtert sich die \u00f6ffentliche Sicherheit in europ\u00e4ischen Metropolen Jahr f\u00fcr Jahr\u201csagte er.<\/p>\n<p><strong>Lesen Sie auch:<\/strong><\/p>\n<ul>\n<li><a href=\"https:\/\/dailynewshungary.com\/de\/ungarischer-eu-minister-eu-kohasionspolitik-unter-umfassendem-angriff\/\">Ungarischer EU-Minister: EU-Koh\u00e4sionspolitik unter umfassendem Angriff<\/a><\/li>\n<li><a href=\"https:\/\/dailynewshungary.com\/de\/die-ungarische-regierung-schuldet-brussel-geldstrafen-in-hohe-von-240-millionen-euro-die-45-tage-zeit-zum-handeln-haben\/\">Die ungarische Regierung schuldet Br\u00fcssel Geldstrafen in H\u00f6he von 240 Millionen Euro, die 45 Tage Zeit zum Handeln haben<\/a><\/li>\n<\/ul>\n","protected":false},"excerpt":{"rendered":"<p>Ungarn werde bestraft, um es \u201cauf die Linie zu ziehen und Migranten hereinzulassen\u201d, sagte ein Beamter des Innenministeriums am Sonntag dem \u00f6ffentlich-rechtlichen Radio. Ungarn werde die EU-Au\u00dfengrenzen weiter sch\u00fctzen, Staatssekret\u00e4r Bence R\u00e9tv\u00e1ri Sagte, und f\u00fcgte hinzu, dass das Land das Urteil des Europ\u00e4ischen Gerichtshofs gegen Ungarn wegen Ma\u00dfnahmen gegen die Migration \u201cnicht akzeptiert\u201d. \u201cDas Urteil [&hellip;]<\/p>\n","protected":false},"author":33,"featured_media":0,"comment_status":"open","ping_status":"open","sticky":false,"template":"","format":"standard","meta":{"_acf_changed":false,"_display_image":"","footnotes":""},"categories":[1081],"tags":[1082,1445,1076],"class_list":["post-659306","post","type-post","status-publish","format-standard","hentry","category-politik","tag-europaische-union","tag-migration","tag-ungarn"],"blocksy_meta":[],"acf":[],"author_username":"ugyelet","telegram_post":"","public_post_metadata":{"breaking_news":"yes","important":"no","csempe":"no","center_tile":"no","disable_thumbnail":"no","target_lang":"","_featured_image_style":"","telegram_post":"","_xlat_group_id":""},"public_rank_math_data":{"title":"%title% %sep% %sitename%","description":"","focus_keyword":"","canonical_url":"","robots":"","primary_category":"1081","breadcrumb_title":"","facebook_title":"","facebook_description":"","facebook_image":"","facebook_image_id":"","twitter_title":"","twitter_description":"","twitter_image":"","twitter_image_id":"","twitter_card_type":"","twitter_use_facebook":"","advanced_robots":"","pillar_content":"","seo_score":"","contentai_score":"","rich_snippet":""},"_links":{"self":[{"href":"https:\/\/dailynewshungary.com\/de\/wp-json\/wp\/v2\/posts\/659306","targetHints":{"allow":["GET"]}}],"collection":[{"href":"https:\/\/dailynewshungary.com\/de\/wp-json\/wp\/v2\/posts"}],"about":[{"href":"https:\/\/dailynewshungary.com\/de\/wp-json\/wp\/v2\/types\/post"}],"author":[{"embeddable":true,"href":"https:\/\/dailynewshungary.com\/de\/wp-json\/wp\/v2\/users\/33"}],"replies":[{"embeddable":true,"href":"https:\/\/dailynewshungary.com\/de\/wp-json\/wp\/v2\/comments?post=659306"}],"version-history":[{"count":0,"href":"https:\/\/dailynewshungary.com\/de\/wp-json\/wp\/v2\/posts\/659306\/revisions"}],"wp:attachment":[{"href":"https:\/\/dailynewshungary.com\/de\/wp-json\/wp\/v2\/media?parent=659306"}],"wp:term":[{"taxonomy":"category","embeddable":true,"href":"https:\/\/dailynewshungary.com\/de\/wp-json\/wp\/v2\/categories?post=659306"},{"taxonomy":"post_tag","embeddable":true,"href":"https:\/\/dailynewshungary.com\/de\/wp-json\/wp\/v2\/tags?post=659306"}],"curies":[{"name":"wp","href":"https:\/\/api.w.org\/{rel}","templated":true}]}}