{"id":659322,"date":"2024-08-04T09:54:24","date_gmt":"2024-08-04T07:54:24","guid":{"rendered":"https:\/\/dailynewshungary.com\/de\/ungarischer-eu-minister-eu-kohasionspolitik-unter-umfassendem-angriff\/"},"modified":"2024-08-04T09:54:24","modified_gmt":"2024-08-04T07:54:24","slug":"ungarischer-eu-minister-eu-kohasionspolitik-unter-umfassendem-angriff","status":"publish","type":"post","link":"https:\/\/dailynewshungary.com\/de\/ungarischer-eu-minister-eu-kohasionspolitik-unter-umfassendem-angriff\/","title":{"rendered":"Ungarischer EU-Minister: EU-Koh\u00e4sionspolitik unter umfassendem Angriff"},"content":{"rendered":"<p><strong>Die derzeitige Koh\u00e4sionspolitik der Europ\u00e4ischen Union stehe unter einem \u201cumfassenden Angriff elementarer St\u00e4rke\u201d, wobei die Europ\u00e4ische Kommission darauf hinarbeite, dass die Politik in ihrer jetzigen Form im n\u00e4chsten siebenj\u00e4hrigen Finanzzyklus nicht mehr existiere, sagte der EU-Aff\u00e4renminister am Freitag auf einer Podiumsdiskussion.<\/strong><\/p>\n<h2>EU-Koh\u00e4sionspolitik im Angriff?<\/h2>\n<figure id=\"attachment_606692\" aria-describedby=\"caption-attachment-606692\" style=\"width: 2048px\" class=\"wp-caption aligncenter\"><img loading=\"lazy\" decoding=\"async\" class=\"size-full wp-image-606692\" src=\"https:\/\/contentf5.dailynewshungary.com\/wp-content\/uploads\/2024\/08\/janos-boka-eu-affairs.jpg\" alt=\"Die Koh\u00e4sionspolitik der USA ist wichtig\" width=\"2048\" height=\"1366\" srcset=\"https:\/\/contentf5.dailynewshungary.com\/wp-content\/uploads\/2024\/08\/janos-boka-eu-affairs.jpg 2048w, https:\/\/contentf5.dailynewshungary.com\/wp-content\/uploads\/2024\/08\/janos-boka-eu-affairs-768x512.jpg 768w, https:\/\/contentf5.dailynewshungary.com\/wp-content\/uploads\/2024\/08\/janos-boka-eu-affairs-1536x1025.jpg 1536w, https:\/\/contentf5.dailynewshungary.com\/wp-content\/uploads\/2024\/08\/janos-boka-eu-affairs-333x222.jpg 333w, https:\/\/contentf5.dailynewshungary.com\/wp-content\/uploads\/2024\/08\/janos-boka-eu-affairs-248x165.jpg 248w, https:\/\/contentf5.dailynewshungary.com\/wp-content\/uploads\/2024\/08\/janos-boka-eu-affairs-1030x687.jpg 1030w, https:\/\/contentf5.dailynewshungary.com\/wp-content\/uploads\/2024\/08\/janos-boka-eu-affairs-112x75.jpg 112w, https:\/\/contentf5.dailynewshungary.com\/wp-content\/uploads\/2024\/08\/janos-boka-eu-affairs-480x320.jpg 480w\" sizes=\"auto, (max-width: 2048px) 100vw, 2048px\"><figcaption id=\"caption-attachment-606692\" class=\"wp-caption-text\">Foto: Facebook\/B\u00f3ka J\u00e1nos<\/figcaption><\/figure>\n<p>Rede beim MCC Feszt Festival, organisiert vom Matthias Corvinus Collegium in Esztergom, in Nordungarn <strong><a href=\"https:\/\/www.facebook.com\/BokaJanosMiniszter\/\" target=\"_blank\" rel=\"noopener\">J\u00e1nos B\u00f3ka<\/a><\/strong> \u201cDie EG schl\u00e4gt einheitliche Zahlungspakete vor, die die Mitgliedstaaten theoretisch freier nutzen k\u00f6nnten, aber nur dann zug\u00e4nglich sein werden, wenn es ein von der EG genehmigtes Reformprogramm gibt und die finanziellen Interessen der EU vollst\u00e4ndig gesch\u00fctzt sind\u201d.<\/p>\n<p>Ein solches Programm \u201ew\u00fcrde die Mitgliedstaaten praktisch von ihren haushalts- und wirtschaftspolitischen Instrumenten befreien; k\u00f6nnte nur durch das von der Kommission genehmigte gemeinsame Programm umgesetzt werden, sagte B\u00f3ka.\u201c.<\/p>\n<p><strong>Lesen Sie auch:<\/strong><\/p>\n<ul>\n<li><a href=\"https:\/\/dailynewshungary.com\/de\/laut-offiziell-sind-die-arbeitslosenzahlen-in-ungarn-auf-einem-rekordtief\/\">Laut offiziell sind die Arbeitslosenzahlen in Ungarn auf einem Rekordtief<\/a><\/li>\n<li><a href=\"https:\/\/dailynewshungary.com\/de\/ungarn-die-slowakei-konnte-die-stromversorgung-der-ukraine-einschranken\/\">Ungarn, die Slowakei k\u00f6nnte die Stromversorgung der Ukraine einschr\u00e4nken<\/a><\/li>\n<\/ul>\n","protected":false},"excerpt":{"rendered":"<p>Die derzeitige Koh\u00e4sionspolitik der Europ\u00e4ischen Union stehe unter einem \u201cumfassenden Angriff elementarer St\u00e4rke\u201d, wobei die Europ\u00e4ische Kommission darauf hinarbeite, dass die Politik in ihrer jetzigen Form im n\u00e4chsten siebenj\u00e4hrigen Finanzzyklus nicht mehr existiere, sagte der EU-Aff\u00e4renminister am Freitag auf einer Podiumsdiskussion. EU-Koh\u00e4sionspolitik im Angriff? Foto: Facebook\/B\u00f3ka J\u00e1nos Rede beim MCC Feszt Festival, organisiert vom Matthias [&hellip;]<\/p>\n","protected":false},"author":33,"featured_media":0,"comment_status":"open","ping_status":"open","sticky":false,"template":"","format":"standard","meta":{"_acf_changed":false,"_display_image":"yes","footnotes":""},"categories":[1081],"tags":[1082,1066,2476],"class_list":["post-659322","post","type-post","status-publish","format-standard","hentry","category-politik","tag-europaische-union","tag-hungary","tag-ungarisch-regierung"],"blocksy_meta":[],"acf":[],"author_username":"ugyelet","telegram_post":"","public_post_metadata":{"breaking_news":"yes","important":"no","csempe":"no","center_tile":"no","disable_thumbnail":"no","target_lang":"","_featured_image_style":"hidden","telegram_post":"","_xlat_group_id":""},"public_rank_math_data":{"title":"%title% %sep% %sitename%","description":"","focus_keyword":"","canonical_url":"","robots":"","primary_category":"1081","breadcrumb_title":"","facebook_title":"","facebook_description":"","facebook_image":"","facebook_image_id":"","twitter_title":"","twitter_description":"","twitter_image":"","twitter_image_id":"","twitter_card_type":"","twitter_use_facebook":"","advanced_robots":"","pillar_content":"","seo_score":"","contentai_score":"","rich_snippet":""},"_links":{"self":[{"href":"https:\/\/dailynewshungary.com\/de\/wp-json\/wp\/v2\/posts\/659322","targetHints":{"allow":["GET"]}}],"collection":[{"href":"https:\/\/dailynewshungary.com\/de\/wp-json\/wp\/v2\/posts"}],"about":[{"href":"https:\/\/dailynewshungary.com\/de\/wp-json\/wp\/v2\/types\/post"}],"author":[{"embeddable":true,"href":"https:\/\/dailynewshungary.com\/de\/wp-json\/wp\/v2\/users\/33"}],"replies":[{"embeddable":true,"href":"https:\/\/dailynewshungary.com\/de\/wp-json\/wp\/v2\/comments?post=659322"}],"version-history":[{"count":0,"href":"https:\/\/dailynewshungary.com\/de\/wp-json\/wp\/v2\/posts\/659322\/revisions"}],"wp:attachment":[{"href":"https:\/\/dailynewshungary.com\/de\/wp-json\/wp\/v2\/media?parent=659322"}],"wp:term":[{"taxonomy":"category","embeddable":true,"href":"https:\/\/dailynewshungary.com\/de\/wp-json\/wp\/v2\/categories?post=659322"},{"taxonomy":"post_tag","embeddable":true,"href":"https:\/\/dailynewshungary.com\/de\/wp-json\/wp\/v2\/tags?post=659322"}],"curies":[{"name":"wp","href":"https:\/\/api.w.org\/{rel}","templated":true}]}}