{"id":659437,"date":"2024-07-30T16:34:05","date_gmt":"2024-07-30T14:34:05","guid":{"rendered":"https:\/\/dailynewshungary.com\/de\/ungarns-neues-visasystem-schengen-zugang-fur-russische-spione-lost-alarm-aus\/"},"modified":"2024-07-30T16:34:05","modified_gmt":"2024-07-30T14:34:05","slug":"ungarns-neues-visasystem-schengen-zugang-fur-russische-spione-lost-alarm-aus","status":"publish","type":"post","link":"https:\/\/dailynewshungary.com\/de\/ungarns-neues-visasystem-schengen-zugang-fur-russische-spione-lost-alarm-aus\/","title":{"rendered":"Ungarns neues Visasystem: Schengen-Zugang f\u00fcr russische Spione l\u00f6st Alarm aus"},"content":{"rendered":"<p><strong>Ungarns neuestes Visasystem \u00f6ffnet die T\u00fcren des Schengen-Raums f\u00fcr Menschen aus Russland, Wei\u00dfrussland und dem Balkan. Die ungarische Regierung begr\u00fcndet diesen Schritt mit dem Arbeitskr\u00e4ftebedarf f\u00fcr das Paks-2-Projekt. Die EU bef\u00fcrchtet jedoch potenzielle Sicherheitsrisiken. Manfred Weber, Pr\u00e4sident der Europ\u00e4ischen Volkspartei, fordert die Staats- und Regierungschefs der EU dringend auf, sich unverz\u00fcglich mit diesem Problem zu befassen.<\/strong><\/p>\n<h2>Neues Visasystem bedroht die Integrit\u00e4t des Schengen-Raums<\/h2>\n<p><a href=\"https:\/\/444.hu\/2024\/07\/30\/magyarorszag-az-uj-vizumrendszerrel-kinyitja-schengen-kapuit-az-orosz-kemek-elott\" target=\"_blank\" rel=\"noopener\">444<\/a> Schreibt, dass die j\u00fcngste Lockerung der Visabeschr\u00e4nkungen f\u00fcr Russen durch Ungarn und die Ausweitung des Nationalkartensystems auf Arbeitnehmer aus Russland, Wei\u00dfrussland und einigen Balkanl\u00e4ndern erhebliche Bedenken hinsichtlich der Sicherheit innerhalb der USA geweckt hat <a href=\"https:\/\/dailynewshungary.com\/de\/der-grose-britische-zuguberfall-wie-eine-15-kopfige-bande-1963-26-millionen-pfund-stahl\/\">Schengen<\/a> Bereich. Manfred Weber, Pr\u00e4sident der Europ\u00e4ischen Volkspartei, hat seine Besorgnis \u00fcber das Potenzial russischer Spione zum Ausdruck gebracht, diese Politik auszunutzen, um Zugang zur Europ\u00e4ischen Union zu erhalten. In einem Brief an Charles Michel, Pr\u00e4sident des Europ\u00e4ischen Rates, forderte Weber die Staats- und Regierungschefs der EU auf, sich auf ihrem n\u00e4chsten Gipfel mit diesem Thema zu befassen, und betonte die Notwendigkeit sofortiger Gegenma\u00dfnahmen zum Schutz des Schengen-Raums.<\/p>\n<figure id=\"attachment_602257\" aria-describedby=\"caption-attachment-602257\" style=\"width: 1079px\" class=\"wp-caption aligncenter\"><img loading=\"lazy\" decoding=\"async\" class=\"size-full wp-image-602257\" src=\"https:\/\/contentf5.dailynewshungary.com\/wp-content\/uploads\/2024\/06\/End-of-Schengen-at-Hungarys-borders-Copy.webp\" alt=\"Ende von Schengen an den Grenzen Ungarns\" width=\"1079\" height=\"720\" srcset=\"https:\/\/contentf5.dailynewshungary.com\/wp-content\/uploads\/2024\/06\/End-of-Schengen-at-Hungarys-borders-Copy.webp 1079w, https:\/\/contentf5.dailynewshungary.com\/wp-content\/uploads\/2024\/06\/End-of-Schengen-at-Hungarys-borders-Copy-768x512.webp 768w, https:\/\/contentf5.dailynewshungary.com\/wp-content\/uploads\/2024\/06\/End-of-Schengen-at-Hungarys-borders-Copy-333x222.webp 333w, https:\/\/contentf5.dailynewshungary.com\/wp-content\/uploads\/2024\/06\/End-of-Schengen-at-Hungarys-borders-Copy-248x165.webp 248w, https:\/\/contentf5.dailynewshungary.com\/wp-content\/uploads\/2024\/06\/End-of-Schengen-at-Hungarys-borders-Copy-1030x687.webp 1030w, https:\/\/contentf5.dailynewshungary.com\/wp-content\/uploads\/2024\/06\/End-of-Schengen-at-Hungarys-borders-Copy-112x75.webp 112w, https:\/\/contentf5.dailynewshungary.com\/wp-content\/uploads\/2024\/06\/End-of-Schengen-at-Hungarys-borders-Copy-480x320.webp 480w\" sizes=\"auto, (max-width: 1079px) 100vw, 1079px\"><figcaption id=\"caption-attachment-602257\" class=\"wp-caption-text\">Quelle: FB\/Ungarische Polizei<\/figcaption><\/figure>\n<h2>Nationales Sicherheitsrisiko<\/h2>\n<p>Andr\u00e1s R\u00e1cz, ein Experte f\u00fcr russische Angelegenheiten, hat auf ein erhebliches nationales Sicherheitsrisiko hingewiesen, das durch die j\u00fcngsten \u00c4nderungen der ungarischen Visapolitik entsteht und zu Schlupfl\u00f6chern f\u00fchren k\u00f6nnte, die denen \u00e4hneln, die zuvor von der russischen Internationalen Investitionsbank ausgenutzt wurden. Diese Politik erm\u00f6glicht die Einreise einer gro\u00dfen Anzahl von Russen <a href=\"https:\/\/dailynewshungary.com\/de\/der-grose-britische-zuguberfall-wie-eine-15-kopfige-bande-1963-26-millionen-pfund-stahl\/\">Ungarn<\/a> und des Schengen-Raums mit minimaler Kontrolle.<\/p>\n<h2>Die Begr\u00fcndung der ungarischen Regierung<\/h2>\n<p>Trotz der Begr\u00fcndung der ungarischen Regierung in Bezug auf den Arbeitskr\u00e4ftebedarf f\u00fcr das Paks-2-Projekt argumentiert Manfred Weber, dass dieses neue Einwanderungssystem Spionageaktivit\u00e4ten erleichtern k\u00f6nnte. Als Reaktion darauf hat Weber die Staats- und Regierungschefs der EU aufgefordert, strenge Ma\u00dfnahmen zu ergreifen, um die Integrit\u00e4t des Schengen-Raums zu sch\u00fctzen und \u00e4hnliche politische Ver\u00e4nderungen durch die Mitgliedstaaten in Zukunft zu verhindern.<\/p>\n<figure id=\"attachment_491959\" aria-describedby=\"caption-attachment-491959\" style=\"width: 1280px\" class=\"wp-caption aligncenter\"><img loading=\"lazy\" decoding=\"async\" class=\"size-full wp-image-491959\" src=\"https:\/\/contentf5.dailynewshungary.com\/wp-content\/uploads\/2022\/05\/rsz_paks_ii_latvanyterv.jpg\" alt=\"Paks ii visueller Plan\" width=\"1280\" height=\"854\" srcset=\"https:\/\/contentf5.dailynewshungary.com\/wp-content\/uploads\/2022\/05\/rsz_paks_ii_latvanyterv.jpg 1280w, https:\/\/contentf5.dailynewshungary.com\/wp-content\/uploads\/2022\/05\/rsz_paks_ii_latvanyterv-768x512.jpg 768w, https:\/\/contentf5.dailynewshungary.com\/wp-content\/uploads\/2022\/05\/rsz_paks_ii_latvanyterv-350x234.jpg 350w, https:\/\/contentf5.dailynewshungary.com\/wp-content\/uploads\/2022\/05\/rsz_paks_ii_latvanyterv-248x165.jpg 248w, https:\/\/contentf5.dailynewshungary.com\/wp-content\/uploads\/2022\/05\/rsz_paks_ii_latvanyterv-1030x687.jpg 1030w, https:\/\/contentf5.dailynewshungary.com\/wp-content\/uploads\/2022\/05\/rsz_paks_ii_latvanyterv-219x146.jpg 219w, https:\/\/contentf5.dailynewshungary.com\/wp-content\/uploads\/2022\/05\/rsz_paks_ii_latvanyterv-50x33.jpg 50w, https:\/\/contentf5.dailynewshungary.com\/wp-content\/uploads\/2022\/05\/rsz_paks_ii_latvanyterv-112x75.jpg 112w\" sizes=\"auto, (max-width: 1280px) 100vw, 1280px\"><figcaption id=\"caption-attachment-491959\" class=\"wp-caption-text\">Visueller Plan f\u00fcr Paks II. Quelle: Facebook\/Paks II. Atomer.m. Zrt.<\/figcaption><\/figure>\n<p><strong>Lesen Sie auch:<\/strong><\/p>\n<ul>\n<li><a href=\"https:\/\/dailynewshungary.com\/de\/bruch-slowenien-weitet-die-kontrollen-an-der-ungarischen-und-kroatischen-grenze-aus\/\">Bruch: Slowenien weitet die Kontrollen an der ungarischen und kroatischen Grenze aus<\/a><\/li>\n<li><a href=\"https:\/\/dailynewshungary.com\/de\/osterreich-verlangert-die-grenzkontrolle-an-der-ungarischen-grenze-um-weitere-6-monate\/\">\u00d6sterreich verl\u00e4ngert die Grenzkontrolle an der ungarischen Grenze um weitere 6 Monate<\/a><\/li>\n<\/ul>\n","protected":false},"excerpt":{"rendered":"<p>Ungarns neuestes Visasystem \u00f6ffnet die T\u00fcren des Schengen-Raums f\u00fcr Menschen aus Russland, Wei\u00dfrussland und dem Balkan. Die ungarische Regierung begr\u00fcndet diesen Schritt mit dem Arbeitskr\u00e4ftebedarf f\u00fcr das Paks-2-Projekt. Die EU bef\u00fcrchtet jedoch potenzielle Sicherheitsrisiken. Manfred Weber, Pr\u00e4sident der Europ\u00e4ischen Volkspartei, fordert die Staats- und Regierungschefs der EU dringend auf, sich unverz\u00fcglich mit diesem Problem zu [&hellip;]<\/p>\n","protected":false},"author":76,"featured_media":659438,"comment_status":"open","ping_status":"open","sticky":false,"template":"","format":"standard","meta":{"_acf_changed":false,"_display_image":"yes","footnotes":""},"categories":[1081],"tags":[1082,1209,1299,1076],"class_list":["post-659437","post","type-post","status-publish","format-standard","has-post-thumbnail","hentry","category-politik","tag-europaische-union","tag-russland","tag-schengen","tag-ungarn"],"blocksy_meta":[],"acf":[],"author_username":"fanniforgacs","telegram_post":"","public_post_metadata":{"breaking_news":"yes","important":"no","csempe":"no","center_tile":"no","disable_thumbnail":"no","target_lang":"","_featured_image_style":"hidden","telegram_post":"","_xlat_group_id":""},"public_rank_math_data":{"title":"%title% %sep% %sitename%","description":"Ungarns neuestes Visasystem \u00f6ffnet die T\u00fcren des Schengen-Raums f\u00fcr Menschen aus Russland, Wei\u00dfrussland und dem Balkan.","focus_keyword":"Schengen","canonical_url":"","robots":"","primary_category":"1081","breadcrumb_title":"","facebook_title":"","facebook_description":"","facebook_image":"","facebook_image_id":"","twitter_title":"","twitter_description":"","twitter_image":"","twitter_image_id":"","twitter_card_type":"","twitter_use_facebook":"","advanced_robots":"","pillar_content":"","seo_score":"82","contentai_score":"","rich_snippet":""},"_links":{"self":[{"href":"https:\/\/dailynewshungary.com\/de\/wp-json\/wp\/v2\/posts\/659437","targetHints":{"allow":["GET"]}}],"collection":[{"href":"https:\/\/dailynewshungary.com\/de\/wp-json\/wp\/v2\/posts"}],"about":[{"href":"https:\/\/dailynewshungary.com\/de\/wp-json\/wp\/v2\/types\/post"}],"author":[{"embeddable":true,"href":"https:\/\/dailynewshungary.com\/de\/wp-json\/wp\/v2\/users\/76"}],"replies":[{"embeddable":true,"href":"https:\/\/dailynewshungary.com\/de\/wp-json\/wp\/v2\/comments?post=659437"}],"version-history":[{"count":0,"href":"https:\/\/dailynewshungary.com\/de\/wp-json\/wp\/v2\/posts\/659437\/revisions"}],"wp:featuredmedia":[{"embeddable":true,"href":"https:\/\/dailynewshungary.com\/de\/wp-json\/wp\/v2\/media\/659438"}],"wp:attachment":[{"href":"https:\/\/dailynewshungary.com\/de\/wp-json\/wp\/v2\/media?parent=659437"}],"wp:term":[{"taxonomy":"category","embeddable":true,"href":"https:\/\/dailynewshungary.com\/de\/wp-json\/wp\/v2\/categories?post=659437"},{"taxonomy":"post_tag","embeddable":true,"href":"https:\/\/dailynewshungary.com\/de\/wp-json\/wp\/v2\/tags?post=659437"}],"curies":[{"name":"wp","href":"https:\/\/api.w.org\/{rel}","templated":true}]}}