{"id":659494,"date":"2024-07-28T10:04:31","date_gmt":"2024-07-28T08:04:31","guid":{"rendered":"https:\/\/dailynewshungary.com\/de\/orban-die-entwicklung-in-den-usa-verlauft-fur-uns-gunstig\/"},"modified":"2024-07-28T10:04:31","modified_gmt":"2024-07-28T08:04:31","slug":"orban-die-entwicklung-in-den-usa-verlauft-fur-uns-gunstig","status":"publish","type":"post","link":"https:\/\/dailynewshungary.com\/de\/orban-die-entwicklung-in-den-usa-verlauft-fur-uns-gunstig\/","title":{"rendered":"Orb\u00e1n: Die Entwicklung in den USA verl\u00e4uft f\u00fcr uns \u2018g\u00fcnstig\u2019"},"content":{"rendered":"<p><strong>In seiner Rede vor der B\u00e1lv\u00e1nyos-Sommeruniversit\u00e4t in Baile Tusnad, Rum\u00e4nien, sagte Premierminister Viktor Orb\u00e1n am Samstag, dass die anhaltenden Ver\u00e4nderungen, die ein neues globales System einleiten w\u00fcrden, eher eine Chance als eine Bedrohung darstellten, da Ungarn dadurch mehr Handlungsspielraum habe als jemals zuvor andere Zeit in den letzten 500 Jahren.<\/strong><\/p>\n<p><strong><a href=\"https:\/\/www.facebook.com\/orbanviktor\" target=\"_blank\" rel=\"noopener\">Orb\u00e1n<\/a><\/strong> sagte, dass Europa vor 500 Jahren ein Gewinner gewesen sei, w\u00e4hrend Ungarn ein Verlierer des vorherigen globalen Paradigmenwechsels gewesen sei, und argumentierte, dass sich zwar ein neuer Wirtschaftsraum f\u00fcr den westlichen Teil des Kontinents ge\u00f6ffnet habe, die muslimischen Eroberungen Ungarn jedoch in einen verwandelt h\u00e4tten Kriegsgebiet f\u00fcr lange Zeit, das danach gezwungen war, sich in eine deutsch-habsburgische Welt zu integrieren.<\/p>\n<p>Er sagte, die Entwicklungen in den Vereinigten Staaten \u201claufen f\u00fcr uns g\u00fcnstig\u201d, f\u00fcgte jedoch hinzu, dass er nicht glaube, dass die USA Ungarn \u201cein besseres wirtschaftspolitisches Angebot\u201d geben k\u00f6nnten, als es die Mitgliedschaft in der Europ\u00e4ischen Union k\u00f6nnte \u201cAber wenn sie k\u00f6nnen, m\u00fcssen wir es ber\u00fccksichtigen\u201d, sagte er.<\/p>\n<p>Orb\u00e1n sagte, China habe Ungarn \u201cdas Maximum gegeben, das es bieten kann\u201d und die EU-Mitgliedschaft Ungarns als einen Vorteil betrachtet, \u201cim Gegensatz zu den Amerikanern, die immer implizieren, dass wir [die EU] verlassen sollten\u201d Chinas Angebot, sagte er, sei, dass \u201cwir uns an der Modernisierung des jeweils anderen beteiligen sollten\u201d, auch wenn die Gr\u00f6\u00dfenunterschiede im Auge behalten werden sollten.<\/p>\n<p>Der westliche Teil der EU werde \u201cnie wieder zur Nationalstaatsform zur\u00fcckkehren\u201d, sagte der Premierminister und f\u00fcgte hinzu, dass die \u00f6stliche H\u00e4lfte des Blocks Nationalstaaten sch\u00fctzen k\u00f6nne.<\/p>\n<p>Er sagte, die EU habe \u201cden andauernden Krieg verloren\u201d und werde von den USA im Stich gelassen, und f\u00fcgte hinzu, dass Br\u00fcssel nicht in der Lage sein w\u00fcrde, den Krieg in der Ukraine oder die Operationen des Landes zu finanzierenDas, sagte er, bedeutete, dass \u201cdie Europ\u00e4ische Union den Preis der Kriegsskapade zahlen muss, die hoch sein wird und uns ung\u00fcnstig treffen wird\u201d<\/p>\n<p><strong>Lesen Sie auch:<\/strong><\/p>\n<ul>\n<li><a href=\"https:\/\/dailynewshungary.com\/de\/orban-frieden-wird-weder-von-der-ukraine-noch-von-russland-erreicht-es-muss-von-ausen-kommen\/\">Orb\u00e1n: Frieden wird weder von der Ukraine noch von Russland erreicht; es muss von au\u00dfen kommen<\/a><\/li>\n<li><a href=\"https:\/\/dailynewshungary.com\/de\/orban-die-europaische-politik-brach-zusammen-asien-wurde-zum-mittelpunkt-der-welt-im-neuen-globalen-system\/\">Orb\u00e1n: Die europ\u00e4ische Politik brach zusammen, Asien wurde zum Mittelpunkt der Welt im neuen globalen System<\/a><\/li>\n<\/ul>\n","protected":false},"excerpt":{"rendered":"<p>In seiner Rede vor der B\u00e1lv\u00e1nyos-Sommeruniversit\u00e4t in Baile Tusnad, Rum\u00e4nien, sagte Premierminister Viktor Orb\u00e1n am Samstag, dass die anhaltenden Ver\u00e4nderungen, die ein neues globales System einleiten w\u00fcrden, eher eine Chance als eine Bedrohung darstellten, da Ungarn dadurch mehr Handlungsspielraum habe als jemals zuvor andere Zeit in den letzten 500 Jahren. Orb\u00e1n sagte, dass Europa vor [&hellip;]<\/p>\n","protected":false},"author":33,"featured_media":0,"comment_status":"open","ping_status":"open","sticky":false,"template":"","format":"standard","meta":{"_acf_changed":false,"_display_image":"yes","footnotes":""},"categories":[1081],"tags":[1082,1076,1157,1128],"class_list":["post-659494","post","type-post","status-publish","format-standard","hentry","category-politik","tag-europaische-union","tag-ungarn","tag-vereinigte-staaten","tag-viktor-orban"],"blocksy_meta":[],"acf":[],"author_username":"ugyelet","telegram_post":"","public_post_metadata":{"breaking_news":"yes","important":"no","csempe":"no","center_tile":"no","disable_thumbnail":"no","target_lang":"","_featured_image_style":"hidden","telegram_post":"","_xlat_group_id":""},"public_rank_math_data":{"title":"%title% %sep% %sitename%","description":"","focus_keyword":"","canonical_url":"","robots":"","primary_category":"1081","breadcrumb_title":"","facebook_title":"","facebook_description":"","facebook_image":"","facebook_image_id":"","twitter_title":"","twitter_description":"","twitter_image":"","twitter_image_id":"","twitter_card_type":"","twitter_use_facebook":"","advanced_robots":"","pillar_content":"","seo_score":"","contentai_score":"","rich_snippet":""},"_links":{"self":[{"href":"https:\/\/dailynewshungary.com\/de\/wp-json\/wp\/v2\/posts\/659494","targetHints":{"allow":["GET"]}}],"collection":[{"href":"https:\/\/dailynewshungary.com\/de\/wp-json\/wp\/v2\/posts"}],"about":[{"href":"https:\/\/dailynewshungary.com\/de\/wp-json\/wp\/v2\/types\/post"}],"author":[{"embeddable":true,"href":"https:\/\/dailynewshungary.com\/de\/wp-json\/wp\/v2\/users\/33"}],"replies":[{"embeddable":true,"href":"https:\/\/dailynewshungary.com\/de\/wp-json\/wp\/v2\/comments?post=659494"}],"version-history":[{"count":0,"href":"https:\/\/dailynewshungary.com\/de\/wp-json\/wp\/v2\/posts\/659494\/revisions"}],"wp:attachment":[{"href":"https:\/\/dailynewshungary.com\/de\/wp-json\/wp\/v2\/media?parent=659494"}],"wp:term":[{"taxonomy":"category","embeddable":true,"href":"https:\/\/dailynewshungary.com\/de\/wp-json\/wp\/v2\/categories?post=659494"},{"taxonomy":"post_tag","embeddable":true,"href":"https:\/\/dailynewshungary.com\/de\/wp-json\/wp\/v2\/tags?post=659494"}],"curies":[{"name":"wp","href":"https:\/\/api.w.org\/{rel}","templated":true}]}}