{"id":662724,"date":"2024-04-21T11:34:04","date_gmt":"2024-04-21T09:34:04","guid":{"rendered":"https:\/\/dailynewshungary.com\/de\/die-welt-offnet-sich-mit-141-zielen-neue-flugzeuge-von-diesem-ungarischen-internationalen-flughafen\/"},"modified":"2024-04-21T11:34:04","modified_gmt":"2024-04-21T09:34:04","slug":"die-welt-offnet-sich-mit-141-zielen-neue-flugzeuge-von-diesem-ungarischen-internationalen-flughafen","status":"publish","type":"post","link":"https:\/\/dailynewshungary.com\/de\/die-welt-offnet-sich-mit-141-zielen-neue-flugzeuge-von-diesem-ungarischen-internationalen-flughafen\/","title":{"rendered":"Die Welt \u00f6ffnet sich mit 141 Zielen: neue Flugzeuge von diesem ungarischen internationalen Flughafen"},"content":{"rendered":"<p><strong>Neue Flugzeuge werden Passagiere vom internationalen Flughafen Debrecen nach M\u00fcnchen bef\u00f6rdern, basierend auf einer ungarischen Nachrichtenagentur M\u00fcnchen ist ein internationaler F\u00fcnf-Sterne-Flughafen mit 141 Zielen, darunter Transatlantische Metropolen.<\/strong><\/p>\n<p>Nach <a href=\"https:\/\/www.portfolio.hu\/uzlet\/20240419\/nagyobb-repulok-kozlekednek-majd-debrecen-es-munchen-kozott-681687\" target=\"_blank\" rel=\"noopener\"><strong>Portfolio.hu<\/strong><\/a>BMW Group den entsprechenden Vertrag mit unterzeichnet <a href=\"https:\/\/www.facebook.com\/Lufthansa\" target=\"_blank\" rel=\"noopener\"><strong>Lufthansa<\/strong><\/a>. Davon ausgehend wird die deutsche Fluggesellschaft montags und freitags mit gr\u00f6\u00dferen Airbus-Flugzeugen die Kapazit\u00e4ten aus der ostungarischen Stadt erh\u00f6hen, am Freitag ist das erste derartige Flugzeug gelandet.<\/p>\n<h2>Mehr Passagiere zwischen M\u00fcnchen und Debrecen<\/h2>\n<p>Die auf der Strecke pendelnden Flugzeuge des Typs Airbus A321neo k\u00f6nnen 215 Passagiere bef\u00f6rdern, teilte Johannes Walter, der stellvertretende Pr\u00e4sident des Lufthansa-Konzerns, mitEr traf am Freitag an Bord einer der neuen Maschinen nach Debrecen ein.<\/p>\n<p>Er zeigte sich gl\u00fccklich dar\u00fcber, dass die neuen Flugzeuge Hunderte von Ingenieuren und Innovationsmanagern zwischen der bayerischen und der ungarischen Stadt bef\u00f6rdern werden. Daher ist die unterzeichnete Vereinbarung langfristig angelegt.<\/p>\n<p>Passagiere k\u00f6nnen mit den neuen Flugzeugen in nur 1,5 Stunden von M\u00fcnchen nach Debrecen kommen, diese Route \u00fcber Budapest w\u00fcrde 3-3,5 Stunden dauern Somit k\u00f6nnen wir sagen, dass ein Direktflug den Betrieb der <a href=\"https:\/\/www.facebook.com\/BMW\" target=\"_blank\" rel=\"noopener\"><strong>BMW<\/strong> <\/a>Anlage in Debrecen betr\u00e4chtlich.<\/p>\n<figure id=\"attachment_515177\" aria-describedby=\"caption-attachment-515177\" style=\"width: 600px\" class=\"wp-caption aligncenter\"><img loading=\"lazy\" decoding=\"async\" class=\"wp-image-515177\" src=\"https:\/\/contentf5.dailynewshungary.com\/wp-content\/uploads\/2022\/08\/debrecen-airport.jpg\" alt=\"Internationaler Flughafen Debrecen\" width=\"600\" height=\"334\" srcset=\"https:\/\/contentf5.dailynewshungary.com\/wp-content\/uploads\/2022\/08\/debrecen-airport.jpg 1446w, https:\/\/contentf5.dailynewshungary.com\/wp-content\/uploads\/2022\/08\/debrecen-airport-768x428.jpg 768w, https:\/\/contentf5.dailynewshungary.com\/wp-content\/uploads\/2022\/08\/debrecen-airport-248x138.jpg 248w, https:\/\/contentf5.dailynewshungary.com\/wp-content\/uploads\/2022\/08\/debrecen-airport-1030x574.jpg 1030w, https:\/\/contentf5.dailynewshungary.com\/wp-content\/uploads\/2022\/08\/debrecen-airport-260x146.jpg 260w, https:\/\/contentf5.dailynewshungary.com\/wp-content\/uploads\/2022\/08\/debrecen-airport-50x28.jpg 50w, https:\/\/contentf5.dailynewshungary.com\/wp-content\/uploads\/2022\/08\/debrecen-airport-135x75.jpg 135w\" sizes=\"auto, (max-width: 600px) 100vw, 600px\"><figcaption id=\"caption-attachment-515177\" class=\"wp-caption-text\">Foto: Flughafen Debrecen<\/figcaption><\/figure>\n<h2>Die Welt \u00f6ffnet sich von Debrecen aus mit neuen Flugzeugen<\/h2>\n<p>Herr Walter hofft, dass auch Touristen mit den neuen Flugzeugen reisen Der internationale F\u00fcnf-Sterne-Flughafen von M\u00fcnchen aus ist in nur 1,5 Stunden erreichbar, von wo aus Sie in jeden Teil der Welt reisen k\u00f6nnen.<\/p>\n<p>Der stellvertretende Pr\u00e4sident der deutschen Fluggesellschaft sagte, ihr Engagement sei gegen\u00fcber Ungarn unver\u00e4ndert, so seien beispielsweise 141 Ziele mit ihren Fl\u00fcgen von Budapest aus erreichbar.<\/p>\n<p>Liv Eske Herrstr\u00f6m, die Finanzdirektorin der BMW Manufacturing Hungary Ltd, nannte die Kapazit\u00e4tserh\u00f6hung einen Meilenstein und lobte die Arbeit der Lufthansa und des internationalen Flughafens Debrecen, er bedanke sich f\u00fcr die Infrastrukturentwicklungen am Flughafen Debrecen, die es erm\u00f6glichten, gr\u00f6\u00dfere Flugzeuge auf seinen Start &#8211; und Landebahnen willkommen zu hei\u00dfen.<\/p>\n<figure id=\"attachment_494301\" aria-describedby=\"caption-attachment-494301\" style=\"width: 600px\" class=\"wp-caption aligncenter\"><img loading=\"lazy\" decoding=\"async\" class=\"wp-image-494301\" src=\"https:\/\/contentf5.dailynewshungary.com\/wp-content\/uploads\/2022\/05\/debrecen-munich-lufthansa-masolata.jpg\" alt=\"debrecen M\u00fcnchen Lufthansa M\u00e1solata\" width=\"600\" height=\"401\" srcset=\"https:\/\/contentf5.dailynewshungary.com\/wp-content\/uploads\/2022\/05\/debrecen-munich-lufthansa-masolata.jpg 1200w, https:\/\/contentf5.dailynewshungary.com\/wp-content\/uploads\/2022\/05\/debrecen-munich-lufthansa-masolata-768x513.jpg 768w, https:\/\/contentf5.dailynewshungary.com\/wp-content\/uploads\/2022\/05\/debrecen-munich-lufthansa-masolata-350x234.jpg 350w, https:\/\/contentf5.dailynewshungary.com\/wp-content\/uploads\/2022\/05\/debrecen-munich-lufthansa-masolata-248x166.jpg 248w, https:\/\/contentf5.dailynewshungary.com\/wp-content\/uploads\/2022\/05\/debrecen-munich-lufthansa-masolata-1030x688.jpg 1030w, https:\/\/contentf5.dailynewshungary.com\/wp-content\/uploads\/2022\/05\/debrecen-munich-lufthansa-masolata-219x146.jpg 219w, https:\/\/contentf5.dailynewshungary.com\/wp-content\/uploads\/2022\/05\/debrecen-munich-lufthansa-masolata-50x33.jpg 50w, https:\/\/contentf5.dailynewshungary.com\/wp-content\/uploads\/2022\/05\/debrecen-munich-lufthansa-masolata-112x75.jpg 112w\" sizes=\"auto, (max-width: 600px) 100vw, 600px\"><figcaption id=\"caption-attachment-494301\" class=\"wp-caption-text\">Lufthansa in Debrecen Quelle: Flughafen Debrecen<\/figcaption><\/figure>\n<h2>Weitere Entwicklungen am Flughafen Debrecen angek\u00fcndigt<\/h2>\n<p>Er sagte, sie h\u00e4tten bereits mehr als tausend Mitarbeiter in Debrecen, die das neue Werk f\u00fcr den Start im n\u00e4chsten Jahr vorbereiten w\u00fcrdenDie Mitarbeiterzahl w\u00e4chst stetig, f\u00fcgte er hinzu.<\/p>\n<p>L\u00e1szl\u00f3 Papp, der B\u00fcrgermeister von Debrecen (Fidesz), sagte, Vertrauen sei die Grundlage ihrer Zusammenarbeit mit BMW und Lufthansa. Er sagte, die Entwicklungen w\u00fcrden die Wettbewerbsf\u00e4higkeit ihres Flughafens steigern. Deshalb planen sie, das Passagierterminal zu verl\u00e4ngern und m\u00f6chten ein neues mit einer neuen Landebahn bauen.<\/p>\n<p>Hier sind die neuen Flugzeuge:<\/p>\n<p><iframe loading=\"lazy\" style=\"border: none; overflow: hidden;\" src=\"https:\/\/www.facebook.com\/plugins\/post.php?href=https%3A%2F%2Fwww.facebook.com%2Fphoto.php%3Ffbid%3D750165860609497%26set%3Da.234927798799975%26type%3D3&amp;show_text=false&amp;width=500\" width=\"500\" height=\"761\" frameborder=\"0\" scrolling=\"no\" allowfullscreen=\"allowfullscreen\"><\/iframe><\/p>\n<p>Lufthansa bef\u00f6rdert montags, mittwochs, freitags und sonntags Passagiere zwischen M\u00fcnchen und Debrecen, montags und freitags bedienen Airbus A321neo-Flugzeuge die Passagiere mit 215 Sitzpl\u00e4tzen.<\/p>\n<p><strong>Lesen Sie auch:<\/strong><\/p>\n<ul>\n<li>Der erste Wizz Air-Flug von Debrecen nach Rom startet morgen \u2013 Lesen Sie mehr <a href=\"https:\/\/dailynewshungary.com\/de\/morgen-startet-der-erste-wizz-air-flug-von-debrecen-nach-rom\/\"><strong>HIER<\/strong><\/a><\/li>\n<li><a href=\"https:\/\/dailynewshungary.com\/de\/fotos-ungarns-neuestes-luxurioses-hilton-hotel-wird-bald-eroffnet\/\"><strong>FOTOS: Ungarns neuestes luxuri\u00f6ses Hilton-Hotel wird bald in Debrecen er\u00f6ffnet<\/strong><\/a><\/li>\n<\/ul>\n","protected":false},"excerpt":{"rendered":"<p>Neue Flugzeuge werden Passagiere vom internationalen Flughafen Debrecen nach M\u00fcnchen bef\u00f6rdern, basierend auf einer ungarischen Nachrichtenagentur M\u00fcnchen ist ein internationaler F\u00fcnf-Sterne-Flughafen mit 141 Zielen, darunter Transatlantische Metropolen. Nach Portfolio.huBMW Group den entsprechenden Vertrag mit unterzeichnet Lufthansa. Davon ausgehend wird die deutsche Fluggesellschaft montags und freitags mit gr\u00f6\u00dferen Airbus-Flugzeugen die Kapazit\u00e4ten aus der ostungarischen Stadt erh\u00f6hen, [&hellip;]<\/p>\n","protected":false},"author":18,"featured_media":662725,"comment_status":"open","ping_status":"open","sticky":false,"template":"","format":"standard","meta":{"_acf_changed":false,"_display_image":"yes","footnotes":""},"categories":[1098],"tags":[1116,1177,1080,1079,1076],"class_list":["post-662724","post","type-post","status-publish","format-standard","has-post-thumbnail","hentry","category-gesellschaft","tag-debrecen","tag-deutschland","tag-reisen","tag-tourismus","tag-ungarn"],"blocksy_meta":[],"acf":[],"author_username":"johnwoods","telegram_post":"","public_post_metadata":{"breaking_news":"yes","important":"no","csempe":"no","center_tile":"no","disable_thumbnail":"no","target_lang":"","_featured_image_style":"hidden","telegram_post":"","_xlat_group_id":""},"public_rank_math_data":{"title":"%title% %sep% %sitename%","description":"Vom internationalen Flughafen Debrecen aus wird sich die Welt mit neuen Flugzeugen der Lufthansa zwischen der ungarischen Stadt und M\u00fcnchen \u00f6ffnen.","focus_keyword":"Neue Flugzeuge","canonical_url":"","robots":"","primary_category":"1098","breadcrumb_title":"","facebook_title":"","facebook_description":"","facebook_image":"","facebook_image_id":"","twitter_title":"","twitter_description":"","twitter_image":"","twitter_image_id":"","twitter_card_type":"","twitter_use_facebook":"","advanced_robots":"","pillar_content":"","seo_score":"82","contentai_score":"","rich_snippet":""},"_links":{"self":[{"href":"https:\/\/dailynewshungary.com\/de\/wp-json\/wp\/v2\/posts\/662724","targetHints":{"allow":["GET"]}}],"collection":[{"href":"https:\/\/dailynewshungary.com\/de\/wp-json\/wp\/v2\/posts"}],"about":[{"href":"https:\/\/dailynewshungary.com\/de\/wp-json\/wp\/v2\/types\/post"}],"author":[{"embeddable":true,"href":"https:\/\/dailynewshungary.com\/de\/wp-json\/wp\/v2\/users\/18"}],"replies":[{"embeddable":true,"href":"https:\/\/dailynewshungary.com\/de\/wp-json\/wp\/v2\/comments?post=662724"}],"version-history":[{"count":0,"href":"https:\/\/dailynewshungary.com\/de\/wp-json\/wp\/v2\/posts\/662724\/revisions"}],"wp:featuredmedia":[{"embeddable":true,"href":"https:\/\/dailynewshungary.com\/de\/wp-json\/wp\/v2\/media\/662725"}],"wp:attachment":[{"href":"https:\/\/dailynewshungary.com\/de\/wp-json\/wp\/v2\/media?parent=662724"}],"wp:term":[{"taxonomy":"category","embeddable":true,"href":"https:\/\/dailynewshungary.com\/de\/wp-json\/wp\/v2\/categories?post=662724"},{"taxonomy":"post_tag","embeddable":true,"href":"https:\/\/dailynewshungary.com\/de\/wp-json\/wp\/v2\/tags?post=662724"}],"curies":[{"name":"wp","href":"https:\/\/api.w.org\/{rel}","templated":true}]}}