{"id":664710,"date":"2024-03-20T16:05:04","date_gmt":"2024-03-20T15:05:04","guid":{"rendered":"https:\/\/dailynewshungary.com\/de\/das-wirtschaftsforum-geschafte-in-aserbaidschan-machen-klart-budapest-auf-2\/"},"modified":"2024-03-20T16:05:04","modified_gmt":"2024-03-20T15:05:04","slug":"das-wirtschaftsforum-geschafte-in-aserbaidschan-machen-klart-budapest-auf-2","status":"publish","type":"post","link":"https:\/\/dailynewshungary.com\/de\/das-wirtschaftsforum-geschafte-in-aserbaidschan-machen-klart-budapest-auf-2\/","title":{"rendered":"Das Wirtschaftsforum \u201eGesch\u00e4fte in Aserbaidschan machen\u2019 kl\u00e4rt Budapest auf"},"content":{"rendered":"<p><strong>Am 18. M\u00e4rz veranstaltete die pulsierende ungarische Hauptstadt ein hochkar\u00e4tiges Wirtschaftsforum, das sich mit dem Thema \u201cGesch\u00e4ft in Aserbaidschan machen\u201d befasste, das von der Botschaft der Republik Aserbaidschan in Ungarn und dem B\u00fcro des Handelsgesandten Aserbaidschans in mitteleurop\u00e4ischen L\u00e4ndern in Zusammenarbeit mit der ungarischen Exportf\u00f6rderungsagentur (HEPA) organisiert wurde und eine Plattform f\u00fcr aufschlussreiche Diskussionen und Networking-M\u00f6glichkeiten unter den wichtigsten Interessengruppen bot.<\/strong><\/p>\n<p>Der gesch\u00e4tzte Botschafter Aserbaidschans in Ungarn, <a href=\"https:\/\/budapest.mfa.gov.az\/en\/content\/57\/ambassador-cv\" target=\"_blank\" rel=\"noopener\">Tahir Taghi-Zadeh<\/a>, gab mit einer aufschlussreichen Er\u00f6ffnungsrede den Ton an und unterstrich damit die bemerkenswerten wirtschaftlichen Erfolge Aserbaidschans in den letzten Jahren und sein einladendes Investitionsklima Das Forum wurde von Katalin Bihari, der stellvertretenden Staatssekret\u00e4rin des ungarischen Ministeriums f\u00fcr ausw\u00e4rtige Angelegenheiten und Handel, herzlich empfangen, die die verehrten Teilnehmer herzlich willkommen hie\u00df.<\/p>\n<figure id=\"attachment_591829\" aria-describedby=\"caption-attachment-591829\" style=\"width: 1280px\" class=\"wp-caption aligncenter\"><img loading=\"lazy\" decoding=\"async\" class=\"size-full wp-image-591829\" src=\"https:\/\/contentf5.dailynewshungary.com\/wp-content\/uploads\/2024\/03\/Doing-Business-in-Azerbaijan-forum-in-Budapest.jpg\" alt=\"Doing Business in Aserbaidschan Forum in Budapest\" width=\"1280\" height=\"847\" srcset=\"https:\/\/contentf5.dailynewshungary.com\/wp-content\/uploads\/2024\/03\/Doing-Business-in-Azerbaijan-forum-in-Budapest.jpg 1280w, https:\/\/contentf5.dailynewshungary.com\/wp-content\/uploads\/2024\/03\/Doing-Business-in-Azerbaijan-forum-in-Budapest-768x508.jpg 768w, https:\/\/contentf5.dailynewshungary.com\/wp-content\/uploads\/2024\/03\/Doing-Business-in-Azerbaijan-forum-in-Budapest-335x222.jpg 335w, https:\/\/contentf5.dailynewshungary.com\/wp-content\/uploads\/2024\/03\/Doing-Business-in-Azerbaijan-forum-in-Budapest-248x165.jpg 248w, https:\/\/contentf5.dailynewshungary.com\/wp-content\/uploads\/2024\/03\/Doing-Business-in-Azerbaijan-forum-in-Budapest-1030x682.jpg 1030w, https:\/\/contentf5.dailynewshungary.com\/wp-content\/uploads\/2024\/03\/Doing-Business-in-Azerbaijan-forum-in-Budapest-113x75.jpg 113w, https:\/\/contentf5.dailynewshungary.com\/wp-content\/uploads\/2024\/03\/Doing-Business-in-Azerbaijan-forum-in-Budapest-480x318.jpg 480w\" sizes=\"auto, (max-width: 1280px) 100vw, 1280px\"><figcaption id=\"caption-attachment-591829\" class=\"wp-caption-text\">Das Wirtschaftsforum \u201cGesch\u00e4ft machen in Aserbaidschan\u201d in Budapest Quelle: azertag.az<\/figcaption><\/figure>\n<p>Im Anschluss an die einleitenden Bemerkungen lieferten Nemat Nagdaliyev, der Handelsgesandte Aserbaidschans in mitteleurop\u00e4ischen L\u00e4ndern, und Mirza Alakbar Babayev, der Chefberater des Handelsgesandten, umfassende Berichte, in denen sie die Investitionsaussichten in Aserbaidschan und insbesondere in Karabach erl\u00e4uterten. In den Pr\u00e4sentationen wurde die F\u00fclle der im Land verf\u00fcgbaren M\u00f6glichkeiten ausf\u00fchrlich beschrieben und Licht auf die Einrichtung von Industrieparks und die laufenden umfangreichen Bau- und Sanierungsbem\u00fchungen in den k\u00fcrzlich befreiten Gebieten geworfen.<\/p>\n<p>Das Wirtschaftsforum diente als zentrales Treffen f\u00fcr Vertreter der Gesch\u00e4ftswelt Ungarns und der Nachbarl\u00e4nder. Ihre aktive Teilnahme unterstrich das gegenseitige Interesse an der F\u00f6rderung st\u00e4rkerer Wirtschaftsbeziehungen und der Erkundung von Kooperationen zwischen Aserbaidschan und seinen mitteleurop\u00e4ischen Partnern.<\/p>\n<figure id=\"attachment_591832\" aria-describedby=\"caption-attachment-591832\" style=\"width: 979px\" class=\"wp-caption aligncenter\"><img loading=\"lazy\" decoding=\"async\" class=\"size-full wp-image-591832\" src=\"https:\/\/content.dailynewshungary.com\/wp-content\/uploads\/2024\/03\/Doing-Business-in-Azerbaijan-forum-in-Budapest2-e1710946978100.jpg\" alt=\"Doing Business in Aserbaidschan Forum in Budapest\" width=\"979\" height=\"654\" srcset=\"https:\/\/contentf5.dailynewshungary.com\/wp-content\/uploads\/2024\/03\/Doing-Business-in-Azerbaijan-forum-in-Budapest2-e1710946978100.jpg 979w, https:\/\/contentf5.dailynewshungary.com\/wp-content\/uploads\/2024\/03\/Doing-Business-in-Azerbaijan-forum-in-Budapest2-e1710946978100-768x513.jpg 768w, https:\/\/contentf5.dailynewshungary.com\/wp-content\/uploads\/2024\/03\/Doing-Business-in-Azerbaijan-forum-in-Budapest2-e1710946978100-332x222.jpg 332w, https:\/\/contentf5.dailynewshungary.com\/wp-content\/uploads\/2024\/03\/Doing-Business-in-Azerbaijan-forum-in-Budapest2-e1710946978100-248x165.jpg 248w, https:\/\/contentf5.dailynewshungary.com\/wp-content\/uploads\/2024\/03\/Doing-Business-in-Azerbaijan-forum-in-Budapest2-e1710946978100-112x75.jpg 112w, https:\/\/contentf5.dailynewshungary.com\/wp-content\/uploads\/2024\/03\/Doing-Business-in-Azerbaijan-forum-in-Budapest2-e1710946978100-480x321.jpg 480w\" sizes=\"auto, (max-width: 979px) 100vw, 979px\"><figcaption id=\"caption-attachment-591832\" class=\"wp-caption-text\">Das Wirtschaftsforum \u201cGesch\u00e4ft machen in Aserbaidschan\u201d in Budapest Quelle: azertag.az<\/figcaption><\/figure>\n<p>W\u00e4hrend sich die Vorh\u00e4nge auf die aufschlussreichen Diskussionen st\u00fctzten, reisten die Teilnehmer mit erweiterten Perspektiven und neu gewonnenen Aussichten f\u00fcr eine fruchtbare Zusammenarbeit ab, wodurch die wirtschaftlichen Bindungen zwischen Aserbaidschan und Ungarn weiter gest\u00e4rkt wurden.<\/p>\n<p>Dar\u00fcber hinaus ist das B\u00fcro des Handelsgesandten Aserbaidschans f\u00fcr mitteleurop\u00e4ische L\u00e4nder seit 2017 t\u00e4tig und leitet die F\u00f6rderung von Nicht-\u00d6lexporten Aserbaidschans in Europa sowie die Anziehung ausl\u00e4ndischer Investitionen nach Aserbaidschan.<\/p>\n<p><strong>Lesen Sie auch:<\/strong><\/p>\n<ul>\n<li><a href=\"https:\/\/dailynewshungary.com\/de\/vorzeitige-prasidentschaftswahlen-in-aserbaidschan-vor-ort-bericht-mit-bildern\/\">Vorzeitige Pr\u00e4sidentschaftswahlen in Aserbaidschan \u2013 Vor-Ort-Bericht mit Bildern<\/a><\/li>\n<li><a href=\"https:\/\/dailynewshungary.com\/de\/austrittsumfrage-aliyev-gewinnt-die-prasidentschaftswahl-in-aserbaidschan-orban-gratuliert-zum-update\/\">Austrittsumfrage: Aliyev gewinnt die Pr\u00e4sidentschaftswahl in Aserbaidschan, Orb\u00e1n gratuliert zum UPDATE<\/a><\/li>\n<\/ul>\n","protected":false},"excerpt":{"rendered":"<p>Am 18. M\u00e4rz veranstaltete die pulsierende ungarische Hauptstadt ein hochkar\u00e4tiges Wirtschaftsforum, das sich mit dem Thema \u201cGesch\u00e4ft in Aserbaidschan machen\u201d befasste, das von der Botschaft der Republik Aserbaidschan in Ungarn und dem B\u00fcro des Handelsgesandten Aserbaidschans in mitteleurop\u00e4ischen L\u00e4ndern in Zusammenarbeit mit der ungarischen Exportf\u00f6rderungsagentur (HEPA) organisiert wurde und eine Plattform f\u00fcr aufschlussreiche Diskussionen und [&hellip;]<\/p>\n","protected":false},"author":33,"featured_media":664711,"comment_status":"open","ping_status":"open","sticky":false,"template":"","format":"standard","meta":{"_acf_changed":false,"_display_image":"","footnotes":""},"categories":[1281],"tags":[1237,1171,1343,1076],"class_list":["post-664710","post","type-post","status-publish","format-standard","has-post-thumbnail","hentry","category-geschaft","tag-aserbaidschan","tag-handel","tag-investitionen","tag-ungarn"],"blocksy_meta":[],"acf":[],"author_username":"ugyelet","telegram_post":"","public_post_metadata":{"breaking_news":"yes","important":"no","csempe":"no","center_tile":"no","disable_thumbnail":"no","target_lang":"","_featured_image_style":"","telegram_post":"","_xlat_group_id":""},"public_rank_math_data":{"title":"%title% %sep% %sitename%","description":"Am 18. M\u00e4rz veranstaltete die pulsierende ungarische Hauptstadt ein hochkar\u00e4tiges Wirtschaftsforum, das sich mit dem Thema \"Gesch\u00e4ft in Aserbaidschan machen\" besch\u00e4ftigte","focus_keyword":"Aserbaidschan","canonical_url":"","robots":"","primary_category":"1281","breadcrumb_title":"","facebook_title":"","facebook_description":"","facebook_image":"","facebook_image_id":"","twitter_title":"","twitter_description":"","twitter_image":"","twitter_image_id":"","twitter_card_type":"","twitter_use_facebook":"","advanced_robots":"","pillar_content":"","seo_score":"70","contentai_score":"","rich_snippet":""},"_links":{"self":[{"href":"https:\/\/dailynewshungary.com\/de\/wp-json\/wp\/v2\/posts\/664710","targetHints":{"allow":["GET"]}}],"collection":[{"href":"https:\/\/dailynewshungary.com\/de\/wp-json\/wp\/v2\/posts"}],"about":[{"href":"https:\/\/dailynewshungary.com\/de\/wp-json\/wp\/v2\/types\/post"}],"author":[{"embeddable":true,"href":"https:\/\/dailynewshungary.com\/de\/wp-json\/wp\/v2\/users\/33"}],"replies":[{"embeddable":true,"href":"https:\/\/dailynewshungary.com\/de\/wp-json\/wp\/v2\/comments?post=664710"}],"version-history":[{"count":0,"href":"https:\/\/dailynewshungary.com\/de\/wp-json\/wp\/v2\/posts\/664710\/revisions"}],"wp:featuredmedia":[{"embeddable":true,"href":"https:\/\/dailynewshungary.com\/de\/wp-json\/wp\/v2\/media\/664711"}],"wp:attachment":[{"href":"https:\/\/dailynewshungary.com\/de\/wp-json\/wp\/v2\/media?parent=664710"}],"wp:term":[{"taxonomy":"category","embeddable":true,"href":"https:\/\/dailynewshungary.com\/de\/wp-json\/wp\/v2\/categories?post=664710"},{"taxonomy":"post_tag","embeddable":true,"href":"https:\/\/dailynewshungary.com\/de\/wp-json\/wp\/v2\/tags?post=664710"}],"curies":[{"name":"wp","href":"https:\/\/api.w.org\/{rel}","templated":true}]}}