{"id":665119,"date":"2024-02-25T21:04:54","date_gmt":"2024-02-25T20:04:54","guid":{"rendered":"https:\/\/dailynewshungary.com\/de\/heute-ist-gedenktag-der-opfer-des-kommunismus-in-ungarn\/"},"modified":"2024-02-25T21:04:54","modified_gmt":"2024-02-25T20:04:54","slug":"heute-ist-gedenktag-der-opfer-des-kommunismus-in-ungarn","status":"publish","type":"post","link":"https:\/\/dailynewshungary.com\/de\/heute-ist-gedenktag-der-opfer-des-kommunismus-in-ungarn\/","title":{"rendered":"Heute ist Gedenktag der Opfer des Kommunismus in Ungarn"},"content":{"rendered":"<p><strong>Beamte gedachten am Sonntag des Gedenktages f\u00fcr die Opfer des Kommunismus.<\/strong><\/p>\n<p>Bei einer Zeremonie im Museum des Hauses des Terrors in Budapest sagte der Staatssekret\u00e4r des Innenministeriums, Bence Retvari, dass Gewalt ein grundlegender Aspekt des Kommunismus sei und \u201edie Linke in Bezug auf Gewalt immer wegschaut\u201c\u201d.<\/p>\n<p>\u201cDer rote Nebel ging erstmals 1919 \u00fcber unser Land\u201d und forderte mehr als 500 Opfer, laut einigen Quellen, sagte er.<\/p>\n<p>W\u00e4hrend der zweiten kommunistischen Diktatur seien 700.000-800.000 Menschen in Gulag-Lager gebracht worden, von denen 300.000 nie zur\u00fcckkehrten, sagte Retvari. Es seien eine Million Strafverfahren eingeleitet worden, bei denen haupts\u00e4chlich Angeh\u00f6rige der Bauernschaft und der Arbeiterklasse vor Gericht gestellt worden seien, f\u00fcgte er hinzu und w\u00fcrdigte damit die 1.200 Hingerichteten und die 200.000 Menschen, die 1956 aus dem Land geflohen seien.<\/p>\n<p>Gewalt sei ein grundlegender Aspekt des Kommunismus, sagte er und wies darauf hin, dass linksextreme Antifa-Gruppen vor einem Jahr Passanten auf den Stra\u00dfen Budapests angegriffen h\u00e4tten \u201eExtremisten denken, sie d\u00fcrfen auf Gewalt zur\u00fcckgreifen, um die Gesellschaftsordnung zu st\u00f6ren\u201csagte der Staatssekret\u00e4r.<\/p>\n<figure id=\"attachment_587772\" aria-describedby=\"caption-attachment-587772\" style=\"width: 1024px\" class=\"wp-caption aligncenter\"><img loading=\"lazy\" decoding=\"async\" class=\"size-full wp-image-587772\" src=\"https:\/\/contentf5.dailynewshungary.com\/wp-content\/uploads\/2024\/02\/Some-of-the-victims.jpg\" alt=\"Einige der Opfer\" width=\"1024\" height=\"683\" srcset=\"https:\/\/contentf5.dailynewshungary.com\/wp-content\/uploads\/2024\/02\/Some-of-the-victims.jpg 1024w, https:\/\/contentf5.dailynewshungary.com\/wp-content\/uploads\/2024\/02\/Some-of-the-victims-768x512.jpg 768w, https:\/\/contentf5.dailynewshungary.com\/wp-content\/uploads\/2024\/02\/Some-of-the-victims-333x222.jpg 333w, https:\/\/contentf5.dailynewshungary.com\/wp-content\/uploads\/2024\/02\/Some-of-the-victims-248x165.jpg 248w, https:\/\/contentf5.dailynewshungary.com\/wp-content\/uploads\/2024\/02\/Some-of-the-victims-112x75.jpg 112w, https:\/\/contentf5.dailynewshungary.com\/wp-content\/uploads\/2024\/02\/Some-of-the-victims-480x320.jpg 480w\" sizes=\"auto, (max-width: 1024px) 100vw, 1024px\"><figcaption id=\"caption-attachment-587772\" class=\"wp-caption-text\">Einige Fotos der Opfer im Haus des Terrors in Budapest Foto: MTI<\/figcaption><\/figure>\n<p>Er sagte, wenn es den Kommunisten nicht gel\u00e4nge, die Macht an sich zu rei\u00dfen, \u201cversuchen sie, einen Umweg zu machen, indem sie zun\u00e4chst die ideologische Macht ergreifen\u201d Man m\u00fcsse an die Opfer des Kommunismus erinnern, damit die Geschichte \u201cin unserer mitteleurop\u00e4ischen DNA verwurzelt wird, und um die Westeurop\u00e4er zu warnen, dass linksextreme Ideen abgelehnt werden m\u00fcssen\u201d, f\u00fcgte er hinzu.<\/p>\n<p>Retvari sagte, bestimmte Politiker neigten dazu, \u201cin die andere Richtung zu schauen\u201d, wenn es um Antifa-Angriffe ging oder wenn andere Politiker Gewalt anwenden.<\/p>\n<p>Die Gem\u00e4\u00dfigten lehnen Gewalt ab, und diejenigen, die sie verteidigen, seien immer extremistische politische Kr\u00e4fte, sagte er.<\/p>\n<p>M\u00e1ria Schmidt, die Direktorin des Museums des Hauses des Terrors, sagte, diejenigen, die w\u00e4hrend der Wende 1989-90 geboren wurden und jetzt selbst Eltern sind, h\u00e4tten die Pflicht, ihren Kindern ihr Wissen dar\u00fcber weiterzugeben, wie ihre Gro\u00dfeltern und Urgro\u00dfeltern lebten.<\/p>\n<p>Sie sagte, das sei nicht einfach, denn einige h\u00e4tten immer noch ein Interesse daran, Kinder davon abzuhalten, die Wahrheit \u00fcber kommunistische Diktaturen zu erfahren. Der Gedenktag sei notwendig, um die Wahrheit \u00fcber die Trag\u00f6die der kommunistischen Diktatur immer wieder zu wiederholen, f\u00fcgte sie hinzu.<\/p>\n<p>Reka F\u00f6ldv\u00e1ry Kiss, die Leiterin des Nationalen Gedenkkomitees, sagte, es gehe beim Gedenktag nicht nur um die pers\u00f6nliche Trag\u00f6die der unabh\u00e4ngigen Kleinbauernpolitikerin B\u00e9la Kov\u00e1cs, die 1947 verhaftet und in die Sowjetunion deportiert wurde, sondern auch um die Konfrontation mit der Tatsache, dass, wenn Kommunisten an die Macht kommen, am Ende jeder ein Opfer werden kann.<\/p>\n<p>F\u00f6ldv\u00e1ry Kiss, J\u00e1nos Latorcai, stellvertretender Parlamentspr\u00e4sident, L\u00e1szl\u00f3 G\u00e9za S\u00f6mj\u00e9ni, Leiter der Freedom Fighters Foundation, und Csongor Cs\u00e1ky, Leiter der R\u00e1k\u00f3czi-Vereinigung, legten einen Kranz am Denkmal der Nationalm\u00e4rtyrer nieder.<\/p>\n<p>Gem\u00e4\u00df einem Parlamentsbeschluss wird der 25. Februar seit 2000 als Gedenktag der M\u00e4rtyrer des Kommunismus begangen, an diesem Tag im Jahr 1947 wurde die Vorsitzende der Unabh\u00e4ngigen Kleinbauernpartei B\u00e9la Kov\u00e1cs illegal festgenommen und in die Sowjetunion deportiert.<\/p>\n<p><strong>Lesen Sie auch:<\/strong><\/p>\n<ul>\n<li>Orb\u00e1n erlaubt keine Offenlegung der ehemaligen ungarischen kommunistischen Staatsagenten \u2013 Lesen Sie mehr <a href=\"https:\/\/dailynewshungary.com\/de\/orban-erlaubt-keine-offenlegung-der-ehemaligen-ungarischen-kommunistischen-staatsagenten\/\"><strong>HIER<\/strong><\/a><\/li>\n<li>Russische Medien: Revolution von 1956 in Ungarn, organisiert von westlichen M\u00e4chten \u2013 Einzelheiten in <a href=\"https:\/\/dailynewshungary.com\/de\/russische-medien-1956-von-westmachten-organisierte-revolution-in-ungarn\/\"><strong>DIESES<\/strong> <\/a>Artikel<\/li>\n<\/ul>\n","protected":false},"excerpt":{"rendered":"<p>Beamte gedachten am Sonntag des Gedenktages f\u00fcr die Opfer des Kommunismus. Bei einer Zeremonie im Museum des Hauses des Terrors in Budapest sagte der Staatssekret\u00e4r des Innenministeriums, Bence Retvari, dass Gewalt ein grundlegender Aspekt des Kommunismus sei und \u201edie Linke in Bezug auf Gewalt immer wegschaut\u201c\u201d. \u201cDer rote Nebel ging erstmals 1919 \u00fcber unser Land\u201d [&hellip;]<\/p>\n","protected":false},"author":50,"featured_media":665120,"comment_status":"open","ping_status":"open","sticky":false,"template":"","format":"standard","meta":{"_acf_changed":false,"_display_image":"","footnotes":""},"categories":[1081],"tags":[1144,2178,1126],"class_list":["post-665119","post","type-post","status-publish","format-standard","has-post-thumbnail","hentry","category-politik","tag-gedenken","tag-kommunismus","tag-ungarische-geschichte"],"blocksy_meta":[],"acf":[],"author_username":"dnh","telegram_post":"","public_post_metadata":{"breaking_news":"yes","important":"no","csempe":"no","center_tile":"no","disable_thumbnail":"no","target_lang":"","_featured_image_style":"","telegram_post":"","_xlat_group_id":""},"public_rank_math_data":{"title":"%title% %sep% %sitename%","description":"Beamte gedachten am Sonntag des Gedenktages f\u00fcr die Opfer des KommunismusHier ist, was sie \u00fcber den Kommunismus gesagt haben","focus_keyword":"Kommunismus","canonical_url":"","robots":"","primary_category":"1081","breadcrumb_title":"","facebook_title":"","facebook_description":"","facebook_image":"","facebook_image_id":"","twitter_title":"","twitter_description":"","twitter_image":"","twitter_image_id":"","twitter_card_type":"","twitter_use_facebook":"","advanced_robots":"","pillar_content":"","seo_score":"65","contentai_score":"","rich_snippet":""},"_links":{"self":[{"href":"https:\/\/dailynewshungary.com\/de\/wp-json\/wp\/v2\/posts\/665119","targetHints":{"allow":["GET"]}}],"collection":[{"href":"https:\/\/dailynewshungary.com\/de\/wp-json\/wp\/v2\/posts"}],"about":[{"href":"https:\/\/dailynewshungary.com\/de\/wp-json\/wp\/v2\/types\/post"}],"author":[{"embeddable":true,"href":"https:\/\/dailynewshungary.com\/de\/wp-json\/wp\/v2\/users\/50"}],"replies":[{"embeddable":true,"href":"https:\/\/dailynewshungary.com\/de\/wp-json\/wp\/v2\/comments?post=665119"}],"version-history":[{"count":0,"href":"https:\/\/dailynewshungary.com\/de\/wp-json\/wp\/v2\/posts\/665119\/revisions"}],"wp:featuredmedia":[{"embeddable":true,"href":"https:\/\/dailynewshungary.com\/de\/wp-json\/wp\/v2\/media\/665120"}],"wp:attachment":[{"href":"https:\/\/dailynewshungary.com\/de\/wp-json\/wp\/v2\/media?parent=665119"}],"wp:term":[{"taxonomy":"category","embeddable":true,"href":"https:\/\/dailynewshungary.com\/de\/wp-json\/wp\/v2\/categories?post=665119"},{"taxonomy":"post_tag","embeddable":true,"href":"https:\/\/dailynewshungary.com\/de\/wp-json\/wp\/v2\/tags?post=665119"}],"curies":[{"name":"wp","href":"https:\/\/api.w.org\/{rel}","templated":true}]}}