{"id":665458,"date":"2024-02-16T21:15:10","date_gmt":"2024-02-16T20:15:10","guid":{"rendered":"https:\/\/dailynewshungary.com\/de\/fotos-massendemonstration-auf-dem-budapester-heldenplatz-mit-150-tausend-teilnehmern-aktualisiert\/"},"modified":"2024-02-16T21:15:10","modified_gmt":"2024-02-16T20:15:10","slug":"fotos-massendemonstration-auf-dem-budapester-heldenplatz-mit-150-tausend-teilnehmern-aktualisiert","status":"publish","type":"post","link":"https:\/\/dailynewshungary.com\/de\/fotos-massendemonstration-auf-dem-budapester-heldenplatz-mit-150-tausend-teilnehmern-aktualisiert\/","title":{"rendered":"FOTOS: Massendemonstration auf dem Budapester Heldenplatz mit 150 Tausend Teilnehmern \u2013 AKTUALISIERT"},"content":{"rendered":"<p><strong>B\u00fcrgergruppen organisierten am Freitagabend auf dem Heldenplatz in der Innenstadt von Budapest eine Demonstration zur Unterst\u00fctzung von Opfern von Kindesmissbrauch und f\u00fcr \u201eeine gesunde Gesellschaft\u201c.<\/strong><\/p>\n<p>Die Demonstration wurde von Online-Content-Erstellern organisiert und sagte, sie hielten es f\u00fcr wichtig, sich f\u00fcr den Schutz der Opfer, Transparenz, menschlichen Anstand und einen ehrlichen sozialen Dialog einzusetzen.<\/p>\n<p>Der Aktivist M\u00e1rton Guly\u00e1s vom YouTube-Kanal Partiz\u00e1n dankte den Teilnehmern der Demonstration f\u00fcr ihr Eintreten f\u00fcr die Opfer und eine Kinderschutzreform.<\/p>\n<p>Influencer Zsolt Osv\u00e1th vom Sender ZSHOW Time, der erw\u00e4hnte, dass auch er in einem Kinderheim aufgewachsen sei, sagte, er wolle das Bewusstsein f\u00fcr \u201esystemische Probleme\u201cerheben, von denen der Gnadenfall nur die Spitze des Eisbergs ist\u201d. Er sagte, ein Institut werde niemals in der Lage sein, die L\u00fccke zu f\u00fcllen, die durch die Abwesenheit einer Familie entstanden sei, aber der Staat m\u00fcsse alles tun, um diese Abwesenheit abzumildern.<\/p>\n<p><strong>AKTUALISIEREN 1<\/strong><\/p>\n<p>Nach <a href=\"https:\/\/www.szeretlekmagyarorszag.hu\/cimlapfotok\/a-legerosebb-kepek-a-penteki-gyerekvedelmi-tuntetesrol-50-ezren-gyultek-ossze-a-hosok-teren\/\" target=\"_blank\" rel=\"noopener\"><strong>Szeretlek Magyarorsz\u00e1g<\/strong><\/a>50 Tausend Menschen nahmen an der Demonstration teil, wenn das stimmt, ist es der gr\u00f6\u00dfte Protest seit der Demonstration f\u00fcr die Abschaffung des sogenannten Internetsteuervorschlags des Kabinetts Orb\u00e1n.<\/p>\n<p><strong>AKTUALISIERUNG 2<\/strong><\/p>\n<p>Die <a href=\"https:\/\/www.instagram.com\/bantottak\/\" target=\"_blank\" rel=\"noopener\"><strong>Organisatoren<\/strong> <\/a>In einem Instagram-Post hie\u00df es, dass gestern Abend mindestens 150 Tausend Menschen auf dem Heldenplatz warenHier der Beitrag:<\/p>\n<blockquote class=\"instagram-media\" style=\"background: #FFF; border: 0; border-radius: 3px; box-shadow: 0 0 1px 0 rgba(0,0,0,0.5),0 1px 10px 0 rgba(0,0,0,0.15); margin: 1px; max-width: 540px; min-width: 326px; padding: 0; width: calc(100% - 2px);\" data-instgrm-captioned=\"\" data-instgrm-permalink=\"https:\/\/www.instagram.com\/p\/C3coWs1oQ1J\/?utm_source=ig_embed&amp;utm_campaign=loading\" data-instgrm-version=\"14\">\n<div style=\"padding: 16px;\">\n<p>&nbsp;<\/p>\n<div style=\"display: flex; flex-direction: row; align-items: center;\">\n<div style=\"background-color: #f4f4f4; border-radius: 50%; flex-grow: 0; height: 40px; margin-right: 14px; width: 40px;\"><\/div>\n<div style=\"display: flex; flex-direction: column; flex-grow: 1; justify-content: center;\">\n<div style=\"background-color: #f4f4f4; border-radius: 4px; flex-grow: 0; height: 14px; margin-bottom: 6px; width: 100px;\"><\/div>\n<div style=\"background-color: #f4f4f4; border-radius: 4px; flex-grow: 0; height: 14px; width: 60px;\"><\/div>\n<\/div>\n<\/div>\n<div style=\"padding: 19% 0;\"><\/div>\n<div style=\"display: block; height: 50px; margin: 0 auto 12px; width: 50px;\"><\/div>\n<div style=\"padding-top: 8px;\">\n<div style=\"color: #3897f0; font-family: Arial,sans-serif; font-size: 14px; font-style: normal; font-weight: 550; line-height: 18px;\">Ein bejegizedes megtekintese az Instagramon<\/div>\n<\/div>\n<div style=\"padding: 12.5% 0;\"><\/div>\n<div style=\"display: flex; flex-direction: row; margin-bottom: 14px; align-items: center;\">\n<div>\n<div style=\"background-color: #f4f4f4; border-radius: 50%; height: 12.5px; width: 12.5px; transform: translateX(0px) translateY(7px);\"><\/div>\n<div style=\"background-color: #f4f4f4; height: 12.5px; transform: rotate(-45deg) translateX(3px) translateY(1px); width: 12.5px; flex-grow: 0; margin-right: 14px; margin-left: 2px;\"><\/div>\n<div style=\"background-color: #f4f4f4; border-radius: 50%; height: 12.5px; width: 12.5px; transform: translateX(9px) translateY(-18px);\"><\/div>\n<\/div>\n<div style=\"margin-left: 8px;\">\n<div style=\"background-color: #f4f4f4; border-radius: 50%; flex-grow: 0; height: 20px; width: 20px;\"><\/div>\n<div style=\"width: 0; height: 0; border-top: 2px solid transparent; border-left: 6px solid #f4f4f4; border-bottom: 2px solid transparent; transform: translateX(16px) translateY(-4px) rotate(30deg);\"><\/div>\n<\/div>\n<div style=\"margin-left: auto;\">\n<div style=\"width: 0px; border-top: 8px solid #F4F4F4; border-right: 8px solid transparent; transform: translateY(16px);\"><\/div>\n<div style=\"background-color: #f4f4f4; flex-grow: 0; height: 12px; width: 16px; transform: translateY(-4px);\"><\/div>\n<div style=\"width: 0; height: 0; border-top: 8px solid #F4F4F4; border-left: 8px solid transparent; transform: translateY(-4px) translateX(8px);\"><\/div>\n<\/div>\n<\/div>\n<div style=\"display: flex; flex-direction: column; flex-grow: 1; justify-content: center; margin-bottom: 24px;\">\n<div style=\"background-color: #f4f4f4; border-radius: 4px; flex-grow: 0; height: 14px; margin-bottom: 6px; width: 224px;\"><\/div>\n<div style=\"background-color: #f4f4f4; border-radius: 4px; flex-grow: 0; height: 14px; width: 144px;\"><\/div>\n<\/div>\n<p>&nbsp;<\/p>\n<p style=\"color: #c9c8cd; font-family: Arial,sans-serif; font-size: 14px; line-height: 17px; margin-bottom: 0; margin-top: 8px; overflow: hidden; padding: 8px 0 7px; text-align: center; text-overflow: ellipsis; white-space: nowrap;\"><a style=\"color: #c9c8cd; font-family: Arial,sans-serif; font-size: 14px; font-style: normal; font-weight: normal; line-height: 17px; text-decoration: none;\" href=\"https:\/\/www.instagram.com\/p\/C3coWs1oQ1J\/?utm_source=ig_embed&amp;utm_campaign=loading\" target=\"_blank\" rel=\"noopener\">B\u00e1ntottak.hu (@bantottak) \u00e1ltal Megosztott Bejegis\u00e9s<\/a><\/p>\n<\/div>\n<\/blockquote>\n<p><script async=\"\" src=\"\/\/www.instagram.com\/embed.js\"><\/script><\/p>\n<p><strong>AKTUALISIEREN Sie weitere Reden<\/strong><\/p>\n<p>YouTuber M\u00e1rton Szab\u00f3 fragte, was die Regierung tun w\u00fcrde, um sicherzustellen, dass Kinder in Heimunterbringung unter humanen Bedingungen aufwachsen, um sicherzustellen, dass sie eine qualitativ hochwertige Ausbildung erhalten, und um sicherzustellen, dass sie im Falle eines Missbrauchs einen Ort haben, an den sie sich wenden k\u00f6nnen.<\/p>\n<p>S\u00e4ngerin Azahriah (Attila Bauk\u00f3) ging in einer Videobotschaft auf das Ereignis ein und sagte, dass die Regierung \u201cdie Sorge der Eltern nutzt, um gegen etwas aufzuhetzen, das dann in politischen Gewinn umgewandelt wird\u201d.<\/p>\n<p>Er forderte die Verbesserung der Sicherheit von Kindern \u201cEs ist Zeit aufzuwachen\u201d, sagte er und rief zu Ver\u00e4nderung durch Zusammengehen auf.<\/p>\n<h2>Menschen, die Kinder missbrauchen, sollen \u201cin St\u00fccke geschnitten\u201d werden<\/h2>\n<p>Orsi Tapaszt\u00f3, Sch\u00f6pferin digitaler Inhalte, die als Adoptiveltern sprach, sagte, dass in Ungarn etwa 7.000 Kinder in Kinderheimen lebten, von denen die meisten nie von einer Familie aufgenommen w\u00fcrden. Sie dankte den Heimlehrern der Kinder daf\u00fcr, dass sie den Kindern das Lieben beigebracht und ihnen die F\u00e4higkeit zum Vertrauen zur\u00fcckgegeben haben Sie forderte die Entscheidungstr\u00e4ger auf, daf\u00fcr zu sorgen, dass alle Kinder in Heimunterbringung in Sicherheit leben k\u00f6nnen.<\/p>\n<p>Influencerin Eszter Fancsikai sagte, sie stimme mit dem Premierminister darin \u00fcberein, dass Menschen, die Kinder missbrauchen, \u201cin St\u00fccke geschnitten\u201d werden sollten, aber wenn sie das als Mutter t\u00e4te, w\u00fcrde das als Selbstjustiz gelten Deshalb brauche es echten Kinderschutz und ein gut funktionierendes Rechtssystem, f\u00fcgte sie hinzu.<\/p>\n<p>YouTuberin Edina Pottyondy, ehemaliges Vorstandsmitglied der Momentum-Partei, kritisierte das Fehlen einer unabh\u00e4ngigen Untersuchung der Entscheidung hinter der Begnadigung des Pr\u00e4sidenten. Sie sagte, echter Kinderschutz sei die Verbesserung der Bildung, des Sozial- und Gesundheitssektors sowie der Kinderschutzbeh\u00f6rden Sie forderte ein Kinderschutzgesetz, das Opfer sch\u00fctzt.<\/p>\n<p>\u201cDiese Demonstration wird die Welt nicht ver\u00e4ndern, aber sie kann die Mentalit\u00e4t der Menschen ver\u00e4ndern\u201d, sagte sie.<\/p>\n<p><strong>Lesen Sie auch:<\/strong><\/p>\n<ul>\n<li>Massendemonstration in Budapest Innenstadt: Verkehr, \u00f6ffentliche Verkehrsmittel \u00e4ndern sich \u2013 Weiterlesen <a href=\"https:\/\/dailynewshungary.com\/de\/massendemonstration-in-budapest-innenstadt-verkehr-offentliche-verkehrsmittel-andern-sich\/\"><strong>HIER<\/strong><\/a><\/li>\n<\/ul>\n<p><strong>Hier einige Fotos:<\/strong><\/p>\n<div id=\"gallery-3\" class=\"gallery galleryid-586646 gallery-columns-3 gallery-size-thumbnail\">\n<figure class=\"gallery-item\">\n<div class=\"gallery-icon landscape\">\n\t\t\t\t<a href=\"https:\/\/dailynewshungary.com\/de\/fotos-massendemonstration-auf-dem-budapester-heldenplatz-mit-150-tausend-teilnehmern-aktualisiert\/\"><img loading=\"lazy\" decoding=\"async\" width=\"267\" height=\"200\" src=\"https:\/\/contentf5.dailynewshungary.com\/wp-content\/uploads\/2024\/02\/Mass-protest-in-Budapest1.jpg\" class=\"attachment-thumbnail size-thumbnail\" alt=\"Massenprotest in Budapest\" aria-describedby=\"gallery-3-586674\" srcset=\"https:\/\/contentf5.dailynewshungary.com\/wp-content\/uploads\/2024\/02\/Mass-protest-in-Budapest1.jpg 1024w, https:\/\/contentf5.dailynewshungary.com\/wp-content\/uploads\/2024\/02\/Mass-protest-in-Budapest1-768x576.jpg 768w, https:\/\/contentf5.dailynewshungary.com\/wp-content\/uploads\/2024\/02\/Mass-protest-in-Budapest1-296x222.jpg 296w, https:\/\/contentf5.dailynewshungary.com\/wp-content\/uploads\/2024\/02\/Mass-protest-in-Budapest1-100x75.jpg 100w, https:\/\/contentf5.dailynewshungary.com\/wp-content\/uploads\/2024\/02\/Mass-protest-in-Budapest1-960x720.jpg 960w, https:\/\/contentf5.dailynewshungary.com\/wp-content\/uploads\/2024\/02\/Mass-protest-in-Budapest1-1020x768.jpg 1020w, https:\/\/contentf5.dailynewshungary.com\/wp-content\/uploads\/2024\/02\/Mass-protest-in-Budapest1-480x360.jpg 480w\" sizes=\"auto, (max-width: 267px) 100vw, 267px\"><\/a>\n\t\t\t<\/div><figcaption class=\"wp-caption-text gallery-caption\" id=\"gallery-3-586674\">\n\t\t\t\tFoto: Emma Kusnyerik\/DNH<br \/>\n\t\t\t\t<\/figcaption><\/figure>\n<figure class=\"gallery-item\">\n<div class=\"gallery-icon landscape\">\n\t\t\t\t<a href=\"https:\/\/dailynewshungary.com\/de\/fotos-massendemonstration-auf-dem-budapester-heldenplatz-mit-150-tausend-teilnehmern-aktualisiert\/\"><img loading=\"lazy\" decoding=\"async\" width=\"267\" height=\"200\" src=\"https:\/\/contentf5.dailynewshungary.com\/wp-content\/uploads\/2024\/02\/Mass-protest-in-Budapest2.jpg\" class=\"attachment-thumbnail size-thumbnail\" alt=\"Massenprotest in Budapest\" aria-describedby=\"gallery-3-586675\" srcset=\"https:\/\/contentf5.dailynewshungary.com\/wp-content\/uploads\/2024\/02\/Mass-protest-in-Budapest2.jpg 1024w, https:\/\/contentf5.dailynewshungary.com\/wp-content\/uploads\/2024\/02\/Mass-protest-in-Budapest2-768x576.jpg 768w, https:\/\/contentf5.dailynewshungary.com\/wp-content\/uploads\/2024\/02\/Mass-protest-in-Budapest2-296x222.jpg 296w, https:\/\/contentf5.dailynewshungary.com\/wp-content\/uploads\/2024\/02\/Mass-protest-in-Budapest2-100x75.jpg 100w, https:\/\/contentf5.dailynewshungary.com\/wp-content\/uploads\/2024\/02\/Mass-protest-in-Budapest2-960x720.jpg 960w, https:\/\/contentf5.dailynewshungary.com\/wp-content\/uploads\/2024\/02\/Mass-protest-in-Budapest2-1020x768.jpg 1020w, https:\/\/contentf5.dailynewshungary.com\/wp-content\/uploads\/2024\/02\/Mass-protest-in-Budapest2-480x360.jpg 480w\" sizes=\"auto, (max-width: 267px) 100vw, 267px\"><\/a>\n\t\t\t<\/div><figcaption class=\"wp-caption-text gallery-caption\" id=\"gallery-3-586675\">\n\t\t\t\tFoto: Emma Kusnyerik\/DNH<br \/>\n\t\t\t\t<\/figcaption><\/figure>\n<figure class=\"gallery-item\">\n<div class=\"gallery-icon landscape\">\n\t\t\t\t<a href=\"https:\/\/dailynewshungary.com\/de\/fotos-massendemonstration-auf-dem-budapester-heldenplatz-mit-150-tausend-teilnehmern-aktualisiert\/\"><img loading=\"lazy\" decoding=\"async\" width=\"267\" height=\"200\" src=\"https:\/\/contentf5.dailynewshungary.com\/wp-content\/uploads\/2024\/02\/Mass-protest-in-Budapest3.jpg\" class=\"attachment-thumbnail size-thumbnail\" alt=\"Massenprotest in Budapest\" aria-describedby=\"gallery-3-586676\" srcset=\"https:\/\/contentf5.dailynewshungary.com\/wp-content\/uploads\/2024\/02\/Mass-protest-in-Budapest3.jpg 1024w, https:\/\/contentf5.dailynewshungary.com\/wp-content\/uploads\/2024\/02\/Mass-protest-in-Budapest3-768x576.jpg 768w, https:\/\/contentf5.dailynewshungary.com\/wp-content\/uploads\/2024\/02\/Mass-protest-in-Budapest3-296x222.jpg 296w, https:\/\/contentf5.dailynewshungary.com\/wp-content\/uploads\/2024\/02\/Mass-protest-in-Budapest3-100x75.jpg 100w, https:\/\/contentf5.dailynewshungary.com\/wp-content\/uploads\/2024\/02\/Mass-protest-in-Budapest3-960x720.jpg 960w, https:\/\/contentf5.dailynewshungary.com\/wp-content\/uploads\/2024\/02\/Mass-protest-in-Budapest3-1020x768.jpg 1020w, https:\/\/contentf5.dailynewshungary.com\/wp-content\/uploads\/2024\/02\/Mass-protest-in-Budapest3-480x360.jpg 480w\" sizes=\"auto, (max-width: 267px) 100vw, 267px\"><\/a>\n\t\t\t<\/div><figcaption class=\"wp-caption-text gallery-caption\" id=\"gallery-3-586676\">\n\t\t\t\tFoto: Emma Kusnyerik\/DNH<br \/>\n\t\t\t\t<\/figcaption><\/figure>\n<\/p><\/div>\n<p><iframe loading=\"lazy\" style=\"border: none; overflow: hidden;\" src=\"https:\/\/www.facebook.com\/plugins\/post.php?href=https%3A%2F%2Fwww.facebook.com%2Fapafia.hu%2Fposts%2Fpfbid027pyVpy9y7WUtW4q3D8PxPMdViShNQB7wpXhNrBpQpdmgLg39xBsG9S82N5fDHGuml&amp;show_text=false&amp;width=500\" width=\"500\" height=\"273\" frameborder=\"0\" scrolling=\"no\" allowfullscreen=\"allowfullscreen\"><\/iframe><\/p>\n<p><iframe loading=\"lazy\" style=\"border: none; overflow: hidden;\" src=\"https:\/\/www.facebook.com\/plugins\/post.php?href=https%3A%2F%2Fwww.facebook.com%2Fapafia.hu%2Fposts%2Fpfbid02N1eu4Rw8gPNnx9TVZV5bYFE3dR5RYsY9zw9st2AKXvpot9bEFBBYWHZcTLT9CQSbl&amp;show_text=true&amp;width=500\" width=\"500\" height=\"616\" frameborder=\"0\" scrolling=\"no\" allowfullscreen=\"allowfullscreen\"><\/iframe><\/p>\n","protected":false},"excerpt":{"rendered":"<p>B\u00fcrgergruppen organisierten am Freitagabend auf dem Heldenplatz in der Innenstadt von Budapest eine Demonstration zur Unterst\u00fctzung von Opfern von Kindesmissbrauch und f\u00fcr \u201eeine gesunde Gesellschaft\u201c. Die Demonstration wurde von Online-Content-Erstellern organisiert und sagte, sie hielten es f\u00fcr wichtig, sich f\u00fcr den Schutz der Opfer, Transparenz, menschlichen Anstand und einen ehrlichen sozialen Dialog einzusetzen. Der Aktivist [&hellip;]<\/p>\n","protected":false},"author":50,"featured_media":665459,"comment_status":"open","ping_status":"open","sticky":false,"template":"","format":"standard","meta":{"_acf_changed":false,"_display_image":"yes","footnotes":""},"categories":[1098],"tags":[1266,1165,1502,1403],"class_list":["post-665458","post","type-post","status-publish","format-standard","has-post-thumbnail","hentry","category-gesellschaft","tag-demonstration","tag-familie","tag-kinder","tag-knospeteppich"],"blocksy_meta":[],"acf":[],"author_username":"dnh","telegram_post":"","public_post_metadata":{"breaking_news":"yes","important":"no","csempe":"no","center_tile":"no","disable_thumbnail":"no","target_lang":"","_featured_image_style":"hidden","telegram_post":"","_xlat_group_id":""},"public_rank_math_data":{"title":"%title% %sep% %sitename%","description":"Zivilgruppen organisierten eine Demonstration zur Unterst\u00fctzung von Opfern von Kindesmissbrauch und f\u00fcr \u201eeine gesunde Gesellschaft\" auf dem Heldenplatz in der Innenstadt von Budapest","focus_keyword":"Budapest","canonical_url":"","robots":"","primary_category":"1098","breadcrumb_title":"","facebook_title":"","facebook_description":"","facebook_image":"","facebook_image_id":"","twitter_title":"","twitter_description":"","twitter_image":"","twitter_image_id":"","twitter_card_type":"","twitter_use_facebook":"","advanced_robots":"","pillar_content":"","seo_score":"68","contentai_score":"","rich_snippet":""},"_links":{"self":[{"href":"https:\/\/dailynewshungary.com\/de\/wp-json\/wp\/v2\/posts\/665458","targetHints":{"allow":["GET"]}}],"collection":[{"href":"https:\/\/dailynewshungary.com\/de\/wp-json\/wp\/v2\/posts"}],"about":[{"href":"https:\/\/dailynewshungary.com\/de\/wp-json\/wp\/v2\/types\/post"}],"author":[{"embeddable":true,"href":"https:\/\/dailynewshungary.com\/de\/wp-json\/wp\/v2\/users\/50"}],"replies":[{"embeddable":true,"href":"https:\/\/dailynewshungary.com\/de\/wp-json\/wp\/v2\/comments?post=665458"}],"version-history":[{"count":0,"href":"https:\/\/dailynewshungary.com\/de\/wp-json\/wp\/v2\/posts\/665458\/revisions"}],"wp:featuredmedia":[{"embeddable":true,"href":"https:\/\/dailynewshungary.com\/de\/wp-json\/wp\/v2\/media\/665459"}],"wp:attachment":[{"href":"https:\/\/dailynewshungary.com\/de\/wp-json\/wp\/v2\/media?parent=665458"}],"wp:term":[{"taxonomy":"category","embeddable":true,"href":"https:\/\/dailynewshungary.com\/de\/wp-json\/wp\/v2\/categories?post=665458"},{"taxonomy":"post_tag","embeddable":true,"href":"https:\/\/dailynewshungary.com\/de\/wp-json\/wp\/v2\/tags?post=665458"}],"curies":[{"name":"wp","href":"https:\/\/api.w.org\/{rel}","templated":true}]}}