{"id":665903,"date":"2024-02-04T12:34:38","date_gmt":"2024-02-04T11:34:38","guid":{"rendered":"https:\/\/dailynewshungary.com\/de\/in-ungarn-ansassige-fuhrungskrafte-tragen-zur-diskussion-uber-frieden-und-nachhaltigkeit-beim-global-world-symposium-von-unity-earth-bei\/"},"modified":"2024-02-04T12:34:38","modified_gmt":"2024-02-04T11:34:38","slug":"in-ungarn-ansassige-fuhrungskrafte-tragen-zur-diskussion-uber-frieden-und-nachhaltigkeit-beim-global-world-symposium-von-unity-earth-bei","status":"publish","type":"post","link":"https:\/\/dailynewshungary.com\/de\/in-ungarn-ansassige-fuhrungskrafte-tragen-zur-diskussion-uber-frieden-und-nachhaltigkeit-beim-global-world-symposium-von-unity-earth-bei\/","title":{"rendered":"In Ungarn ans\u00e4ssige F\u00fchrungskr\u00e4fte tragen zur Diskussion \u00fcber Frieden und Nachhaltigkeit beim Global World Symposium von UNITY EARTH bei"},"content":{"rendered":"<p><strong>Am 9. Februar sprechen Alessandro Farina und Giacomo Pedranzini, zwei in Ungarn ans\u00e4ssige, bekannte italienische Unternehmer, auf der \u201c\u00fcber globalen Frieden und Nachhaltigkeit<a href=\"https:\/\/unity.earth\/symposium-2024\/\" target=\"_blank\" rel=\"noopener\"><i>Die heilige Mission der Menschheit erwecken<\/i><\/a>\u201cOnline-Symposium\u201d Dieses 3-t\u00e4gige, internationale, Online-Forum ist eine Initiative, um Intellektuelle, Aktivisten und Ver\u00e4nderer zusammenzubringen, um Wissen auszutauschen und sich gegenseitig zu inspirieren, f\u00fcr eine bessere Zukunft zu handeln.<\/strong><\/p>\n<p><a href=\"https:\/\/unity.earth\/\" target=\"_blank\" rel=\"noopener\">EINHEIT ERDE<\/a>\u2018s Symposium basiert auf der Vision eines hoch anerkannten ungarischen Philosophen, Professor Ervin L\u00e1szl\u00f3 (Gr\u00fcnder des Club of Budapest und auch prominenter Unterst\u00fctzer von Atlas World), mit dem Titel \u2018Awakening Humanity&#8217;s Sacred Mission\u2019 W\u00e4hrend der Veranstaltung k\u00f6nnen sich bewusste Organisationen und Einzelpersonen aus der ganzen Welt versammeln, um die n\u00e4chsten Schritte in evolution\u00e4rer Nachhaltigkeit und Frieden zu erkunden, um gemeinsam ein gr\u00f6\u00dferes Wohl zu erreichen Alessandro Farina, Gr\u00fcnder von <a href=\"https:\/\/itlgroup.hu\/hu\/\" target=\"_blank\" rel=\"noopener\">ITL-Gruppe<\/a> und die <a href=\"https:\/\/atlasworld.hu\/\" target=\"_blank\" rel=\"noopener\">Atlaswelt<\/a> Initiative und Giacomo Pedranzini, Gr\u00fcnder von <a href=\"https:\/\/www.kometa.hu\/\" target=\"_blank\" rel=\"noopener\">Kometa 99<\/a>, und der Gewinner des <a href=\"https:\/\/atlasworld.hu\/award\/\" target=\"_blank\" rel=\"noopener\">Atlas Award 2023<\/a> Beide wurden als Redner zu diesem inspirierenden Forum eingeladen, um \u00fcber bewusstes Unternehmertum f\u00fcr eine bessere Zukunft zu sprechen.<\/p>\n<p>Registrieren Sie sich hier, um zwischen dem 9. und 11. Februar an dieser kostenlosen Online-Veranstaltung teilzunehmen und daran teilzunehmen <a href=\"https:\/\/unity.earth\/symposium-2024\/\" target=\"_blank\" rel=\"noopener\">Globalen Bewegung<\/a>.<\/p>\n<p>UNITY EARTH ist ein globales Netzwerk, das sich der F\u00f6rderung von Einheit und Frieden auf der Erde widmet. In den letzten zwei Jahren haben sie zwei erfolgreiche Online-Symposien organisiert, bei denen Organisationen und Einzelpersonen aus der ganzen Welt zusammenkamen, um \u00fcber die Zukunft evolution\u00e4rer Organisationen und die Zukunft der Menschheit zu diskutieren.2024 heben sie das Symposium auf, indem sie es zu einer Gemeinschaftsveranstaltung mit zahlreichen globalen Partnerorganisationen machen. Das Thema dieses Jahres lautet: \u201eDie heilige Mission der Menschheit erwecken\u201cdie Vision von Prof. Ervin L\u00e1szl\u00f3.<\/p>\n<p>Prof. Ervin L\u00e1szl\u00f3 ist ein vielschichtiger Mensch, Pianist, Philosoph, systemischer Wissenschaftler und Autor von fast hundert B\u00fcchern und Nominierter f\u00fcr den Friedensnobelpreis. Er hat sowohl als Wissenschaftler als auch als Humanist bedeutende Beitr\u00e4ge geleistet. Zu seinen Grundwerten geh\u00f6ren Nachhaltigkeit und Ethik, weshalb er ein Unterst\u00fctzer der Atlas World Community und der Atlas Award-Veranstaltung im Jahr 2023 wurde.<\/p>\n<p><strong>Lesen Sie auch:<\/strong><\/p>\n<ul>\n<li>Das diesj\u00e4hrige Bus\u00f3j\u00e1r\u00e1s in Ungarn verspricht gr\u00f6\u00dfer denn je zu sein \u2013 <a href=\"https:\/\/dailynewshungary.com\/de\/der-diesjahrige-busojaras-in-ungarn-verspricht-groser-denn-je-zu-sein-programmfuhrer\/\"><strong>HIER<\/strong> <\/a>Ist unser Programmf\u00fchrer<\/li>\n<li>Budapester Ludwig-Museum <a href=\"https:\/\/dailynewshungary.com\/de\/budapester-ludwig-museum-startet-jahr-mit-franzosisch-ungarischer-kunstlerausstellung\/\"><strong>Starten<\/strong> <\/a>Jahr mit franz\u00f6sisch-ungarischer K\u00fcnstlerausstellung<\/li>\n<\/ul>\n<figure id=\"attachment_585239\" aria-describedby=\"caption-attachment-585239\" style=\"width: 543px\" class=\"wp-caption aligncenter\"><img loading=\"lazy\" decoding=\"async\" class=\"size-full wp-image-585239\" src=\"https:\/\/contentf5.dailynewshungary.com\/wp-content\/uploads\/2024\/02\/Sympsium2024Poster2-Copy.png\" alt=\"Symposiumsplakat\" width=\"543\" height=\"768\" srcset=\"https:\/\/contentf5.dailynewshungary.com\/wp-content\/uploads\/2024\/02\/Sympsium2024Poster2-Copy.png 543w, https:\/\/contentf5.dailynewshungary.com\/wp-content\/uploads\/2024\/02\/Sympsium2024Poster2-Copy-157x222.png 157w, https:\/\/contentf5.dailynewshungary.com\/wp-content\/uploads\/2024\/02\/Sympsium2024Poster2-Copy-53x75.png 53w, https:\/\/contentf5.dailynewshungary.com\/wp-content\/uploads\/2024\/02\/Sympsium2024Poster2-Copy-480x679.png 480w\" sizes=\"auto, (max-width: 543px) 100vw, 543px\"><figcaption id=\"caption-attachment-585239\" class=\"wp-caption-text\">Quelle: ITL Group<\/figcaption><\/figure>\n<p><a href=\"https:\/\/atlasworld.hu\/\" target=\"_blank\" rel=\"noopener\">Atlaswelt<\/a> ist eine von Alessandro Farina gegr\u00fcndete Initiative, deren Ziel es ist, ein starkes Netzwerk von Ver\u00e4nderern aufzubauen und eine ethische, nachhaltige und kreative (ESC) Denkweise zu pr\u00e4sentieren. Das Hauptereignis der Community, die <a href=\"https:\/\/atlasworld.hu\/award\/\" target=\"_blank\" rel=\"noopener\">Atlas-award<\/a> Zeremonie wurde mit dem vorrangigen Ziel eingerichtet, versierte Business-Helden zu w\u00fcrdigen, Unternehmer, die diesen ESC-Ansatz vorleben und deren Unternehmen, die in Ungarn t\u00e4tig sind, ein unersch\u00fctterliches Engagement f\u00fcr die F\u00f6rderung einer vielversprechenderen Welt zeigen Im Jahr 2023 hat Giacomo Pedranzini, CEO von <a href=\"https:\/\/www.kometa.hu\/\" target=\"_blank\" rel=\"noopener\">Kometa 99<\/a>, erhielt diese kostbare Auszeichnung f\u00fcr sein Engagement f\u00fcr kontinuierliches Wachstum und Entwicklung Seine neue Initiative, <a href=\"https:\/\/www.kometa.hu\/rolunk\/honest-food\" target=\"_blank\" rel=\"noopener\">Ehrliches Essen<\/a> Achtet besonders auf ethische Fragen und zeigt auch sein Engagement f\u00fcr Nachhaltigkeit, was ihn zum perfekten Kandidaten f\u00fcr den Atlas Award 2023 machte.<\/p>\n<p>Da wir uns au\u00dferordentlich geehrt f\u00fchlen, an einer so au\u00dfergew\u00f6hnlichen und inspirierenden Veranstaltung teilzunehmen, laden wir Sie auch herzlich ein, sich uns anzuschlie\u00dfen, aktiv mitzuwirken und diese Botschaft weit und breit zu teilen Gemeinsam k\u00f6nnen wir die Zukunft neu definieren, nicht als passive Beobachter, sondern als aktive Architekten, die Wert auf Frieden, Nachhaltigkeit und das heilige Band der Menschheit legen Folgen Sie diesem Link, um sich bei der <a href=\"https:\/\/unity.earth\/symposium-2024\/\" target=\"_blank\" rel=\"noopener\">Veranstaltung<\/a>.<\/p>\n<p><strong>Hier einige weiterf\u00fchrende Links:<\/strong><\/p>\n<ul>\n<li><span style=\"font-weight: 400;\"><a href=\"https:\/\/youtu.be\/bPzzrO2Z46s?si=6-8tNBVsDSTPPtsb\" target=\"_blank\" rel=\"noopener\"><strong>YouTube<\/strong><\/a><\/span><\/li>\n<li><a href=\"https:\/\/fb.watch\/pBp096Bw-A\/\" target=\"_blank\" rel=\"noopener\"><strong>Facebook<\/strong><\/a><\/li>\n<li><a href=\"https:\/\/unity.earth\/symposium-2024\/\" target=\"_blank\" rel=\"noopener\"><strong>Veranstaltung<\/strong><\/a><\/li>\n<\/ul>\n","protected":false},"excerpt":{"rendered":"<p>Am 9. Februar sprechen Alessandro Farina und Giacomo Pedranzini, zwei in Ungarn ans\u00e4ssige, bekannte italienische Unternehmer, auf der \u201c\u00fcber globalen Frieden und NachhaltigkeitDie heilige Mission der Menschheit erwecken\u201cOnline-Symposium\u201d Dieses 3-t\u00e4gige, internationale, Online-Forum ist eine Initiative, um Intellektuelle, Aktivisten und Ver\u00e4nderer zusammenzubringen, um Wissen auszutauschen und sich gegenseitig zu inspirieren, f\u00fcr eine bessere Zukunft zu handeln. [&hellip;]<\/p>\n","protected":false},"author":50,"featured_media":665904,"comment_status":"open","ping_status":"open","sticky":false,"template":"","format":"standard","meta":{"_acf_changed":false,"_display_image":"yes","footnotes":""},"categories":[1098],"tags":[1483],"class_list":["post-665903","post","type-post","status-publish","format-standard","has-post-thumbnail","hentry","category-gesellschaft","tag-ereignis"],"blocksy_meta":[],"acf":[],"author_username":"dnh","telegram_post":"","public_post_metadata":{"breaking_news":"yes","important":"no","csempe":"no","center_tile":"no","disable_thumbnail":"no","target_lang":"","_featured_image_style":"hidden","telegram_post":"","_xlat_group_id":""},"public_rank_math_data":{"title":"%title% %sep% %sitename%","description":"Alessandro Farina und Giacomo Pedranzini, zwei in Ungarn ans\u00e4ssige, bekannte italienische Unternehmer, werden \u00fcber globalen Frieden und Nachhaltigkeit sprechen","focus_keyword":"Einheit","canonical_url":"","robots":"","primary_category":"1098","breadcrumb_title":"","facebook_title":"","facebook_description":"","facebook_image":"","facebook_image_id":"","twitter_title":"","twitter_description":"","twitter_image":"","twitter_image_id":"","twitter_card_type":"","twitter_use_facebook":"","advanced_robots":"","pillar_content":"","seo_score":"65","contentai_score":"","rich_snippet":""},"_links":{"self":[{"href":"https:\/\/dailynewshungary.com\/de\/wp-json\/wp\/v2\/posts\/665903","targetHints":{"allow":["GET"]}}],"collection":[{"href":"https:\/\/dailynewshungary.com\/de\/wp-json\/wp\/v2\/posts"}],"about":[{"href":"https:\/\/dailynewshungary.com\/de\/wp-json\/wp\/v2\/types\/post"}],"author":[{"embeddable":true,"href":"https:\/\/dailynewshungary.com\/de\/wp-json\/wp\/v2\/users\/50"}],"replies":[{"embeddable":true,"href":"https:\/\/dailynewshungary.com\/de\/wp-json\/wp\/v2\/comments?post=665903"}],"version-history":[{"count":0,"href":"https:\/\/dailynewshungary.com\/de\/wp-json\/wp\/v2\/posts\/665903\/revisions"}],"wp:featuredmedia":[{"embeddable":true,"href":"https:\/\/dailynewshungary.com\/de\/wp-json\/wp\/v2\/media\/665904"}],"wp:attachment":[{"href":"https:\/\/dailynewshungary.com\/de\/wp-json\/wp\/v2\/media?parent=665903"}],"wp:term":[{"taxonomy":"category","embeddable":true,"href":"https:\/\/dailynewshungary.com\/de\/wp-json\/wp\/v2\/categories?post=665903"},{"taxonomy":"post_tag","embeddable":true,"href":"https:\/\/dailynewshungary.com\/de\/wp-json\/wp\/v2\/tags?post=665903"}],"curies":[{"name":"wp","href":"https:\/\/api.w.org\/{rel}","templated":true}]}}