{"id":667142,"date":"2023-12-30T14:15:22","date_gmt":"2023-12-30T13:15:22","guid":{"rendered":"https:\/\/dailynewshungary.com\/de\/orban-regierung-eu-staats-und-regierungschefs-gehen-schlecht-mit-krisen-um\/"},"modified":"2023-12-30T14:15:22","modified_gmt":"2023-12-30T13:15:22","slug":"orban-regierung-eu-staats-und-regierungschefs-gehen-schlecht-mit-krisen-um","status":"publish","type":"post","link":"https:\/\/dailynewshungary.com\/de\/orban-regierung-eu-staats-und-regierungschefs-gehen-schlecht-mit-krisen-um\/","title":{"rendered":"Orb\u00e1n-Regierung: EU-Staats- und Regierungschefs gehen schlecht mit Krisen um"},"content":{"rendered":"<p><strong>Die EU-F\u00fchrung habe verschiedene Krisen im Zusammenhang mit dem Krieg in der Ukraine schlecht bew\u00e4ltigt, sagte Barna P\u00e1l Zsigmond, die parlamentarische Staatssekret\u00e4rin f\u00fcr EU-Angelegenheiten, am Freitag.<\/strong><\/p>\n<p>Fast zwei Jahre nach Kriegsausbruch habe es die EU vers\u00e4umt, eine strategische Antwort darauf zu erarbeiten, wie die Seiten in Richtung Frieden voranschreiten k\u00f6nnten und wie der wirtschaftliche Schaden f\u00fcr den Block verringert werden k\u00f6nne, sagte er auf Facebook.<\/p>\n<p>Unterdessen h\u00e4tten die Staats- und Regierungschefs der EU nichts \u00fcber die Migrationskrise, den wachsenden Antisemitismus und die Bedrohung durch den Terrorismus zu sagen, f\u00fcgte er hinzu.<\/p>\n<p>Ungarn, sagte der Beamte, werde alle Initiativen unterst\u00fctzen, die Europa in Richtung Frieden und Wohlstand bewegen, aber es werde \u201eunverantwortliche Versprechen\u201cin Bezug auf \u201einstitutionelle und finanzielle Fragen der EU\u201d im Zusammenhang mit der Ukraine nicht unterst\u00fctzen.<\/p>\n<p>Der EU-Beitritt der Ukraine d\u00fcrfe nicht um jeden Preis durchgesetzt werden, sagte erEs sollten vielmehr Beitrittsgespr\u00e4che mit den L\u00e4ndern des westlichen Balkans abgeschlossen werden, da dies in Ungarn und im gesamten Interesse Europas l\u00e4ge, f\u00fcgte er hinzu.<\/p>\n<p><strong>Lesen Sie auch:<\/strong><\/p>\n<ul>\n<li>EU-Erweiterung wird politisiert \u2013 Lesen Sie mehr <a href=\"https:\/\/dailynewshungary.com\/de\/eu-erweiterung-politisiert\/\"><strong>HIER<\/strong><\/a><\/li>\n<li>Ungarn <a href=\"https:\/\/dailynewshungary.com\/de\/bruch-ungarn-erhalt-eu-fordermittel-in-hohe-von-7795-mio-eur\/\"><strong>Bekommt<\/strong> <\/a>779,5 Mio. EUR an EU-F\u00f6rdermitteln<\/li>\n<\/ul>\n","protected":false},"excerpt":{"rendered":"<p>Die EU-F\u00fchrung habe verschiedene Krisen im Zusammenhang mit dem Krieg in der Ukraine schlecht bew\u00e4ltigt, sagte Barna P\u00e1l Zsigmond, die parlamentarische Staatssekret\u00e4rin f\u00fcr EU-Angelegenheiten, am Freitag. Fast zwei Jahre nach Kriegsausbruch habe es die EU vers\u00e4umt, eine strategische Antwort darauf zu erarbeiten, wie die Seiten in Richtung Frieden voranschreiten k\u00f6nnten und wie der wirtschaftliche Schaden [&hellip;]<\/p>\n","protected":false},"author":50,"featured_media":667143,"comment_status":"open","ping_status":"open","sticky":false,"template":"","format":"standard","meta":{"_acf_changed":false,"_display_image":"yes","footnotes":""},"categories":[1081],"tags":[1082,1102],"class_list":["post-667142","post","type-post","status-publish","format-standard","has-post-thumbnail","hentry","category-politik","tag-europaische-union","tag-ungarische-regierung"],"blocksy_meta":[],"acf":[],"author_username":"dnh","telegram_post":"","public_post_metadata":{"breaking_news":"yes","important":"no","csempe":"no","center_tile":"no","disable_thumbnail":"no","target_lang":"","_featured_image_style":"hidden","telegram_post":"","_xlat_group_id":""},"public_rank_math_data":{"title":"%title% %sep% %sitename%","description":"Die EU-F\u00fchrung habe verschiedene Krisen im Zusammenhang mit dem Krieg in der Ukraine schlecht bew\u00e4ltigt, sagte EU-Aff\u00e4renministerin Barna P\u00e1l Zsigmond","focus_keyword":"EU","canonical_url":"","robots":"","primary_category":"1081","breadcrumb_title":"","facebook_title":"","facebook_description":"","facebook_image":"","facebook_image_id":"","twitter_title":"","twitter_description":"","twitter_image":"","twitter_image_id":"","twitter_card_type":"","twitter_use_facebook":"","advanced_robots":"","pillar_content":"","seo_score":"58","contentai_score":"","rich_snippet":""},"_links":{"self":[{"href":"https:\/\/dailynewshungary.com\/de\/wp-json\/wp\/v2\/posts\/667142","targetHints":{"allow":["GET"]}}],"collection":[{"href":"https:\/\/dailynewshungary.com\/de\/wp-json\/wp\/v2\/posts"}],"about":[{"href":"https:\/\/dailynewshungary.com\/de\/wp-json\/wp\/v2\/types\/post"}],"author":[{"embeddable":true,"href":"https:\/\/dailynewshungary.com\/de\/wp-json\/wp\/v2\/users\/50"}],"replies":[{"embeddable":true,"href":"https:\/\/dailynewshungary.com\/de\/wp-json\/wp\/v2\/comments?post=667142"}],"version-history":[{"count":0,"href":"https:\/\/dailynewshungary.com\/de\/wp-json\/wp\/v2\/posts\/667142\/revisions"}],"wp:featuredmedia":[{"embeddable":true,"href":"https:\/\/dailynewshungary.com\/de\/wp-json\/wp\/v2\/media\/667143"}],"wp:attachment":[{"href":"https:\/\/dailynewshungary.com\/de\/wp-json\/wp\/v2\/media?parent=667142"}],"wp:term":[{"taxonomy":"category","embeddable":true,"href":"https:\/\/dailynewshungary.com\/de\/wp-json\/wp\/v2\/categories?post=667142"},{"taxonomy":"post_tag","embeddable":true,"href":"https:\/\/dailynewshungary.com\/de\/wp-json\/wp\/v2\/tags?post=667142"}],"curies":[{"name":"wp","href":"https:\/\/api.w.org\/{rel}","templated":true}]}}