{"id":667191,"date":"2023-12-28T21:35:25","date_gmt":"2023-12-28T20:35:25","guid":{"rendered":"https:\/\/dailynewshungary.com\/de\/eu-erweiterung-politisiert\/"},"modified":"2023-12-28T21:35:25","modified_gmt":"2023-12-28T20:35:25","slug":"eu-erweiterung-politisiert","status":"publish","type":"post","link":"https:\/\/dailynewshungary.com\/de\/eu-erweiterung-politisiert\/","title":{"rendered":"EU-Erweiterung politisiert"},"content":{"rendered":"<p><strong>Der Erweiterungsprozess der Europ\u00e4ischen Union werde nicht von rationalen Entscheidungen angetrieben, sondern zunehmend politisiert, sagte der EU-Minister am Donnerstag.<\/strong><\/p>\n<p>W\u00e4hrend es lange als objektiv und leistungsorientiert angesehen wurde, \u201cwerden die Werte und die Ernsthaftigkeit des Verfahrens jetzt fragw\u00fcrdig\u201d, <a href=\"https:\/\/www.facebook.com\/BokaJanosMiniszter\/\" target=\"_blank\" rel=\"noopener\">Sagte J\u00e1nos B\u00f3ka auf Facebook<\/a>.<\/p>\n<p>\u201cSollte ein Beitrittskandidat erkennen, dass er keine Bedingungen erf\u00fcllen muss und ein vorher festgelegtes Verfahren durchlaufen, k\u00f6nnte sich das gesamte Verfahren in politisch motivierte Machtdemonstrationen verwandeln\u201d, warnte er.<\/p>\n<p>Das kann dazu f\u00fchren, dass Kandidaten \u201cpolitische Besch\u00fctzer\u201d innerhalb oder au\u00dferhalb der EU suchen und ihre Macht nutzen, um das Beitrittsverfahren zu beeinflussen Die Geschwindigkeit der Integration w\u00fcrde dann von der Gr\u00f6\u00dfe und St\u00e4rke der Besch\u00fctzer abh\u00e4ngen, und nicht von den erf\u00fcllten Bedingungen, sagte Boka \u201cSolche Praktiken w\u00fcrden die bereits rissigen Grundlagen der Einheit der Europ\u00e4ischen Union weiter ersch\u00fcttern\u201d<\/p>\n<p>Bez\u00fcglich der EU-Mitgliedschaft der Ukraine sagte Boka, es bleibe ungewiss, ob und wann die Gespr\u00e4che dar\u00fcber beginnen w\u00fcrden \u201cWir stehen am Beginn eines Prozesses mit 75-80 Punkten, der ein einstimmiges Votum der Mitgliedstaaten erfordert. Dann m\u00fcssen die akzeptierten Beitrittsgespr\u00e4che vom Parlament jedes einzelnen Mitgliedstaats ratifiziert werden\u201d, sagte er.<\/p>\n<p>\u201cDie Finanzierung der Ukraine ist ein \u00e4hnlich kompliziertes Thema\u201d Die Situation \u00e4ndere sich aufgrund des Krieges fast von Tag zu Tag Folglich sei es unm\u00f6glich, in den kommenden vier Jahren verantwortungsvolle Aussagen zu ihrem Finanzbedarf zu machen, sagte er.<\/p>\n<p>\u201cUm die notwendige Unterst\u00fctzung f\u00fcr die Ukraine sicherzustellen, f\u00f6rdert Ungarn einen zwischenstaatlichen Fonds, der au\u00dferhalb des Haushaltsrahmens der EU eingerichtet werden sollDie Mitgliedstaaten w\u00e4ren frei, Beitr\u00e4ge nach eigenem Gutd\u00fcnken zu leistenBis zur Einrichtung des Fonds kann die Unterst\u00fctzung aus dem aktuellen Haushalt sichergestellt werden\u201d Es best\u00fcnde keine Notwendigkeit, den siebenj\u00e4hrigen Finanzrahmen zu \u00e4ndern, sagte er.<\/p>\n<p><strong>Lesen Sie auch:<\/strong><\/p>\n<ul>\n<li><a href=\"https:\/\/dailynewshungary.com\/de\/im-nachsten-sommer-konnte-ein-gerichtsverfahren-gegen-ungarn-eingeleitet-werden\/\" target=\"_blank\" rel=\"noopener\">Im n\u00e4chsten Sommer k\u00f6nnte ein Gerichtsverfahren gegen Ungarn eingeleitet werden<\/a><\/li>\n<\/ul>\n<div id=\"gtx-trans\" style=\"position: absolute; left: 304px; top: 799.16px;\">\n<div class=\"gtx-trans-icon\"><\/div>\n<\/div>\n","protected":false},"excerpt":{"rendered":"<p>Der Erweiterungsprozess der Europ\u00e4ischen Union werde nicht von rationalen Entscheidungen angetrieben, sondern zunehmend politisiert, sagte der EU-Minister am Donnerstag. W\u00e4hrend es lange als objektiv und leistungsorientiert angesehen wurde, \u201cwerden die Werte und die Ernsthaftigkeit des Verfahrens jetzt fragw\u00fcrdig\u201d, Sagte J\u00e1nos B\u00f3ka auf Facebook. \u201cSollte ein Beitrittskandidat erkennen, dass er keine Bedingungen erf\u00fcllen muss und ein [&hellip;]<\/p>\n","protected":false},"author":33,"featured_media":667192,"comment_status":"open","ping_status":"open","sticky":false,"template":"","format":"standard","meta":{"_acf_changed":false,"_display_image":"yes","footnotes":""},"categories":[1081],"tags":[1082,1092,1102,1076],"class_list":["post-667191","post","type-post","status-publish","format-standard","has-post-thumbnail","hentry","category-politik","tag-europaische-union","tag-ukraine","tag-ungarische-regierung","tag-ungarn"],"blocksy_meta":[],"acf":[],"author_username":"ugyelet","telegram_post":"","public_post_metadata":{"breaking_news":"yes","important":"no","csempe":"no","center_tile":"no","disable_thumbnail":"no","target_lang":"","_featured_image_style":"hidden","telegram_post":"","_xlat_group_id":""},"public_rank_math_data":{"title":"%title% %sep% %sitename%","description":"Der Erweiterungsprozess der Europ\u00e4ischen Union werde nicht von rationalen Entscheidungen angetrieben, sondern zunehmend politisiert, sagte der EU-Minister am Donnerstag.","focus_keyword":"EU","canonical_url":"","robots":"","primary_category":"1081","breadcrumb_title":"","facebook_title":"","facebook_description":"","facebook_image":"","facebook_image_id":"","twitter_title":"","twitter_description":"","twitter_image":"","twitter_image_id":"","twitter_card_type":"","twitter_use_facebook":"","advanced_robots":"","pillar_content":"","seo_score":"72","contentai_score":"","rich_snippet":""},"_links":{"self":[{"href":"https:\/\/dailynewshungary.com\/de\/wp-json\/wp\/v2\/posts\/667191","targetHints":{"allow":["GET"]}}],"collection":[{"href":"https:\/\/dailynewshungary.com\/de\/wp-json\/wp\/v2\/posts"}],"about":[{"href":"https:\/\/dailynewshungary.com\/de\/wp-json\/wp\/v2\/types\/post"}],"author":[{"embeddable":true,"href":"https:\/\/dailynewshungary.com\/de\/wp-json\/wp\/v2\/users\/33"}],"replies":[{"embeddable":true,"href":"https:\/\/dailynewshungary.com\/de\/wp-json\/wp\/v2\/comments?post=667191"}],"version-history":[{"count":0,"href":"https:\/\/dailynewshungary.com\/de\/wp-json\/wp\/v2\/posts\/667191\/revisions"}],"wp:featuredmedia":[{"embeddable":true,"href":"https:\/\/dailynewshungary.com\/de\/wp-json\/wp\/v2\/media\/667192"}],"wp:attachment":[{"href":"https:\/\/dailynewshungary.com\/de\/wp-json\/wp\/v2\/media?parent=667191"}],"wp:term":[{"taxonomy":"category","embeddable":true,"href":"https:\/\/dailynewshungary.com\/de\/wp-json\/wp\/v2\/categories?post=667191"},{"taxonomy":"post_tag","embeddable":true,"href":"https:\/\/dailynewshungary.com\/de\/wp-json\/wp\/v2\/tags?post=667191"}],"curies":[{"name":"wp","href":"https:\/\/api.w.org\/{rel}","templated":true}]}}