{"id":667338,"date":"2023-12-23T13:31:52","date_gmt":"2023-12-23T12:31:52","guid":{"rendered":"https:\/\/dailynewshungary.com\/de\/regierung-politische-krise-in-der-eu-klar\/"},"modified":"2023-12-23T13:31:52","modified_gmt":"2023-12-23T12:31:52","slug":"regierung-politische-krise-in-der-eu-klar","status":"publish","type":"post","link":"https:\/\/dailynewshungary.com\/de\/regierung-politische-krise-in-der-eu-klar\/","title":{"rendered":"Regierung: politische Krise in der EU klar"},"content":{"rendered":"<p><strong>Die Anzeichen einer allgemeinen politischen Krise in der Funktionsweise der Europ\u00e4ischen Union seien allen klar, insbesondere der ungarischen Regierung, sagte Bal\u00e1zs Hidv\u00e9ghi, ein Europaabgeordneter des regierenden Fidesz, in einem Leitartikel f\u00fcr die Freitagsausgabe der Tageszeitung Magyar Nemzet.<\/strong><\/p>\n<p>Hidv\u00e9ghi stellte fest, dass Ungarn sich darauf vorbereite, in der zweiten Jahresh\u00e4lfte 2024 zum zweiten Mal den Vorsitz im Rat der Europ\u00e4ischen Union zu \u00fcbernehmen. Dies sei eine Herausforderung, sagte er, aufgrund der seiner Meinung nach anhaltenden Bem\u00fchungen zur Schaffung einer \u00fcberm\u00e4\u00dfig zentralisierten politischen Union \u201eeines f\u00f6deralen Vereinigten Staaten Europas\u201c\u201eEuropa\u201d, ohne dass die Voraussetzungen daf\u00fcr gegeben sind.<\/p>\n<p>Er sagte, solche Fortschritte in der europ\u00e4ischen Zusammenarbeit k\u00f6nnten nicht aus den aktuellen EU-Vertr\u00e4gen abgeleitet werden, und auch die europ\u00e4ischen Menschen seien daf\u00fcr nicht geeint genug.<\/p>\n<p>Hidv\u00e9ghi sagte, der \u201eVerfolg einer eigenn\u00fctzigen Zentralisierung\u201cund die \u201eaggressive Stigmatisierung des konservativen Denkens\u201d w\u00fcrden nach und nach eine vern\u00fcnftige politische und wirtschaftliche Zusammenarbeit \u00fcberw\u00e4ltigen, und f\u00fcgte hinzu, dass dies den Interessen der Mitgliedstaaten und des europ\u00e4ischen Volkes zuwiderlaufe.<\/p>\n<p>Er sagte, Europa m\u00fcsse sich der Tatsache stellen, dass es aus verschiedenen Nationen und kulturellen Br\u00e4uchen bestehe. Wenn bestimmte westeurop\u00e4ische Nationen eine Zukunft der \u201eAufl\u00f6sung in einer multikulturellen Mischung\u201cvorzogen, h\u00e4tten sie das Recht, sich f\u00fcr ein solches Leben zu entscheiden, sagte der Europaabgeordnete und f\u00fcgte jedoch hinzu, dass sie dies niemand anderem aufzwingen k\u00f6nnten.<\/p>\n<p>Hidv\u00e9ghi sagte indessen, sowohl die Europ\u00e4ische Kommission als auch das Europ\u00e4ische Parlament arbeiteten st\u00e4ndig daran, ihre Befugnisse auszuweitenEr sagte, dass die EG, anstatt ihrer Funktion als H\u00fcterin der Vertr\u00e4ge nachzukommen, \u201czu einem ideologisch v\u00f6llig voreingenommenen Akteur\u201d geworden sei, dessen Vorschl\u00e4ge, die \u201cneomarxistische Ideologie\u201d und Migration betreffen, die Souver\u00e4nit\u00e4t und Identit\u00e4t der Mitgliedstaaten \u201cregelm\u00e4\u00dfig verletzen\u201d.<\/p>\n<p>Er f\u00fcgte hinzu, dass die Funktionsweise des Blocks, insbesondere wenn es um Au\u00dfenbeziehungen gehe, von einer \u201cmoralistischen Haltung\u201d gepr\u00e4gt sei, die er \u201cdie neueste Form der Kolonisierung\u201d nannte \u201cWesteuropa will der ganzen Welt seine eigene, neue linke Ideologie aufzwingen\u201d, betonte er.<\/p>\n<p>Hidv\u00e9ghi sagte, \u201cden gegenw\u00e4rtigen traurigen Zustand zu sehen\u201d, glaubten viele, es sei \u201cZeit f\u00fcr uns, die EU zu verlassen und die oft scheinbar aussichtslosen K\u00e4mpfe aufzugeben\u201d Aber als mitteleurop\u00e4ische Nation mit vielen ihrer Landsleute au\u00dferhalb ihrer Grenzen \u201cist es f\u00fcr uns offensichtlich, dass unsere Interessen in einer engen europ\u00e4ischen Zusammenarbeit liegen\u201d, f\u00fcgte er hinzu.<\/p>\n<p>Die Errichtung des Gemeinsamen Marktes, die Bildung und die kulturelle Zusammenarbeit, die Gemeinsame Agrarpolitik und die Koh\u00e4sionspolitik seien allesamt \u201coffensichtliche Errungenschaften\u201d der EU, sagte Hidveghi \u201cDiese m\u00fcssen gesch\u00fctzt und in Betrieb gehalten werden\u201d, f\u00fcgte er hinzu.<\/p>\n<p>\u201cDas bedeutet, dass wir zu den derzeit geltenden EU-Vertr\u00e4gen stehen und Verb\u00fcndete f\u00fcr die R\u00fcckkehr Europas zu einer Politik finden m\u00fcssen, die auf gesundem Menschenverstand basiert\u201d, sagte der Europaabgeordnete.<\/p>\n<p>Hidveghi f\u00fcgte gleichzeitig hinzu, dass ein m\u00f6gliches Szenario darin bestehe, dass sich die EU auf ein \u201cdifferenziertes Funktionieren\u201d zubewege, bei dem sich bestimmte Mitgliedstaaten in bestimmten Bereichen und bei bestimmten Politiken aus der Zusammenarbeit herausk\u00fcndigen, er unterstrich jedoch die Notwendigkeit, die Bem\u00fchungen, das Erfordernis der Einstimmigkeit bei der Entscheidung in den wichtigsten Angelegenheiten abzuschaffen, entschieden abzulehnen, indem er sagte, dies garantiere, dass die Interessen kleinerer Mitgliedstaaten nicht ignoriert w\u00fcrden.<\/p>\n<p>In Bezug auf den Russland-Ukraine-Krieg sagte Hidveghi, die EU sei unf\u00e4hig, Entscheidungen zu treffen, die ihren eigenen langfristigen Interessen entsprechen, und verhalte sich in einem globalen geopolitischen Kampf untergeordnet. Er sagte, die \u201cun\u00fcberlegte Sanktionspolitik\u201d des Blocks und sein Bestreben, \u201ceinen Hinhaltekrieg\u201d fortzusetzen, anstatt einen Waffenstillstand und ein Friedensabkommen anzustreben, zeigten das Fehlen eines unabh\u00e4ngigen au\u00dfenpolitischen Denkens des Blocks.<\/p>\n<p>Er sagte, der EU-Beitritt der Ukraine w\u00fcrde in seiner jetzigen Form \u201cdas Ende\u201d des Blocks bedeuten \u201cDie Staats &#8211; und Regierungschefs der EU sind sich dessen entweder nicht bewusst. oder sie sind sich dessen voll bewusst und meinen es nicht ernst mit dem, was sie sagen, sondern sind geradezu feige und zynisch\u201d, sagte er.<\/p>\n<p>Hidv\u00e9ghi sagte, dass es \u201cin einer solchen Situation\u201d f\u00fcr Ungarn von entscheidender Bedeutung sei, die europ\u00e4ische Zusammenarbeit fortzusetzen und gleichzeitig seine nationale Selbstbestimmung und sein Recht auf unabh\u00e4ngige Entscheidungsfindung zu sch\u00fctzen. Er f\u00fcgte hinzu, dass viele der westeurop\u00e4ischen Partner des Landes die \u201cn\u00fcchtern gesinnte und realistische Position Ungarns\u201d teilten.<\/p>\n<p><strong>Lesen Sie auch:<\/strong><\/p>\n<ul>\n<li>Ungarns Programm zur digitalen Staatsb\u00fcrgerschaft <a href=\"https:\/\/dailynewshungary.com\/de\/ungarns-programm-zur-digitalen-staatsburgerschaft-startet-2024-alles-wird-sich-andern\/\"><strong>Anpfeift<\/strong> <\/a>2024: alles wird sich \u00e4ndern<\/li>\n<li>Orb\u00e1n: &#8216;Es gibt keinen Krieg in der Ukraine&#8217;, da keine Kriegserkl\u00e4rung Russlands &#8216;ab Weiterlesen <a href=\"https:\/\/dailynewshungary.com\/de\/orban-in-der-ukraine-gibt-es-keinen-krieg-wie-keine-kriegserklarung-russlands\/\"><strong>HIER<\/strong><\/a><\/li>\n<\/ul>\n","protected":false},"excerpt":{"rendered":"<p>Die Anzeichen einer allgemeinen politischen Krise in der Funktionsweise der Europ\u00e4ischen Union seien allen klar, insbesondere der ungarischen Regierung, sagte Bal\u00e1zs Hidv\u00e9ghi, ein Europaabgeordneter des regierenden Fidesz, in einem Leitartikel f\u00fcr die Freitagsausgabe der Tageszeitung Magyar Nemzet. Hidv\u00e9ghi stellte fest, dass Ungarn sich darauf vorbereite, in der zweiten Jahresh\u00e4lfte 2024 zum zweiten Mal den Vorsitz [&hellip;]<\/p>\n","protected":false},"author":50,"featured_media":667339,"comment_status":"open","ping_status":"open","sticky":false,"template":"","format":"standard","meta":{"_acf_changed":false,"_display_image":"yes","footnotes":""},"categories":[1081],"tags":[1082,1102,1076],"class_list":["post-667338","post","type-post","status-publish","format-standard","has-post-thumbnail","hentry","category-politik","tag-europaische-union","tag-ungarische-regierung","tag-ungarn"],"blocksy_meta":[],"acf":[],"author_username":"dnh","telegram_post":"","public_post_metadata":{"breaking_news":"yes","important":"no","csempe":"no","center_tile":"no","disable_thumbnail":"no","target_lang":"","_featured_image_style":"hidden","telegram_post":"","_xlat_group_id":""},"public_rank_math_data":{"title":"%title% %sep% %sitename%","description":"Die Anzeichen einer allgemeinen politischen Krise im Funktionieren der Europ\u00e4ischen Union sind allen klar, insbesondere der ungarischen Regierung","focus_keyword":"Regierung","canonical_url":"","robots":"","primary_category":"1081","breadcrumb_title":"","facebook_title":"","facebook_description":"","facebook_image":"","facebook_image_id":"","twitter_title":"","twitter_description":"","twitter_image":"","twitter_image_id":"","twitter_card_type":"","twitter_use_facebook":"","advanced_robots":"","pillar_content":"","seo_score":"63","contentai_score":"","rich_snippet":""},"_links":{"self":[{"href":"https:\/\/dailynewshungary.com\/de\/wp-json\/wp\/v2\/posts\/667338","targetHints":{"allow":["GET"]}}],"collection":[{"href":"https:\/\/dailynewshungary.com\/de\/wp-json\/wp\/v2\/posts"}],"about":[{"href":"https:\/\/dailynewshungary.com\/de\/wp-json\/wp\/v2\/types\/post"}],"author":[{"embeddable":true,"href":"https:\/\/dailynewshungary.com\/de\/wp-json\/wp\/v2\/users\/50"}],"replies":[{"embeddable":true,"href":"https:\/\/dailynewshungary.com\/de\/wp-json\/wp\/v2\/comments?post=667338"}],"version-history":[{"count":0,"href":"https:\/\/dailynewshungary.com\/de\/wp-json\/wp\/v2\/posts\/667338\/revisions"}],"wp:featuredmedia":[{"embeddable":true,"href":"https:\/\/dailynewshungary.com\/de\/wp-json\/wp\/v2\/media\/667339"}],"wp:attachment":[{"href":"https:\/\/dailynewshungary.com\/de\/wp-json\/wp\/v2\/media?parent=667338"}],"wp:term":[{"taxonomy":"category","embeddable":true,"href":"https:\/\/dailynewshungary.com\/de\/wp-json\/wp\/v2\/categories?post=667338"},{"taxonomy":"post_tag","embeddable":true,"href":"https:\/\/dailynewshungary.com\/de\/wp-json\/wp\/v2\/tags?post=667338"}],"curies":[{"name":"wp","href":"https:\/\/api.w.org\/{rel}","templated":true}]}}