{"id":667546,"date":"2023-12-17T21:54:13","date_gmt":"2023-12-17T20:54:13","guid":{"rendered":"https:\/\/dailynewshungary.com\/de\/orban-eu-gespalten-uber-ukraine-beitritt\/"},"modified":"2023-12-17T21:54:13","modified_gmt":"2023-12-17T20:54:13","slug":"orban-eu-gespalten-uber-ukraine-beitritt","status":"publish","type":"post","link":"https:\/\/dailynewshungary.com\/de\/orban-eu-gespalten-uber-ukraine-beitritt\/","title":{"rendered":"Orb\u00e1n: EU gespalten \u00fcber Ukraine-Beitritt"},"content":{"rendered":"<p><strong>Die Frage des Beitritts der Ukraine zur Europ\u00e4ischen Union sei nicht gekl\u00e4rt, und sicher sei nur, dass es in dieser Frage innerhalb der EU keine Einigkeit mehr gebe, sagte der politische Direktor des Premierministers am Sonntag dem \u00f6ffentlich-rechtlichen Radio.<\/strong><\/p>\n<p>Ungarn habe auf dem Gipfeltreffen der EU-Staats- und Regierungschefs diese Woche deutlich gemacht, dass es mit der EU-Mitgliedschaft der Ukraine nicht einverstanden sei und jeden Beginn der Beitrittsgespr\u00e4che f\u00fcr verfr\u00fcht, ungerechtfertigt und nicht richtig vorbereitet halte, sagte Bal\u00e1zs Orb\u00e1n.<\/p>\n<p>Aber die anderen 26 Mitgliedstaaten bestanden darauf, dass eine positive Botschaft an die Ukraine gesendet werden m\u00fcsse, und wiesen darauf hin, dass die Beitrittsgespr\u00e4che lange dauern w\u00fcrden, f\u00fcgte er hinzu.<\/p>\n<p>Orb\u00e1n sagte, es gebe mindestens 75 Gelegenheiten, die Einstimmigkeit und damit die Unterst\u00fctzung Ungarns erfordern w\u00fcrden, damit der Prozess voranschreite, und auch das ungarische Parlament m\u00fcsse ihm zustimmen.<\/p>\n<p>Ungarn, sagte er, habe seine Ablehnung zum Ausdruck gebracht und die Entscheidung den anderen 26 Mitgliedstaaten \u00fcberlassen.<\/p>\n<p>Orb\u00e1n sagte, der Gr\u00fcndungsvertrag der EU mache deutlich, dass der Block nur mit Zustimmung der Mitgliedstaaten erweitert werden k\u00f6nne, und f\u00fcgte hinzu, dass Ungarns Recht durch keine Verfahrensregel \u00fcber einen bestimmten Punkt hinaus eingeschr\u00e4nkt werden d\u00fcrfe.<\/p>\n<p>Er sagte, in dem Diskurs habe es um die sieben Kriterien gegangen, die die EU f\u00fcr die Ukraine festgelegt habe, damit sie den Status eines Kandidatenlandes erhalten k\u00f6nne, von dem die Europ\u00e4ische Kommission angibt, dass sie nur vier erf\u00fcllt habe, w\u00e4hrend Ungarn angibt, keines erf\u00fcllt zu haben.<\/p>\n<p>Orb\u00e1n sagte, dies bedeute, dass die Beitrittsverhandlungen nicht rechtzeitig voranschritten.<\/p>\n<p>Zum EU-Haushalt sagte er, Ungarn vertrete die Haltung, dass der Haushalt nicht ge\u00e4ndert werden m\u00fcsse, da jede Angelegenheit au\u00dferhalb des Rahmens des Haushalts oder durch Umleitung von Mitteln innerhalb des Haushalts verwaltet werden k\u00f6nne.<\/p>\n<p>Ungarn sei bereit, das Thema zu diskutieren, habe aber seine Bedingungen, sagte er und wies darauf hin, dass Ungarn nicht wolle, dass \u201edas Geld der Ungarn an die Ukraine gegeben werde\u201cund forderte eine strategische Debatte \u00fcber die Finanzierung der Ukraine.<\/p>\n<p>Hinsichtlich der EU-R\u00fcckforderungsgelder schloss er den Beitrag Ungarns zu den h\u00f6heren Zinslasten aus, bis Ungarn Zugang zu den ihm zustehenden Mitteln erhielt.<\/p>\n<p>Orb\u00e1n sagte au\u00dferdem, dass die vorgeschlagenen \u00c4nderungen am EU-Haushalt auch Migration und zus\u00e4tzliche Mittel zur Verbesserung der wirtschaftlichen Wettbewerbsf\u00e4higkeit Europas betr\u00e4fen, und wies darauf hin, dass Ungarn angedeutet habe, dass es mehreren Punkten des Vorschlags zustimme.<\/p>\n<p><strong>Lesen Sie auch:<\/strong><\/p>\n<ul>\n<li>Schengen in ernsthaften Schwierigkeiten: Strenge Kontrolle an der ungarischen Grenze erneut verl\u00e4ngert. \u2013 Lesen Sie mehr <a href=\"https:\/\/dailynewshungary.com\/de\/schengen-in-ernsthaften-schwierigkeiten-die-strenge-kontrolle-an-der-ungarischen-grenze-wurde-erneut-verlangert\/\"><strong>HIER<\/strong><\/a><\/li>\n<\/ul>\n","protected":false},"excerpt":{"rendered":"<p>Die Frage des Beitritts der Ukraine zur Europ\u00e4ischen Union sei nicht gekl\u00e4rt, und sicher sei nur, dass es in dieser Frage innerhalb der EU keine Einigkeit mehr gebe, sagte der politische Direktor des Premierministers am Sonntag dem \u00f6ffentlich-rechtlichen Radio. Ungarn habe auf dem Gipfeltreffen der EU-Staats- und Regierungschefs diese Woche deutlich gemacht, dass es mit [&hellip;]<\/p>\n","protected":false},"author":50,"featured_media":667547,"comment_status":"open","ping_status":"open","sticky":false,"template":"","format":"standard","meta":{"_acf_changed":false,"_display_image":"","footnotes":""},"categories":[1081],"tags":[1082,1092,1102],"class_list":["post-667546","post","type-post","status-publish","format-standard","has-post-thumbnail","hentry","category-politik","tag-europaische-union","tag-ukraine","tag-ungarische-regierung"],"blocksy_meta":[],"acf":[],"author_username":"dnh","telegram_post":"","public_post_metadata":{"breaking_news":"yes","important":"no","csempe":"no","center_tile":"no","disable_thumbnail":"no","target_lang":"","_featured_image_style":"","telegram_post":"","_xlat_group_id":""},"public_rank_math_data":{"title":"%title% %sep% %sitename%","description":"Die Frage des Beitritts der Ukraine zur Europ\u00e4ischen Union ist noch nicht gekl\u00e4rt, und sicher ist nur, dass es in dieser Frage innerhalb der EU keine Einigkeit mehr gibt","focus_keyword":"Ukraine","canonical_url":"","robots":"","primary_category":"1081","breadcrumb_title":"","facebook_title":"","facebook_description":"","facebook_image":"","facebook_image_id":"","twitter_title":"","twitter_description":"","twitter_image":"","twitter_image_id":"","twitter_card_type":"","twitter_use_facebook":"","advanced_robots":"","pillar_content":"","seo_score":"67","contentai_score":"","rich_snippet":""},"_links":{"self":[{"href":"https:\/\/dailynewshungary.com\/de\/wp-json\/wp\/v2\/posts\/667546","targetHints":{"allow":["GET"]}}],"collection":[{"href":"https:\/\/dailynewshungary.com\/de\/wp-json\/wp\/v2\/posts"}],"about":[{"href":"https:\/\/dailynewshungary.com\/de\/wp-json\/wp\/v2\/types\/post"}],"author":[{"embeddable":true,"href":"https:\/\/dailynewshungary.com\/de\/wp-json\/wp\/v2\/users\/50"}],"replies":[{"embeddable":true,"href":"https:\/\/dailynewshungary.com\/de\/wp-json\/wp\/v2\/comments?post=667546"}],"version-history":[{"count":0,"href":"https:\/\/dailynewshungary.com\/de\/wp-json\/wp\/v2\/posts\/667546\/revisions"}],"wp:featuredmedia":[{"embeddable":true,"href":"https:\/\/dailynewshungary.com\/de\/wp-json\/wp\/v2\/media\/667547"}],"wp:attachment":[{"href":"https:\/\/dailynewshungary.com\/de\/wp-json\/wp\/v2\/media?parent=667546"}],"wp:term":[{"taxonomy":"category","embeddable":true,"href":"https:\/\/dailynewshungary.com\/de\/wp-json\/wp\/v2\/categories?post=667546"},{"taxonomy":"post_tag","embeddable":true,"href":"https:\/\/dailynewshungary.com\/de\/wp-json\/wp\/v2\/tags?post=667546"}],"curies":[{"name":"wp","href":"https:\/\/api.w.org\/{rel}","templated":true}]}}