{"id":667734,"date":"2023-12-12T21:54:11","date_gmt":"2023-12-12T20:54:11","guid":{"rendered":"https:\/\/dailynewshungary.com\/de\/minister-ungarn-wird-seine-meinung-zum-eu-beitritt-der-ukraine-nicht-andern\/"},"modified":"2023-12-12T21:54:11","modified_gmt":"2023-12-12T20:54:11","slug":"minister-ungarn-wird-seine-meinung-zum-eu-beitritt-der-ukraine-nicht-andern","status":"publish","type":"post","link":"https:\/\/dailynewshungary.com\/de\/minister-ungarn-wird-seine-meinung-zum-eu-beitritt-der-ukraine-nicht-andern\/","title":{"rendered":"Minister: Ungarn wird seine Meinung zum EU-Beitritt der Ukraine nicht \u00e4ndern"},"content":{"rendered":"<p><strong>Ungarn werde seine Meinung im Zusammenhang mit der Aufnahme der Beitrittsgespr\u00e4che der Ukraine zur Europ\u00e4ischen Union und der finanziellen Unterst\u00fctzung des Landes nicht \u00e4ndern, sagte der EU-Minister am Dienstag.<\/strong><\/p>\n<p>Ungarn ist fest davon \u00fcberzeugt, dass die Aufnahme von EU-Beitrittsgespr\u00e4chen verfr\u00fcht w\u00e4re <strong><a href=\"https:\/\/www.facebook.com\/BokaJanosMiniszter\/\" target=\"_blank\" rel=\"noopener\">J\u00e1nos B\u00f3ka<\/a><\/strong> Sagte am <strong><a href=\"https:\/\/www.facebook.com\/BokaJanosMiniszter\/posts\/pfbid02qbew7VYY2Bu8ivh7LNq5MoJuK1q4FatWVkjTXFVzjThpkhoyuzAWADEQL5X8yfCcl\" target=\"_blank\" rel=\"noopener\">Facebook<\/a><\/strong>und f\u00fcgte hinzu, dass die Position Ungarns auf Prinzipien beruhte.<\/p>\n<p>Er sagte, die finanzielle Unterst\u00fctzung f\u00fcr die Ukraine m\u00fcsse au\u00dferhalb des EU-Haushalts mit Beitr\u00e4gen und \u201cklarer politischer Orientierung\u201d der Mitgliedstaaten erfolgen.<\/p>\n<p>\u201cDie dem ungarischen Volk geschuldeten Gelder und die Unterst\u00fctzung f\u00fcr die Ukraine in irgendeiner Weise zu verkn\u00fcpfen, ist ein Versuch, Ungarn zu erpressen, was die Regierung ablehnt\u201d, sagte B\u00f3ka.<\/p>\n<p>Der Minister sagte auch, er habe der Financial Times ein Interview gegeben, in dem er die Position der ungarischen Regierung zur Ukraine er\u00f6rterte.<\/p>\n<p><iframe loading=\"lazy\" style=\"border: none; overflow: hidden;\" src=\"https:\/\/www.facebook.com\/plugins\/post.php?href=https%3A%2F%2Fwww.facebook.com%2FBokaJanosMiniszter%2Fposts%2Fpfbid02qbew7VYY2Bu8ivh7LNq5MoJuK1q4FatWVkjTXFVzjThpkhoyuzAWADEQL5X8yfCcl&amp;show_text=true&amp;width=500\" width=\"500\" height=\"507\" frameborder=\"0\" scrolling=\"no\" allowfullscreen=\"allowfullscreen\"><\/iframe><\/p>\n<h2>Szijj\u00e1rt\u00f3: Keine Entscheidung \u00fcber EU-Beitrittsgespr\u00e4che mit der Ukraine auf der Ratssitzung f\u00fcr Allgemeine Angelegenheiten<\/h2>\n<p>Trotz des Drucks, der ausge\u00fcbt wurde, habe der Rat Allgemeine Angelegenheiten der Europ\u00e4ischen Union am Dienstag keinen Beschluss \u00fcber die Aufnahme der EU-Beitrittsgespr\u00e4che der Ukraine gefasst, Au\u00dfenminister <strong><a href=\"https:\/\/www.facebook.com\/szijjarto.peter.official\" target=\"_blank\" rel=\"noopener\">P\u00e9ter Szijj\u00e1rt\u00f3<\/a><\/strong> Br\u00fcssel gesagt.<\/p>\n<p>Auf einer Pressekonferenz nach der Ratssitzung sagte Szijj\u00e1rt\u00f3, die Gespr\u00e4che h\u00e4tten sich haupts\u00e4chlich auf das Erweiterungspaket der Europ\u00e4ischen Kommission konzentriert und f\u00fcgte hinzu, dass die meisten Mitgliedstaaten eine Entscheidung \u00fcber die Aufnahme von Gespr\u00e4chen \u00fcber den EU-Beitritt der Ukraine gew\u00fcnscht h\u00e4tten.<\/p>\n<p>Doch entgegen den urspr\u00fcnglichen Zielen und trotz des ausge\u00fcbten Drucks sei keine solche Entscheidung getroffen worden, da der Rat die Einsch\u00e4tzung der EG anerkenne, was bedeutet, dass die Entscheidung den Staats- und Regierungschefs der EU auf dem Gipfel dieser Woche vorgelegt werde, sagte Szijj\u00e1rt\u00f3 laut einem Ministerium Erkl\u00e4rung.<\/p>\n<p>Er stellte fest, dass die Haltung Ungarns in dieser Angelegenheit keine taktische sei, und argumentierte, dass es \u201ckeinen Raum f\u00fcr Verhandlungen\u201d gebe, weil die Regierung der Ansicht sei, die EU sei nicht bereit, einen \u201cgut strukturierten Beitrittsprozess zur Gew\u00e4hrleistung des gegenseitigen Nutzens\u201d mit der Ukraine einzuleiten.<\/p>\n<p>Der Minister sagte, es sei klar, dass die EG \u201ckeine Ahnung\u201d habe, wie sich die potenzielle Mitgliedschaft der Ukraine auf den Block und seine Mitgliedstaaten auswirken w\u00fcrde.<\/p>\n<p>Unterdessen sagte Szijj\u00e1rt\u00f3, Ungarn sei es gelungen, geplante Schritte gegen Serbien aus dem Paket zu streichen, au\u00dferdem das geplante Einfrieren von Gemeinschaftsmitteln f\u00fcr die autonome Serbische Republik Bosnien und Herzegowina und Schritte, die Beitrittsgespr\u00e4che mit Nordmazedonien unm\u00f6glich gemacht h\u00e4tten.<\/p>\n<p>\u201cIm Gegensatz zur europ\u00e4ischen oder globalen \u00f6ffentlichen Meinung sind die L\u00e4nder, die sich f\u00fcr die Erweiterung einsetzen, heute in der Europ\u00e4ischen Union tats\u00e4chlich in der Minderheit\u201d, sagte Szijj\u00e1rt\u00f3.<\/p>\n<p>Er beklagte, dass die EU seit zehn Jahren kein neues Mitglied aufgenommen habe, dass der Block seit sechs Jahren mit keinem der Kandidatenl\u00e4nder ein einziges Beitrittskapitel geschlossen habe und dass vor zwei Jahren zuletzt ein neues Kapitel aufgeschlagen worden sei.<\/p>\n<p>Nordmazedonien sei seit 2005 und Albanien seit 2014 ein Kandidatenland, echte Beitrittsgespr\u00e4che m\u00fcssten aber erst noch beginnen, sagte Szijj\u00e1rt\u00f3Montenegro, f\u00fcgte er hinzu, habe seit 2010 Kandidatenstatus, und es sei sechs Jahre her, dass ein Beitrittskapitel mit ihm geschlossen worden sei Er stellte au\u00dferdem fest, dass Serbien seit 2012 ein Kandidatenland sei, im Zusammenhang mit seiner Integration jedoch keine wirklichen Fortschritte erzielt worden seien.<\/p>\n<p>Szijj\u00e1rt\u00f3 sagte, diese Situation sei darauf zur\u00fcckzuf\u00fchren, dass es immer Mitgliedstaaten gegeben habe, die Einw\u00e4nde erhoben, den Prozess blockiert oder gegen Fortschritte beim Beitritt dieser L\u00e4nder gewesen seien.<\/p>\n<p>\u201cUnd interessanterweise wurden diese Mitgliedsstaaten \u201cnie von irgendjemandem beschuldigt, pro-Russland oder pro-Putin zu sein, niemand nannte sie Kreml-Propagandisten und niemand sagte, dass sie auf der falschen Seite der Geschichte landen w\u00fcrden\u201d, sagte Szijj\u00e1rt\u00f3.<\/p>\n<p>Er sagte, dass Ungarn ebenso wie diese Mitgliedstaaten das Recht h\u00e4tten, ihre Meinung zur Erweiterung zu \u00e4u\u00dfern, auch das Recht habe, im Zusammenhang mit der Ukraine einen sorgf\u00e4ltig durchdachten Ansatz unter Ber\u00fccksichtigung der Interessen der EU anzuwenden.<\/p>\n<p>Szijj\u00e1rt\u00f3 forderte den dringenden Abschluss der offenen Beitrittskapitel mit Montenegro, den Beginn des dritten Kapitels der Gespr\u00e4che mit Serbien und die Er\u00f6ffnung des eigentlichen Beitrittsprozesses mit Nordmazedonien und Albanien.<\/p>\n<p>Der Minister bekr\u00e4ftigte au\u00dferdem die Unterst\u00fctzung Ungarns f\u00fcr die EU-Integrationsbestrebungen Bosnien und Herzegowinas, Georgiens und Moldawiens.<\/p>\n<h2>Fidesz: Die europ\u00e4ischen Staats &#8211; und Regierungschefs sollten europ\u00e4ische Interessen vertreten<\/h2>\n<p>Es sei an der Zeit, dass europ\u00e4ische Staats- und Regierungschefs europ\u00e4ische Interessen anstelle anderer vertreten, sagte der Kommunikationsdirektor von Fidesz am Dienstag als Reaktion auf die j\u00fcngsten \u00c4u\u00dferungen des US-Au\u00dfenministers zum Krieg in der Ukraine.<\/p>\n<p>In einem Video am <strong><a href=\"https:\/\/www.facebook.com\/hollikistvan\/videos\/6963755883731395\/\" target=\"_blank\" rel=\"noopener\">Facebook<\/a><\/strong>, <strong><a href=\"https:\/\/www.facebook.com\/hollikistvan\/\" target=\"_blank\" rel=\"noopener\">Istv\u00e1n Hollik<\/a><\/strong> Einen Clip abgespielt, in dem Antony Blinken sagt, dass 90 Prozent der Sicherheitshilfe der Vereinigten Staaten in den USA ausgegeben worden seien, was es \u201czu einer Win-Win-Situation macht, die wir fortsetzen m\u00fcssen\u201d.<\/p>\n<p>Hollik sagte, es sei \u201cunsensibel\u201d von Blinken, \u00fcber den Krieg im Nachbarland Ungarn als \u201cWin-Win\u201d zu sprechen, wenn jeden Tag hundert Menschen in dem Konflikt starben. Er f\u00fcgte hinzu, dass Blinkens Aussage \u201cauch deutlich macht, dass die Fortsetzung des Krieges einfach im finanziellen Interesse Amerikas liegt\u201d.<\/p>\n<p>Unterdessen \u201cl\u00fcgt sich Europas F\u00fchrung tief\u201d und wiederholt die Argumente der Vereinigten Staaten, ohne die Meinung des Volkes einzuholen, und erzwingt Krieg statt Frieden, sagte Hollik.<\/p>\n<p>\u201cDeshalb braucht es in Br\u00fcssel einen Wandel\u201d, sagte er \u201cEs ist an der Zeit, dass die europ\u00e4ischen Staats &#8211; und Regierungschefs endlich europ\u00e4ische Interessen vertreten, und nicht die Interessen anderer\u201d<\/p>\n<p><strong>Lesen Sie auch:<\/strong><\/p>\n<ul>\n<li><a href=\"https:\/\/dailynewshungary.com\/de\/fidesz-opposition-links-dient-auslandischen-interessen-fur-dollar\/\">Fidesz: &#8216;Opposition links dient ausl\u00e4ndischen Interessen f\u00fcr Dollar&#8217;<\/a><\/li>\n<li><a href=\"https:\/\/dailynewshungary.com\/de\/premierminister-szijjarto-diskriminierung-des-westbalkans-inakzeptabel\/\">Premierminister Szijj\u00e1rt\u00f3: Diskriminierung des Westbalkans inakzeptabel<\/a><\/li>\n<\/ul>\n","protected":false},"excerpt":{"rendered":"<p>Ungarn werde seine Meinung im Zusammenhang mit der Aufnahme der Beitrittsgespr\u00e4che der Ukraine zur Europ\u00e4ischen Union und der finanziellen Unterst\u00fctzung des Landes nicht \u00e4ndern, sagte der EU-Minister am Dienstag. Ungarn ist fest davon \u00fcberzeugt, dass die Aufnahme von EU-Beitrittsgespr\u00e4chen verfr\u00fcht w\u00e4re J\u00e1nos B\u00f3ka Sagte am Facebookund f\u00fcgte hinzu, dass die Position Ungarns auf Prinzipien beruhte. [&hellip;]<\/p>\n","protected":false},"author":33,"featured_media":667735,"comment_status":"open","ping_status":"open","sticky":false,"template":"","format":"standard","meta":{"_acf_changed":false,"_display_image":"","footnotes":""},"categories":[1081],"tags":[1082,1092,1076],"class_list":["post-667734","post","type-post","status-publish","format-standard","has-post-thumbnail","hentry","category-politik","tag-europaische-union","tag-ukraine","tag-ungarn"],"blocksy_meta":[],"acf":[],"author_username":"ugyelet","telegram_post":"","public_post_metadata":{"breaking_news":"yes","important":"no","csempe":"no","center_tile":"no","disable_thumbnail":"no","target_lang":"","_featured_image_style":"","telegram_post":"","_xlat_group_id":""},"public_rank_math_data":{"title":"%title% %sep% %sitename%","description":"\"Ungarn wird seine Meinung im Zusammenhang mit der Aufnahme der Beitrittsgespr\u00e4che der Ukraine \u00fcber die Europ\u00e4ische Union und der finanziellen Unterst\u00fctzung des Landes nicht \u00e4ndern\"","focus_keyword":"Ungarn","canonical_url":"","robots":"","primary_category":"1081","breadcrumb_title":"","facebook_title":"","facebook_description":"","facebook_image":"","facebook_image_id":"","twitter_title":"","twitter_description":"","twitter_image":"","twitter_image_id":"","twitter_card_type":"","twitter_use_facebook":"","advanced_robots":"","pillar_content":"","seo_score":"72","contentai_score":"","rich_snippet":""},"_links":{"self":[{"href":"https:\/\/dailynewshungary.com\/de\/wp-json\/wp\/v2\/posts\/667734","targetHints":{"allow":["GET"]}}],"collection":[{"href":"https:\/\/dailynewshungary.com\/de\/wp-json\/wp\/v2\/posts"}],"about":[{"href":"https:\/\/dailynewshungary.com\/de\/wp-json\/wp\/v2\/types\/post"}],"author":[{"embeddable":true,"href":"https:\/\/dailynewshungary.com\/de\/wp-json\/wp\/v2\/users\/33"}],"replies":[{"embeddable":true,"href":"https:\/\/dailynewshungary.com\/de\/wp-json\/wp\/v2\/comments?post=667734"}],"version-history":[{"count":0,"href":"https:\/\/dailynewshungary.com\/de\/wp-json\/wp\/v2\/posts\/667734\/revisions"}],"wp:featuredmedia":[{"embeddable":true,"href":"https:\/\/dailynewshungary.com\/de\/wp-json\/wp\/v2\/media\/667735"}],"wp:attachment":[{"href":"https:\/\/dailynewshungary.com\/de\/wp-json\/wp\/v2\/media?parent=667734"}],"wp:term":[{"taxonomy":"category","embeddable":true,"href":"https:\/\/dailynewshungary.com\/de\/wp-json\/wp\/v2\/categories?post=667734"},{"taxonomy":"post_tag","embeddable":true,"href":"https:\/\/dailynewshungary.com\/de\/wp-json\/wp\/v2\/tags?post=667734"}],"curies":[{"name":"wp","href":"https:\/\/api.w.org\/{rel}","templated":true}]}}