{"id":668342,"date":"2023-11-26T07:34:08","date_gmt":"2023-11-26T06:34:08","guid":{"rendered":"https:\/\/dailynewshungary.com\/de\/minister-orban-hat-ungarns-militar-aus-dem-schlaf-geweckt-permanente-friedensillusion\/"},"modified":"2023-11-26T07:34:08","modified_gmt":"2023-11-26T06:34:08","slug":"minister-orban-hat-ungarns-militar-aus-dem-schlaf-geweckt-permanente-friedensillusion","status":"publish","type":"post","link":"https:\/\/dailynewshungary.com\/de\/minister-orban-hat-ungarns-militar-aus-dem-schlaf-geweckt-permanente-friedensillusion\/","title":{"rendered":"Minister: Orb\u00e1n hat Ungarns Milit\u00e4r aus dem Schlaf geweckt, permanente Friedensillusion"},"content":{"rendered":"<p><strong>Dauerhafter Frieden in der Welt ohne Konflikte sei nur eine Illusion, und Verteidigung sei eine hervorgehobene nationale Angelegenheit, sagte Verteidigungsminister Krist\u00f3f Szalay-Bobrovniczky am Samstag online in Vil\u00e1ggazdas\u00e1g.<\/strong><\/p>\n<p>Ungarn habe die NATO-Anforderung erf\u00fcllt, dass die Verteidigungsausgaben ein Jahr vor Ablauf der Frist, in diesem Jahr, 2 Prozent des BIP erreichen m\u00fcssten, sagte er.<\/p>\n<p>Die ungarische Regierung stelle trotz externer wirtschaftlicher Herausforderungen die notwendigen Quellen f\u00fcr die umfassende Modernisierung der Armee bereit, f\u00fcgte er hinzu.<\/p>\n<p>Szalay-Bobrovniczky sagte, er wolle, dass Ungarn bis zum Jahr 2030 \u00fcber ein gut vorbereitetes und engagiertes Milit\u00e4r verf\u00fcgt, das mit High-Tech-Verteidigungstechnologie ausgestattet ist. Dar\u00fcber hinaus sagte er, er wolle, dass Ungarn ein wichtiger Akteur in der Verteidigungsindustrie in der Region werde.<\/p>\n<p>Die ungarische Regierung behalte ihre feste Position zum Russland-Ukraine-Krieg bei, n\u00e4mlich dass nur ein sofortiger Waffenstillstand und Friedensgespr\u00e4che eine L\u00f6sung bringen k\u00f6nnten, sagte er.<\/p>\n<p>Er beschrieb die j\u00fcngsten Angriffe in Israel als \u201ebarbarische Tierlichkeit gegen unsere Zivilisation\u201cund f\u00fcgte hinzu, dass Ungarn das Recht Israels auf Selbstverteidigung unterst\u00fctze.<\/p>\n<p>Das Wiederaufleben des israelisch-pal\u00e4stinensischen Konflikts unterstreicht auch die Tatsache, dass kein Friedensabkommen mit Terroristen unterzeichnet werden kann und die Kombination aus unkontrollierter Massenmigration und Terrorismus zu einer zunehmenden Bedrohung f\u00fchrt.<\/p>\n<p>Er f\u00fcgte hinzu, dass Ungarn dank der Ma\u00dfnahmen, die Ungarn nach der Migrationskrise 2015 rechtzeitig eingef\u00fchrt habe, in mehr Sicherheit leben als die B\u00fcrger anderer westlicher L\u00e4nder.<\/p>\n<p>Die j\u00fcngste Milit\u00e4r\u00fcbung namens Adaptive Hussars 23 mit 4.500 Soldaten, 200 technischen Ausr\u00fcstungsgegenst\u00e4nden und multinationalen NATO-Truppen habe dies weiter verst\u00e4rkt, f\u00fcgte er hinzu.<\/p>\n<p>Er best\u00e4tigte, dass Ungarn die NATO-Mitgliedschaft Schwedens unterst\u00fctze und sagte, es h\u00e4nge nur von den Gesetzgebern im Parlament ab, wann eine Entscheidung getroffen werde.<\/p>\n<p><strong>Lesen Sie auch:<\/strong><\/p>\n<ul>\n<li>Ungarischer Wizz Air Pilot ist unter verd\u00e4chtigen Umst\u00e4nden in Schweden abgest\u00fcrzt \u2013 Lesen Sie mehr <a href=\"https:\/\/dailynewshungary.com\/de\/ungarischer-wizz-air-pilot-ist-unter-verdachtigen-umstanden-in-schweden-abgesturzt\/\"><strong>HIER<\/strong><\/a><\/li>\n<li>VIDEO: NATO-Kampfgruppe in Ungarn w\u00e4hrend der \u00dcbung getestet. \u2013 Details in <a href=\"https:\/\/dailynewshungary.com\/de\/video-nato-kampfgruppe-in-ungarn-wahrend-der-ubung-getestet\/\"><strong>DIESES<\/strong> <\/a>Artikel<\/li>\n<\/ul>\n","protected":false},"excerpt":{"rendered":"<p>Dauerhafter Frieden in der Welt ohne Konflikte sei nur eine Illusion, und Verteidigung sei eine hervorgehobene nationale Angelegenheit, sagte Verteidigungsminister Krist\u00f3f Szalay-Bobrovniczky am Samstag online in Vil\u00e1ggazdas\u00e1g. Ungarn habe die NATO-Anforderung erf\u00fcllt, dass die Verteidigungsausgaben ein Jahr vor Ablauf der Frist, in diesem Jahr, 2 Prozent des BIP erreichen m\u00fcssten, sagte er. Die ungarische Regierung [&hellip;]<\/p>\n","protected":false},"author":50,"featured_media":668343,"comment_status":"open","ping_status":"open","sticky":false,"template":"","format":"standard","meta":{"_acf_changed":false,"_display_image":"yes","footnotes":""},"categories":[1081],"tags":[1203,1204],"class_list":["post-668342","post","type-post","status-publish","format-standard","has-post-thumbnail","hentry","category-politik","tag-armee","tag-militar"],"blocksy_meta":[],"acf":[],"author_username":"dnh","telegram_post":"","public_post_metadata":{"breaking_news":"yes","important":"no","csempe":"no","center_tile":"no","disable_thumbnail":"no","target_lang":"","_featured_image_style":"hidden","telegram_post":"","_xlat_group_id":""},"public_rank_math_data":{"title":"%title% %sep% %sitename%","description":"Dauerhafter Frieden in der Welt ohne Konflikte ist nur eine Illusion, und Verteidigung ist eine hervorgehobene nationale Angelegenheit","focus_keyword":"Frieden","canonical_url":"","robots":"","primary_category":"1081","breadcrumb_title":"","facebook_title":"","facebook_description":"","facebook_image":"","facebook_image_id":"","twitter_title":"","twitter_description":"","twitter_image":"","twitter_image_id":"","twitter_card_type":"","twitter_use_facebook":"","advanced_robots":"","pillar_content":"","seo_score":"59","contentai_score":"","rich_snippet":""},"_links":{"self":[{"href":"https:\/\/dailynewshungary.com\/de\/wp-json\/wp\/v2\/posts\/668342","targetHints":{"allow":["GET"]}}],"collection":[{"href":"https:\/\/dailynewshungary.com\/de\/wp-json\/wp\/v2\/posts"}],"about":[{"href":"https:\/\/dailynewshungary.com\/de\/wp-json\/wp\/v2\/types\/post"}],"author":[{"embeddable":true,"href":"https:\/\/dailynewshungary.com\/de\/wp-json\/wp\/v2\/users\/50"}],"replies":[{"embeddable":true,"href":"https:\/\/dailynewshungary.com\/de\/wp-json\/wp\/v2\/comments?post=668342"}],"version-history":[{"count":0,"href":"https:\/\/dailynewshungary.com\/de\/wp-json\/wp\/v2\/posts\/668342\/revisions"}],"wp:featuredmedia":[{"embeddable":true,"href":"https:\/\/dailynewshungary.com\/de\/wp-json\/wp\/v2\/media\/668343"}],"wp:attachment":[{"href":"https:\/\/dailynewshungary.com\/de\/wp-json\/wp\/v2\/media?parent=668342"}],"wp:term":[{"taxonomy":"category","embeddable":true,"href":"https:\/\/dailynewshungary.com\/de\/wp-json\/wp\/v2\/categories?post=668342"},{"taxonomy":"post_tag","embeddable":true,"href":"https:\/\/dailynewshungary.com\/de\/wp-json\/wp\/v2\/tags?post=668342"}],"curies":[{"name":"wp","href":"https:\/\/api.w.org\/{rel}","templated":true}]}}