{"id":668500,"date":"2023-11-22T07:34:21","date_gmt":"2023-11-22T06:34:21","guid":{"rendered":"https:\/\/dailynewshungary.com\/de\/ungarische-abgeordnete-sprechen-ep-debatte-uber-anderungsvorschlage-zu-eu-vertragen\/"},"modified":"2023-11-22T07:34:21","modified_gmt":"2023-11-22T06:34:21","slug":"ungarische-abgeordnete-sprechen-ep-debatte-uber-anderungsvorschlage-zu-eu-vertragen","status":"publish","type":"post","link":"https:\/\/dailynewshungary.com\/de\/ungarische-abgeordnete-sprechen-ep-debatte-uber-anderungsvorschlage-zu-eu-vertragen\/","title":{"rendered":"Ungarische Abgeordnete sprechen EP-Debatte \u00fcber \u00c4nderungsvorschl\u00e4ge zu EU-Vertr\u00e4gen"},"content":{"rendered":"<div class=\"titleNews\">\n<p><strong>L\u00e1szl\u00f3 Tr\u00f3cs\u00e1nyi, ein Europaabgeordneter des regierenden Fidesz, sprach sich am Dienstag in Stra\u00dfburg gegen eine \u201eReduzierung der Befugnisse kleiner und mittlerer Mitgliedstaaten\u201caus, w\u00e4hrend die oppositionelle Europaabgeordnete Katalin Cseh \u00c4nderungen an EU-Vertr\u00e4gen unterst\u00fctzte, um eine schnellere Entscheidungsfindung zu erm\u00f6glichen.<\/strong><\/p>\n<p>Die beiden ungarischen Abgeordneten sprachen auf einer Debatte im Plenum des Europ\u00e4ischen Parlaments \u00fcber Vorschl\u00e4ge zur \u00c4nderung der EU-Vertr\u00e4ge.<\/p>\n<p>Maros Sefcovic, EG-Vizepr\u00e4sident f\u00fcr Interinstitutionelle Beziehungen, hob bei der Aussprache die weitere Erweiterung als n\u00e4chste gro\u00dfe politische Priorit\u00e4t f\u00fcr die Europ\u00e4ische Union hervor und forderte eine Bewertung der Reformen, die erforderlich sind, damit sich die EU auf die n\u00e4chste Erweiterungsrunde vorbereiten kann.<\/p>\n<p>In seiner Ansprache sagte Tr\u00f3cs\u00e1nyi, dass die meisten Vorschl\u00e4ge \u201edie Befugnisse der europ\u00e4ischen Institutionen, vor allem die des Europ\u00e4ischen Parlaments, erweitern und gleichzeitig die Befugnisse der kleinen und mittleren Mitgliedstaaten einschr\u00e4nken w\u00fcrden\u201cEr sagte, Ungarns feste Position sei, dass die europ\u00e4ische Integration nur dann erfolgreich sein k\u00f6nne, wenn der Block \u201emit der Genehmigung und Kontrolle\u201d aller Mitgliedstaaten handele und \u201enicht umgekehrt\u201d.<\/p>\n<p>\u201cDie B\u00fcrger der Mitgliedstaaten wollen starke Staaten und ein starkes Europa Durch die Reduzierung der Befugnisse der Mitgliedstaaten werden wir letztlich auch Europa schw\u00e4chen\u201d, sagten Fidesz-Europaabgeordneter und Tr\u00f3cs\u00e1nyi.<\/p>\n<p>Katalin Cseh, Europaabgeordnete f\u00fcr <a href=\"https:\/\/momentum.hu\/\" target=\"_blank\" rel=\"noopener\">Momentum<\/a>, forderte Ma\u00dfnahmen auf Gemeindeebene zur Bew\u00e4ltigung aktueller Herausforderungen.<\/p>\n<p>Sie bef\u00fcrwortete eine \u00c4nderung der einschl\u00e4gigen Bestimmungen in EU-Vertr\u00e4gen und sagte, dass dies es der Gemeinschaft erm\u00f6glichen w\u00fcrde, Entscheidungen schneller und mit ausreichender Finanzierung aus eigenen Einnahmen zu treffen und als geeinter Block in Klimafragen zu agieren.<\/p>\n<p>\u201cDie rechtsextreme Verfechterin der nationalen Souver\u00e4nit\u00e4t will ein schwaches Europa, in dem die B\u00fcrger kein Mitspracherecht bei der Entscheidungsfindung habenWir wollen kein solches Europa\u201d, sagte Cseh.<\/p>\n<p><iframe loading=\"lazy\" style=\"border: none; overflow: hidden;\" src=\"https:\/\/www.facebook.com\/plugins\/video.php?height=314&amp;href=https%3A%2F%2Fwww.facebook.com%2Fcsehkatalin.momentum%2Fvideos%2F855409279398025%2F&amp;show_text=false&amp;width=560&amp;t=0\" width=\"560\" height=\"314\" frameborder=\"0\" scrolling=\"no\" allowfullscreen=\"allowfullscreen\"><\/iframe><\/p>\n<p>Wie wir bereits geschrieben haben, haben sich die gr\u00f6\u00dften ungarischen linken Oppositionsparteien gegeneinander gewandt: &#8216;Kultur der L\u00fcgen&#8217;, <a href=\"https:\/\/dailynewshungary.com\/de\/groste-ungarische-linke-oppositionsparteien-wandten-sich-gegeneinander-kultur-der-lugen\/\">Details HIER<\/a>.<\/p>\n<\/div>\n","protected":false},"excerpt":{"rendered":"<p>L\u00e1szl\u00f3 Tr\u00f3cs\u00e1nyi, ein Europaabgeordneter des regierenden Fidesz, sprach sich am Dienstag in Stra\u00dfburg gegen eine \u201eReduzierung der Befugnisse kleiner und mittlerer Mitgliedstaaten\u201caus, w\u00e4hrend die oppositionelle Europaabgeordnete Katalin Cseh \u00c4nderungen an EU-Vertr\u00e4gen unterst\u00fctzte, um eine schnellere Entscheidungsfindung zu erm\u00f6glichen. Die beiden ungarischen Abgeordneten sprachen auf einer Debatte im Plenum des Europ\u00e4ischen Parlaments \u00fcber Vorschl\u00e4ge zur \u00c4nderung [&hellip;]<\/p>\n","protected":false},"author":2,"featured_media":668501,"comment_status":"open","ping_status":"open","sticky":false,"template":"","format":"standard","meta":{"_acf_changed":false,"_display_image":"yes","footnotes":""},"categories":[1081],"tags":[1082,1091,1510,1076],"class_list":["post-668500","post","type-post","status-publish","format-standard","has-post-thumbnail","hentry","category-politik","tag-europaische-union","tag-fidesz","tag-impulsbewegung","tag-ungarn"],"blocksy_meta":[],"acf":[],"author_username":"alk","telegram_post":"","public_post_metadata":{"breaking_news":"yes","important":"no","csempe":"no","center_tile":"no","disable_thumbnail":"no","target_lang":"","_featured_image_style":"hidden","telegram_post":"","_xlat_group_id":""},"public_rank_math_data":{"title":"%title% %sep% %sitename%","description":"Zwei ungarische Abgeordnete sprachen auf einer Debatte im Plenum des EP \u00fcber Vorschl\u00e4ge zur \u00c4nderung der EU-Vertr\u00e4ge","focus_keyword":"EU-vertr\u00e4ge","canonical_url":"","robots":"","primary_category":"1081","breadcrumb_title":"","facebook_title":"","facebook_description":"","facebook_image":"","facebook_image_id":"","twitter_title":"","twitter_description":"","twitter_image":"","twitter_image_id":"","twitter_card_type":"","twitter_use_facebook":"","advanced_robots":"","pillar_content":"","seo_score":"65","contentai_score":"","rich_snippet":""},"_links":{"self":[{"href":"https:\/\/dailynewshungary.com\/de\/wp-json\/wp\/v2\/posts\/668500","targetHints":{"allow":["GET"]}}],"collection":[{"href":"https:\/\/dailynewshungary.com\/de\/wp-json\/wp\/v2\/posts"}],"about":[{"href":"https:\/\/dailynewshungary.com\/de\/wp-json\/wp\/v2\/types\/post"}],"author":[{"embeddable":true,"href":"https:\/\/dailynewshungary.com\/de\/wp-json\/wp\/v2\/users\/2"}],"replies":[{"embeddable":true,"href":"https:\/\/dailynewshungary.com\/de\/wp-json\/wp\/v2\/comments?post=668500"}],"version-history":[{"count":0,"href":"https:\/\/dailynewshungary.com\/de\/wp-json\/wp\/v2\/posts\/668500\/revisions"}],"wp:featuredmedia":[{"embeddable":true,"href":"https:\/\/dailynewshungary.com\/de\/wp-json\/wp\/v2\/media\/668501"}],"wp:attachment":[{"href":"https:\/\/dailynewshungary.com\/de\/wp-json\/wp\/v2\/media?parent=668500"}],"wp:term":[{"taxonomy":"category","embeddable":true,"href":"https:\/\/dailynewshungary.com\/de\/wp-json\/wp\/v2\/categories?post=668500"},{"taxonomy":"post_tag","embeddable":true,"href":"https:\/\/dailynewshungary.com\/de\/wp-json\/wp\/v2\/tags?post=668500"}],"curies":[{"name":"wp","href":"https:\/\/api.w.org\/{rel}","templated":true}]}}