{"id":668642,"date":"2023-11-18T07:34:43","date_gmt":"2023-11-18T06:34:43","guid":{"rendered":"https:\/\/dailynewshungary.com\/de\/ungarischer-minister-eu-regeln-sollten-auch-fur-institutionen-gelten\/"},"modified":"2023-11-18T07:34:43","modified_gmt":"2023-11-18T06:34:43","slug":"ungarischer-minister-eu-regeln-sollten-auch-fur-institutionen-gelten","status":"publish","type":"post","link":"https:\/\/dailynewshungary.com\/de\/ungarischer-minister-eu-regeln-sollten-auch-fur-institutionen-gelten\/","title":{"rendered":"Ungarischer Minister: EU-Regeln sollten auch f\u00fcr Institutionen gelten"},"content":{"rendered":"<p><strong>Die ungarische Regierung akzeptiere die Grundregeln der europ\u00e4ischen Gemeinschaft, erwarte aber, dass sich auch die (EU-)Institutionen daran halten, sagte J\u00e1nos B\u00f3ka, EU-Aff\u00e4renminister am Freitag auf einer Konferenz in Budapest.<\/strong><\/p>\n<p>Der Minister er\u00f6ffnete die von der Habsburger Otto Foundation und der National Public Service University organisierte Konferenz mit dem Titel \u201eVon der gesamteurop\u00e4ischen Idee zum Vertrag von Maastricht\u201cund sagte, Ungarn wolle \u201eaktiv bleiben\u201d bei der Formulierung der Regeln der EU.<\/p>\n<p><strong><a href=\"https:\/\/www.facebook.com\/BokaJanosMiniszter\/\" target=\"_blank\" rel=\"noopener\">B\u00f3ka<\/a> <\/strong>Geschichte der europ\u00e4ischen Integration Revue passieren lassen und Otto von Habsburg, als \u201ceinem der Gr\u00fcnderv\u00e4ter eines vereinten Europas\u201d, Tribut zollen, er merkte die Bedeutung der Subsidiarit\u00e4t an und sagte, \u201cEntscheidungen sollten auf der Ebene getroffen werden, die den Menschen am n\u00e4chsten steht\u201d, und f\u00fcgte hinzu, dass \u201ceurop\u00e4ische Gesetze sinnlos sind, wenn sie nicht auf lokaler Ebene unterst\u00fctzt werden\u201d \u201cHeute verursacht sie h\u00e4ufig Reibungen, da die EU-Institutionen fast immer das Bed\u00fcrfnis versp\u00fcren, einzugreifen, w\u00e4hrend die Regierungen der Mitgliedstaaten eine solche Notwendigkeit viel seltener sehen\u201d.<\/p>\n<p>\u201eEine Struktur sollte nicht so aufgebaut werden, dass man mit dem Dach beginnt, wie es die europ\u00e4ischen B\u00fcrokraten bevorzugen.\u201csondern umgekehrt, von den Fundamenten bis zur Spitze; Dies ist der beste Weg, um auch in einer gr\u00f6\u00dferen Einheit die Freiheit des Einzelnen zu gew\u00e4hrleisten.\u201d, sagte der Minister.<\/p>\n<p><strong>Lesen Sie auch:<\/strong><\/p>\n<ul>\n<li><a href=\"https:\/\/dailynewshungary.com\/de\/ungarn-serbien-und-nordmazedonien-treten-gegen-bulgarien-an\/\">Ungarn, Serbien und Nordmazedonien treten gegen Bulgarien an<\/a><\/li>\n<\/ul>\n","protected":false},"excerpt":{"rendered":"<p>Die ungarische Regierung akzeptiere die Grundregeln der europ\u00e4ischen Gemeinschaft, erwarte aber, dass sich auch die (EU-)Institutionen daran halten, sagte J\u00e1nos B\u00f3ka, EU-Aff\u00e4renminister am Freitag auf einer Konferenz in Budapest. Der Minister er\u00f6ffnete die von der Habsburger Otto Foundation und der National Public Service University organisierte Konferenz mit dem Titel \u201eVon der gesamteurop\u00e4ischen Idee zum Vertrag [&hellip;]<\/p>\n","protected":false},"author":33,"featured_media":668643,"comment_status":"open","ping_status":"open","sticky":false,"template":"","format":"standard","meta":{"_acf_changed":false,"_display_image":"","footnotes":""},"categories":[1081],"tags":[1082,1076],"class_list":["post-668642","post","type-post","status-publish","format-standard","has-post-thumbnail","hentry","category-politik","tag-europaische-union","tag-ungarn"],"blocksy_meta":[],"acf":[],"author_username":"ugyelet","telegram_post":"","public_post_metadata":{"breaking_news":"yes","important":"no","csempe":"no","center_tile":"no","disable_thumbnail":"no","target_lang":"","_featured_image_style":"","telegram_post":"","_xlat_group_id":""},"public_rank_math_data":{"title":"%title% %sep% %sitename%","description":"\"Die ungarische Regierung akzeptiert die grundlegenden Regeln der europ\u00e4ischen Gemeinschaft, erwartet aber von ihren Institutionen, dass sie sich auch daran halten\"","focus_keyword":"Ungarisch","canonical_url":"","robots":"","primary_category":"1081","breadcrumb_title":"","facebook_title":"","facebook_description":"","facebook_image":"","facebook_image_id":"","twitter_title":"","twitter_description":"","twitter_image":"","twitter_image_id":"","twitter_card_type":"","twitter_use_facebook":"","advanced_robots":"","pillar_content":"","seo_score":"62","contentai_score":"","rich_snippet":""},"_links":{"self":[{"href":"https:\/\/dailynewshungary.com\/de\/wp-json\/wp\/v2\/posts\/668642","targetHints":{"allow":["GET"]}}],"collection":[{"href":"https:\/\/dailynewshungary.com\/de\/wp-json\/wp\/v2\/posts"}],"about":[{"href":"https:\/\/dailynewshungary.com\/de\/wp-json\/wp\/v2\/types\/post"}],"author":[{"embeddable":true,"href":"https:\/\/dailynewshungary.com\/de\/wp-json\/wp\/v2\/users\/33"}],"replies":[{"embeddable":true,"href":"https:\/\/dailynewshungary.com\/de\/wp-json\/wp\/v2\/comments?post=668642"}],"version-history":[{"count":0,"href":"https:\/\/dailynewshungary.com\/de\/wp-json\/wp\/v2\/posts\/668642\/revisions"}],"wp:featuredmedia":[{"embeddable":true,"href":"https:\/\/dailynewshungary.com\/de\/wp-json\/wp\/v2\/media\/668643"}],"wp:attachment":[{"href":"https:\/\/dailynewshungary.com\/de\/wp-json\/wp\/v2\/media?parent=668642"}],"wp:term":[{"taxonomy":"category","embeddable":true,"href":"https:\/\/dailynewshungary.com\/de\/wp-json\/wp\/v2\/categories?post=668642"},{"taxonomy":"post_tag","embeddable":true,"href":"https:\/\/dailynewshungary.com\/de\/wp-json\/wp\/v2\/tags?post=668642"}],"curies":[{"name":"wp","href":"https:\/\/api.w.org\/{rel}","templated":true}]}}