{"id":668759,"date":"2023-11-14T21:44:36","date_gmt":"2023-11-14T20:44:36","guid":{"rendered":"https:\/\/dailynewshungary.com\/de\/fidesz-die-brusseler-rachepolitik-macht-ungarn-lacherlich\/"},"modified":"2023-11-14T21:44:36","modified_gmt":"2023-11-14T20:44:36","slug":"fidesz-die-brusseler-rachepolitik-macht-ungarn-lacherlich","status":"publish","type":"post","link":"https:\/\/dailynewshungary.com\/de\/fidesz-die-brusseler-rachepolitik-macht-ungarn-lacherlich\/","title":{"rendered":"Fidesz: Die Br\u00fcsseler Rachepolitik macht Ungarn l\u00e4cherlich"},"content":{"rendered":"<p><strong>\u201cBr\u00fcssels Rachepolitik\u201d mache Ungarn und das gesamte institutionelle System der Europ\u00e4ischen Union l\u00e4cherlich, sagte Bal\u00e1zs Hidv\u00e9ghi, ein Europaabgeordneter des regierenden Fidesz, am Dienstag in einem Video auf Facebook.<\/strong><\/p>\n<p>Hidv\u00e9ghi reagierte auf Kommentare der italienischen sozialdemokratischen Europaabgeordneten Elisabetta Gualmini, die seiner Meinung nach k\u00fcrzlich dazu aufgerufen hatte <strong><a href=\"https:\/\/www.europarl.europa.eu\/portal\/en\" target=\"_blank\" rel=\"noopener\">Europ\u00e4isches Parlament<\/a><\/strong> Weiterhin Druck auf die <strong><a href=\"https:\/\/commission.europa.eu\/index_en\" target=\"_blank\" rel=\"noopener\">Europ\u00e4ische Kommission<\/a><\/strong> Ungarn keine Mittel zu gew\u00e4hren.<\/p>\n<p>\u201cSie versuchen nicht einmal mehr, ihre politische Erpressung zu verbergen\u201d <strong><a href=\"https:\/\/www.facebook.com\/hidveghibalazs\/?locale=hu_HU\" target=\"_blank\" rel=\"noopener\">Hidv\u00e9ghi<\/a> <\/strong>Sagte. Er sagte, es sei \u201cv\u00f6llig klar, dass Fakten und das Gesetz nichts mehr bedeuten\u201d, was linke Europaabgeordnete.<\/p>\n<p>\u201cDas ist eine eklatante, zynische politische Erpressung\u201d, sagte er und f\u00fcgte hinzu, dass ihr einziges Ziel darin bestehe, Ungarn f\u00fcr seine politische Haltung zu Krieg, Migration und Kinderschutz zu \u201cbestrafen\u201d und das ungarische Volk daran zu hindern, Zugang zu EU-Mitteln zu erhalten, auf die es Anspruch habe.<\/p>\n<p>Hidv\u00e9ghi zitierte Gualmini auch mit den Worten, dass sie die Debatte \u00fcber die Lage der Rechtsstaatlichkeit in Ungarn zwar von der Tagesordnung gestrichen h\u00e4tten, sie aber sp\u00e4ter in diesem Monat darauf zur\u00fcckkommen w\u00fcrden. Er sagte, dies sei eine Hinhaltetaktik seitens linker Europaabgeordneter, weiterhin Druck auf Ungarn auszu\u00fcben.<\/p>\n<p>\u201cDas ist emp\u00f6rend und inakzeptabel\u201d, sagte er \u201cF\u00fcr eine solche politische Erpressung ist in der europ\u00e4ischen Politik, die in Br\u00fcssel ge\u00e4ndert werden muss, kein Platz, und diese Ver\u00e4nderung kann bei den EP-Wahlen im n\u00e4chsten Jahr herbeigef\u00fchrt werden\u201d<\/p>\n<p><strong>Lesen Sie auch:<\/strong><\/p>\n<ul>\n<li><a href=\"https:\/\/dailynewshungary.com\/de\/rezession-in-ungarn-neue-bip-daten-raus\/\">Rezession in Ungarn? Neue BIP-Daten raus<\/a><\/li>\n<li><a href=\"https:\/\/dailynewshungary.com\/de\/was-machen-ungarische-spione-in-bratislava\/\">Was machen ungarische Spione in Bratislava?<\/a><\/li>\n<\/ul>\n","protected":false},"excerpt":{"rendered":"<p>\u201cBr\u00fcssels Rachepolitik\u201d mache Ungarn und das gesamte institutionelle System der Europ\u00e4ischen Union l\u00e4cherlich, sagte Bal\u00e1zs Hidv\u00e9ghi, ein Europaabgeordneter des regierenden Fidesz, am Dienstag in einem Video auf Facebook. Hidv\u00e9ghi reagierte auf Kommentare der italienischen sozialdemokratischen Europaabgeordneten Elisabetta Gualmini, die seiner Meinung nach k\u00fcrzlich dazu aufgerufen hatte Europ\u00e4isches Parlament Weiterhin Druck auf die Europ\u00e4ische Kommission Ungarn [&hellip;]<\/p>\n","protected":false},"author":33,"featured_media":668760,"comment_status":"open","ping_status":"open","sticky":false,"template":"","format":"standard","meta":{"_acf_changed":false,"_display_image":"yes","footnotes":""},"categories":[1081],"tags":[1426,1082,1076],"class_list":["post-668759","post","type-post","status-publish","format-standard","has-post-thumbnail","hentry","category-politik","tag-europaische-kommission","tag-europaische-union","tag-ungarn"],"blocksy_meta":[],"acf":[],"author_username":"ugyelet","telegram_post":"","public_post_metadata":{"breaking_news":"yes","important":"no","csempe":"no","center_tile":"no","disable_thumbnail":"no","target_lang":"","_featured_image_style":"hidden","telegram_post":"","_xlat_group_id":""},"public_rank_math_data":{"title":"%title% %sep% %sitename%","description":"\"Br\u00fcssels Rachepolitik\" mache Ungarn und das gesamte institutionelle System der Europ\u00e4ischen Union l\u00e4cherlich, sagte Bal\u00e1zs Hidv\u00e9ghi.","focus_keyword":"Ungarn","canonical_url":"","robots":"","primary_category":"1081","breadcrumb_title":"","facebook_title":"","facebook_description":"","facebook_image":"","facebook_image_id":"","twitter_title":"","twitter_description":"","twitter_image":"","twitter_image_id":"","twitter_card_type":"","twitter_use_facebook":"","advanced_robots":"","pillar_content":"","seo_score":"66","contentai_score":"","rich_snippet":""},"_links":{"self":[{"href":"https:\/\/dailynewshungary.com\/de\/wp-json\/wp\/v2\/posts\/668759","targetHints":{"allow":["GET"]}}],"collection":[{"href":"https:\/\/dailynewshungary.com\/de\/wp-json\/wp\/v2\/posts"}],"about":[{"href":"https:\/\/dailynewshungary.com\/de\/wp-json\/wp\/v2\/types\/post"}],"author":[{"embeddable":true,"href":"https:\/\/dailynewshungary.com\/de\/wp-json\/wp\/v2\/users\/33"}],"replies":[{"embeddable":true,"href":"https:\/\/dailynewshungary.com\/de\/wp-json\/wp\/v2\/comments?post=668759"}],"version-history":[{"count":0,"href":"https:\/\/dailynewshungary.com\/de\/wp-json\/wp\/v2\/posts\/668759\/revisions"}],"wp:featuredmedia":[{"embeddable":true,"href":"https:\/\/dailynewshungary.com\/de\/wp-json\/wp\/v2\/media\/668760"}],"wp:attachment":[{"href":"https:\/\/dailynewshungary.com\/de\/wp-json\/wp\/v2\/media?parent=668759"}],"wp:term":[{"taxonomy":"category","embeddable":true,"href":"https:\/\/dailynewshungary.com\/de\/wp-json\/wp\/v2\/categories?post=668759"},{"taxonomy":"post_tag","embeddable":true,"href":"https:\/\/dailynewshungary.com\/de\/wp-json\/wp\/v2\/tags?post=668759"}],"curies":[{"name":"wp","href":"https:\/\/api.w.org\/{rel}","templated":true}]}}